{"id":15102,"date":"2017-06-23T15:21:04","date_gmt":"2017-06-23T13:21:04","guid":{"rendered":"https:\/\/www.anicecommunication.com\/it\/?p=15102"},"modified":"2021-06-15T18:37:17","modified_gmt":"2021-06-15T16:37:17","slug":"contenuti-video","status":"publish","type":"post","link":"https:\/\/www.anicecommunication.com\/it\/contenuti-video\/","title":{"rendered":"Verticale \u00e8 bello"},"content":{"rendered":"<p><a href=\"\/wp-content\/uploads\/sites\/3\/2017\/06\/vertical2.jpg\"><img decoding=\"async\" class=\"alignleft wp-image-15103\" src=\"\/wp-content\/uploads\/sites\/3\/2017\/06\/vertical2.jpg\" alt=\"\" width=\"384\" height=\"642\" srcset=\"https:\/\/www.anicecommunication.com\/it\/wp-content\/uploads\/sites\/3\/2017\/06\/vertical2-179x300.jpg 179w, https:\/\/www.anicecommunication.com\/it\/wp-content\/uploads\/sites\/3\/2017\/06\/vertical2-200x334.jpg 200w, https:\/\/www.anicecommunication.com\/it\/wp-content\/uploads\/sites\/3\/2017\/06\/vertical2-400x669.jpg 400w, https:\/\/www.anicecommunication.com\/it\/wp-content\/uploads\/sites\/3\/2017\/06\/vertical2-600x1003.jpg 600w, https:\/\/www.anicecommunication.com\/it\/wp-content\/uploads\/sites\/3\/2017\/06\/vertical2-612x1024.jpg 612w, https:\/\/www.anicecommunication.com\/it\/wp-content\/uploads\/sites\/3\/2017\/06\/vertical2.jpg 646w\" sizes=\"(max-width: 384px) 100vw, 384px\" \/><\/a>La prima domanda che vi facciamo \u00e8: da quale device state leggendo questo articolo?<!--more--> Non \u00e8 pi\u00f9 infatti un mistero che <strong>la fruizione di contenuti video, foto e informativi sia sempre pi\u00f9 frequente dai telefoni cellulari<\/strong> a cui, solo in seconda battuta, seguono i tablet e, in coda, i tradizionali pc, siano essi portatili o fissi.<\/p>\n<p>Questa diversa predominanza di device utilizzato rispetto al passato, complice una tecnologia sempre pi\u00f9 sofisticata e il desiderio dell&#8217;utente di essere costantemente connesso con il web, ha determinato non pochi cambiamenti nella creazione sia dei contenuti sia delle immagini e dei video. Il verticale \u00e8 diventato il formato pi\u00f9 di tendenza.<\/p>\n<p>L&#8217;effetto &#8220;scroll infinito&#8221; \u00e8 stata la prima avvisaglia di questa vittoria del verticale sull&#8217;orizzontale. Ormai tutti i siti, <a href=\"\/web-social\/\" target=\"_blank\" rel=\"noopener\">noi di Anice lo sappiamo molto bene<\/a>, devono necessariamente essere <strong>&#8220;responsive&#8221;<\/strong>, cio\u00e8 in grado di adattare la visualizzazione al device scelto dall&#8217;utente e la <strong>grafica a scrollo<\/strong>, fondamentale nella consultazione da telefono mobile, ha ormai preso il sopravvento nel <a href=\"\/anice-experience\/nericata-web-site\/\" target=\"_blank\" rel=\"noopener\">web design<\/a>.<\/p>\n<p>Non \u00e8 certo pensabile che in questo contesto le immagini, ma soprattutto i contenuti video, potessero continuare ad essere concepiti in modo orizzontale, formato scelto da sempre non solo per la forma degli schermi (del cinema e della tv) ma anche perch\u00e9 la nostra visione \u00e8 binoculare, e dunque pi\u00f9 predisposta alle immagini orizzontali.<\/p>\n<p>Oggi bisogna tener conto del fatto che,<strong> nella visione da mobile, non interagisce pi\u00f9 solo la vista ma anche il tatto<\/strong>, con le &#8220;dita scroll&#8221; che decidono cosa \u00e8 degno di attenzione o cosa pu\u00f2 scivolare via in una frazione di secondo. E se sin dall&#8217;inizio i video su mobile verticali e orizzontali furono denominati rispettivamente <strong>Portrait e Landscape<\/strong> (come nella pittura, quadri orizzontali per i paesaggi, quadri verticali per i ritratti) e dunque divisi anche per tipologia di ripresa, oggi che la sfida si \u00e8 spostata sul numero delle visualizzazioni anche le immagini dei paesaggi possono diventare verticali.<\/p>\n<p>Gli esperimenti non sono pochi, come dimostrato dal <strong>movimento per il cinema verticale, il <a href=\"http:\/\/www.verticalcinema.org\/\" target=\"_blank\" rel=\"noopener\">Vertical Cinema<\/a><\/strong>, che propone la visione di immagini su un grande schermo dalle dimensioni ribaltate, o da piattaforme come <strong>Periscope<\/strong>, che non danno nemmeno l&#8217;opzione di realizzare riprese orizzontali, fino all&#8217;immancabile <strong>festival interamente dedicato ai video verticali, il <a href=\"https:\/\/verticalfilmfestival.com.au\/\" target=\"_blank\" rel=\"noopener\">Verticalfilmfestival<\/a>.<\/strong><\/p>\n<p>Insomma, <strong>il futuro dei contenuti video sar\u00e0 sempre pi\u00f9 lungo e stretto<\/strong>, ed \u00e8 ormai un dato di fatto, visto che anche molte grandi aziende stanno iniziando a realizzare <strong>video promozionali e pubblicitari verticali<\/strong>. Chiaramente sia le riprese sia le tecniche di regia saranno diverse, l&#8217;intero video dovr\u00e0 essere pensato in verticale, le inquadrature dovranno essere realizzate per una visione alta e stretta, capovolgendo la telecamera o croppando le immagini in post produzione e anche la sceneggiatura, lo storytelling, sta cambiando di conseguenza.<\/p>\n<p>Vi \u00e8 venuta la curiosit\u00e0 di guardare qualche video verticale? (oltre a quelli che gi\u00e0 normalmente realizzate con il vostro cellulare?). Ecco sotto alcuni interessanti suggerimenti (da visionare rigorosamente da mobile!)<\/p>\n<p><a href=\"https:\/\/vimeo.com\/148351248\" target=\"_blank\" rel=\"noopener\"><strong>Pubblicit\u00e0 Adidas&gt;&gt;&gt;<\/strong><\/a><\/p>\n<p><strong><a href=\"https:\/\/vimeo.com\/161738956\" target=\"_blank\" rel=\"noopener\">Video panoramico verticale&gt;&gt;&gt;<\/a><\/strong><\/p>\n<p>E per finire, <strong>un video davvero toccante e bellissimo<\/strong> nella sua disperazione umana. A <a href=\"\/team\/\" target=\"_blank\" rel=\"noopener\">noi di Anice<\/a> \u00e8 piaciuto moltissimo e ci ha davvero colpito. Realizzato dalla BBC Media Action, dimostra quanto<strong> i video verticali siano in grado di rendere immersiva un&#8217;esperienza<\/strong> cos\u00ec drammatica come il viaggio di un rifugiato.<\/p>\n<p>Cliccate nel link sottostante, e per tre minuti il vostro cellulare diventer\u00e0 il cellulare di un rifugiato.<\/p>\n<div class=\"video-shortcode\"><iframe width=\"1100\" height=\"825\" src=\"https:\/\/www.youtube.com\/embed\/m1BLsySgsHM?feature=oembed\" frameborder=\"0\" allowfullscreen><\/iframe><\/div>\n<p>Testo e immagini di:<em><strong> Patrizia Tontini<\/strong><\/em><\/p>\n","protected":false},"excerpt":{"rendered":"<p>La prima domanda che vi facciamo \u00e8: da quale device state leggendo questo articolo?<\/p>\n","protected":false},"author":1,"featured_media":15147,"comment_status":"closed","ping_status":"open","sticky":false,"template":"","format":"standard","meta":{"footnotes":""},"categories":[62,80],"tags":[174,168,167,169],"class_list":["post-15102","post","type-post","status-publish","format-standard","has-post-thumbnail","hentry","category-curiosita","category-blog-anicecommunication","tag-scroll","tag-vertical-film","tag-vertical-video","tag-video-marketing"],"yoast_head":"<!-- This site is optimized with the Yoast SEO plugin v27.4 - https:\/\/yoast.com\/product\/yoast-seo-wordpress\/ -->\n<title>Verticale \u00e8 bello - IT Anice Communication<\/title>\n<meta name=\"description\" content=\"Da quale device state leggendo questo articolo? La fruizione di contenuti video e informativi \u00e8 sempre pi\u00f9 frequente da mobile\" \/>\n<meta name=\"robots\" content=\"index, follow, max-snippet:-1, max-image-preview:large, max-video-preview:-1\" \/>\n<link rel=\"canonical\" href=\"https:\/\/www.anicecommunication.com\/it\/contenuti-video\/\" \/>\n<meta property=\"og:locale\" content=\"it_IT\" \/>\n<meta property=\"og:type\" content=\"article\" \/>\n<meta property=\"og:title\" content=\"Verticale \u00e8 bello\" \/>\n<meta property=\"og:description\" content=\"Non \u00e8 pi\u00f9 infatti un mistero che la fruizione di contenuti video, foto e informativi sia sempre pi\u00f9 frequente dai telefoni cellulari a cui, solo in seconda battuta, seguono i tablet e, in coda, i tradizionali pc, siano essi portatili o fissi.\" \/>\n<meta property=\"og:url\" content=\"https:\/\/www.anicecommunication.com\/it\/contenuti-video\/\" \/>\n<meta property=\"og:site_name\" content=\"IT Anice Communication\" \/>\n<meta property=\"article:publisher\" content=\"https:\/\/www.facebook.com\/anicecommunication\" \/>\n<meta property=\"article:author\" content=\"https:\/\/www.facebook.com\/anicecommunication\" \/>\n<meta property=\"article:published_time\" content=\"2017-06-23T13:21:04+00:00\" \/>\n<meta property=\"article:modified_time\" content=\"2021-06-15T16:37:17+00:00\" \/>\n<meta property=\"og:image\" content=\"https:\/\/www.anicecommunication.com\/it\/wp-content\/uploads\/sites\/3\/2017\/06\/vertical2-1.jpg\" \/>\n\t<meta property=\"og:image:width\" content=\"646\" \/>\n\t<meta property=\"og:image:height\" content=\"1080\" \/>\n\t<meta property=\"og:image:type\" content=\"image\/jpeg\" \/>\n<meta name=\"author\" content=\"Editorial Staff\" \/>\n<meta name=\"twitter:label1\" content=\"Scritto da\" \/>\n\t<meta name=\"twitter:data1\" content=\"Editorial Staff\" \/>\n\t<meta name=\"twitter:label2\" content=\"Tempo di lettura stimato\" \/>\n\t<meta name=\"twitter:data2\" content=\"3 minuti\" \/>\n<script type=\"application\/ld+json\" class=\"yoast-schema-graph\">{\"@context\":\"https:\\\/\\\/schema.org\",\"@graph\":[{\"@type\":\"Article\",\"@id\":\"https:\\\/\\\/www.anicecommunication.com\\\/it\\\/contenuti-video\\\/#article\",\"isPartOf\":{\"@id\":\"https:\\\/\\\/www.anicecommunication.com\\\/it\\\/contenuti-video\\\/\"},\"author\":{\"name\":\"Editorial Staff\",\"@id\":\"https:\\\/\\\/www.anicecommunication.com\\\/it\\\/#\\\/schema\\\/person\\\/d8f9046f11c2ab1ff15f1d0d580184d8\"},\"headline\":\"Verticale \u00e8 bello\",\"datePublished\":\"2017-06-23T13:21:04+00:00\",\"dateModified\":\"2021-06-15T16:37:17+00:00\",\"mainEntityOfPage\":{\"@id\":\"https:\\\/\\\/www.anicecommunication.com\\\/it\\\/contenuti-video\\\/\"},\"wordCount\":581,\"publisher\":{\"@id\":\"https:\\\/\\\/www.anicecommunication.com\\\/it\\\/#organization\"},\"image\":{\"@id\":\"https:\\\/\\\/www.anicecommunication.com\\\/it\\\/contenuti-video\\\/#primaryimage\"},\"thumbnailUrl\":\"https:\\\/\\\/www.anicecommunication.com\\\/it\\\/wp-content\\\/uploads\\\/sites\\\/3\\\/2017\\\/06\\\/vertical2-1.jpg\",\"keywords\":[\"scroll\",\"vertical film\",\"vertical video\",\"video marketing\"],\"articleSection\":[\"Curiosit\u00e0\",\"What A Nice Blog!\"],\"inLanguage\":\"it-IT\"},{\"@type\":\"WebPage\",\"@id\":\"https:\\\/\\\/www.anicecommunication.com\\\/it\\\/contenuti-video\\\/\",\"url\":\"https:\\\/\\\/www.anicecommunication.com\\\/it\\\/contenuti-video\\\/\",\"name\":\"Verticale \u00e8 bello - IT Anice Communication\",\"isPartOf\":{\"@id\":\"https:\\\/\\\/www.anicecommunication.com\\\/it\\\/#website\"},\"primaryImageOfPage\":{\"@id\":\"https:\\\/\\\/www.anicecommunication.com\\\/it\\\/contenuti-video\\\/#primaryimage\"},\"image\":{\"@id\":\"https:\\\/\\\/www.anicecommunication.com\\\/it\\\/contenuti-video\\\/#primaryimage\"},\"thumbnailUrl\":\"https:\\\/\\\/www.anicecommunication.com\\\/it\\\/wp-content\\\/uploads\\\/sites\\\/3\\\/2017\\\/06\\\/vertical2-1.jpg\",\"datePublished\":\"2017-06-23T13:21:04+00:00\",\"dateModified\":\"2021-06-15T16:37:17+00:00\",\"description\":\"Da quale device state leggendo questo articolo? La fruizione di contenuti video e informativi \u00e8 sempre pi\u00f9 frequente da mobile\",\"breadcrumb\":{\"@id\":\"https:\\\/\\\/www.anicecommunication.com\\\/it\\\/contenuti-video\\\/#breadcrumb\"},\"inLanguage\":\"it-IT\",\"potentialAction\":[{\"@type\":\"ReadAction\",\"target\":[\"https:\\\/\\\/www.anicecommunication.com\\\/it\\\/contenuti-video\\\/\"]}]},{\"@type\":\"ImageObject\",\"inLanguage\":\"it-IT\",\"@id\":\"https:\\\/\\\/www.anicecommunication.com\\\/it\\\/contenuti-video\\\/#primaryimage\",\"url\":\"https:\\\/\\\/www.anicecommunication.com\\\/it\\\/wp-content\\\/uploads\\\/sites\\\/3\\\/2017\\\/06\\\/vertical2-1.jpg\",\"contentUrl\":\"https:\\\/\\\/www.anicecommunication.com\\\/it\\\/wp-content\\\/uploads\\\/sites\\\/3\\\/2017\\\/06\\\/vertical2-1.jpg\",\"width\":646,\"height\":1080},{\"@type\":\"BreadcrumbList\",\"@id\":\"https:\\\/\\\/www.anicecommunication.com\\\/it\\\/contenuti-video\\\/#breadcrumb\",\"itemListElement\":[{\"@type\":\"ListItem\",\"position\":1,\"name\":\"Home\",\"item\":\"https:\\\/\\\/www.anicecommunication.com\\\/it\\\/\"},{\"@type\":\"ListItem\",\"position\":2,\"name\":\"Verticale \u00e8 bello\"}]},{\"@type\":\"WebSite\",\"@id\":\"https:\\\/\\\/www.anicecommunication.com\\\/it\\\/#website\",\"url\":\"https:\\\/\\\/www.anicecommunication.com\\\/it\\\/\",\"name\":\"IT Anice Communication\",\"description\":\"Anicecommunication agenzia di pubbliche relazioni,  ufficio stampa, media relations, automotive e mobility a livello internazionale - Torino\",\"publisher\":{\"@id\":\"https:\\\/\\\/www.anicecommunication.com\\\/it\\\/#organization\"},\"potentialAction\":[{\"@type\":\"SearchAction\",\"target\":{\"@type\":\"EntryPoint\",\"urlTemplate\":\"https:\\\/\\\/www.anicecommunication.com\\\/it\\\/?s={search_term_string}\"},\"query-input\":{\"@type\":\"PropertyValueSpecification\",\"valueRequired\":true,\"valueName\":\"search_term_string\"}}],\"inLanguage\":\"it-IT\"},{\"@type\":\"Organization\",\"@id\":\"https:\\\/\\\/www.anicecommunication.com\\\/it\\\/#organization\",\"name\":\"Anice SRL - Agenzia di comunicazione, mobility and automotive media relations & PR in Italia, Europa\",\"alternateName\":\"Anicecommunication\",\"url\":\"https:\\\/\\\/www.anicecommunication.com\\\/it\\\/\",\"logo\":{\"@type\":\"ImageObject\",\"inLanguage\":\"it-IT\",\"@id\":\"https:\\\/\\\/www.anicecommunication.com\\\/it\\\/#\\\/schema\\\/logo\\\/image\\\/\",\"url\":\"https:\\\/\\\/www.anicecommunication.com\\\/it\\\/wp-content\\\/uploads\\\/sites\\\/3\\\/2023\\\/06\\\/Anice_696x696.jpg\",\"contentUrl\":\"https:\\\/\\\/www.anicecommunication.com\\\/it\\\/wp-content\\\/uploads\\\/sites\\\/3\\\/2023\\\/06\\\/Anice_696x696.jpg\",\"width\":696,\"height\":696,\"caption\":\"Anice SRL - Agenzia di comunicazione, mobility and automotive media relations & PR in Italia, Europa\"},\"image\":{\"@id\":\"https:\\\/\\\/www.anicecommunication.com\\\/it\\\/#\\\/schema\\\/logo\\\/image\\\/\"},\"sameAs\":[\"https:\\\/\\\/www.facebook.com\\\/anicecommunication\",\"https:\\\/\\\/x.com\\\/Anicecom\",\"https:\\\/\\\/instagram.com\\\/anicecom\\\/\",\"https:\\\/\\\/www.linkedin.com\\\/company\\\/anice-s-r-l-\"]},{\"@type\":\"Person\",\"@id\":\"https:\\\/\\\/www.anicecommunication.com\\\/it\\\/#\\\/schema\\\/person\\\/d8f9046f11c2ab1ff15f1d0d580184d8\",\"name\":\"Editorial Staff\",\"image\":{\"@type\":\"ImageObject\",\"inLanguage\":\"it-IT\",\"@id\":\"https:\\\/\\\/secure.gravatar.com\\\/avatar\\\/62128a8e64953c282b330a12e5b592d8bc5d299b46ab0e6928129ae0d79e528a?s=96&d=mm&r=g\",\"url\":\"https:\\\/\\\/secure.gravatar.com\\\/avatar\\\/62128a8e64953c282b330a12e5b592d8bc5d299b46ab0e6928129ae0d79e528a?s=96&d=mm&r=g\",\"contentUrl\":\"https:\\\/\\\/secure.gravatar.com\\\/avatar\\\/62128a8e64953c282b330a12e5b592d8bc5d299b46ab0e6928129ae0d79e528a?s=96&d=mm&r=g\",\"caption\":\"Editorial Staff\"},\"description\":\"La redazione di Anicecommunication \u00e8 composta da giornalisti, esperti di comunicazione e marketing, content manager e storyteller.\",\"sameAs\":[\"http:\\\/\\\/www.anicecommunication.com\",\"https:\\\/\\\/www.facebook.com\\\/anicecommunication\",\"https:\\\/\\\/x.com\\\/anicecom\"]}]}<\/script>\n<!-- \/ Yoast SEO plugin. -->","yoast_head_json":{"title":"Verticale \u00e8 bello - IT Anice Communication","description":"Da quale device state leggendo questo articolo? La fruizione di contenuti video e informativi \u00e8 sempre pi\u00f9 frequente da mobile","robots":{"index":"index","follow":"follow","max-snippet":"max-snippet:-1","max-image-preview":"max-image-preview:large","max-video-preview":"max-video-preview:-1"},"canonical":"https:\/\/www.anicecommunication.com\/it\/contenuti-video\/","og_locale":"it_IT","og_type":"article","og_title":"Verticale \u00e8 bello","og_description":"Non \u00e8 pi\u00f9 infatti un mistero che la fruizione di contenuti video, foto e informativi sia sempre pi\u00f9 frequente dai telefoni cellulari a cui, solo in seconda battuta, seguono i tablet e, in coda, i tradizionali pc, siano essi portatili o fissi.","og_url":"https:\/\/www.anicecommunication.com\/it\/contenuti-video\/","og_site_name":"IT Anice Communication","article_publisher":"https:\/\/www.facebook.com\/anicecommunication","article_author":"https:\/\/www.facebook.com\/anicecommunication","article_published_time":"2017-06-23T13:21:04+00:00","article_modified_time":"2021-06-15T16:37:17+00:00","og_image":[{"width":646,"height":1080,"url":"https:\/\/www.anicecommunication.com\/it\/wp-content\/uploads\/sites\/3\/2017\/06\/vertical2-1.jpg","type":"image\/jpeg"}],"author":"Editorial Staff","twitter_misc":{"Scritto da":"Editorial Staff","Tempo di lettura stimato":"3 minuti"},"schema":{"@context":"https:\/\/schema.org","@graph":[{"@type":"Article","@id":"https:\/\/www.anicecommunication.com\/it\/contenuti-video\/#article","isPartOf":{"@id":"https:\/\/www.anicecommunication.com\/it\/contenuti-video\/"},"author":{"name":"Editorial Staff","@id":"https:\/\/www.anicecommunication.com\/it\/#\/schema\/person\/d8f9046f11c2ab1ff15f1d0d580184d8"},"headline":"Verticale \u00e8 bello","datePublished":"2017-06-23T13:21:04+00:00","dateModified":"2021-06-15T16:37:17+00:00","mainEntityOfPage":{"@id":"https:\/\/www.anicecommunication.com\/it\/contenuti-video\/"},"wordCount":581,"publisher":{"@id":"https:\/\/www.anicecommunication.com\/it\/#organization"},"image":{"@id":"https:\/\/www.anicecommunication.com\/it\/contenuti-video\/#primaryimage"},"thumbnailUrl":"https:\/\/www.anicecommunication.com\/it\/wp-content\/uploads\/sites\/3\/2017\/06\/vertical2-1.jpg","keywords":["scroll","vertical film","vertical video","video marketing"],"articleSection":["Curiosit\u00e0","What A Nice Blog!"],"inLanguage":"it-IT"},{"@type":"WebPage","@id":"https:\/\/www.anicecommunication.com\/it\/contenuti-video\/","url":"https:\/\/www.anicecommunication.com\/it\/contenuti-video\/","name":"Verticale \u00e8 bello - IT Anice Communication","isPartOf":{"@id":"https:\/\/www.anicecommunication.com\/it\/#website"},"primaryImageOfPage":{"@id":"https:\/\/www.anicecommunication.com\/it\/contenuti-video\/#primaryimage"},"image":{"@id":"https:\/\/www.anicecommunication.com\/it\/contenuti-video\/#primaryimage"},"thumbnailUrl":"https:\/\/www.anicecommunication.com\/it\/wp-content\/uploads\/sites\/3\/2017\/06\/vertical2-1.jpg","datePublished":"2017-06-23T13:21:04+00:00","dateModified":"2021-06-15T16:37:17+00:00","description":"Da quale device state leggendo questo articolo? La fruizione di contenuti video e informativi \u00e8 sempre pi\u00f9 frequente da mobile","breadcrumb":{"@id":"https:\/\/www.anicecommunication.com\/it\/contenuti-video\/#breadcrumb"},"inLanguage":"it-IT","potentialAction":[{"@type":"ReadAction","target":["https:\/\/www.anicecommunication.com\/it\/contenuti-video\/"]}]},{"@type":"ImageObject","inLanguage":"it-IT","@id":"https:\/\/www.anicecommunication.com\/it\/contenuti-video\/#primaryimage","url":"https:\/\/www.anicecommunication.com\/it\/wp-content\/uploads\/sites\/3\/2017\/06\/vertical2-1.jpg","contentUrl":"https:\/\/www.anicecommunication.com\/it\/wp-content\/uploads\/sites\/3\/2017\/06\/vertical2-1.jpg","width":646,"height":1080},{"@type":"BreadcrumbList","@id":"https:\/\/www.anicecommunication.com\/it\/contenuti-video\/#breadcrumb","itemListElement":[{"@type":"ListItem","position":1,"name":"Home","item":"https:\/\/www.anicecommunication.com\/it\/"},{"@type":"ListItem","position":2,"name":"Verticale \u00e8 bello"}]},{"@type":"WebSite","@id":"https:\/\/www.anicecommunication.com\/it\/#website","url":"https:\/\/www.anicecommunication.com\/it\/","name":"IT Anice Communication","description":"Anicecommunication agenzia di pubbliche relazioni,  ufficio stampa, media relations, automotive e mobility a livello internazionale - Torino","publisher":{"@id":"https:\/\/www.anicecommunication.com\/it\/#organization"},"potentialAction":[{"@type":"SearchAction","target":{"@type":"EntryPoint","urlTemplate":"https:\/\/www.anicecommunication.com\/it\/?s={search_term_string}"},"query-input":{"@type":"PropertyValueSpecification","valueRequired":true,"valueName":"search_term_string"}}],"inLanguage":"it-IT"},{"@type":"Organization","@id":"https:\/\/www.anicecommunication.com\/it\/#organization","name":"Anice SRL - Agenzia di comunicazione, mobility and automotive media relations & PR in Italia, Europa","alternateName":"Anicecommunication","url":"https:\/\/www.anicecommunication.com\/it\/","logo":{"@type":"ImageObject","inLanguage":"it-IT","@id":"https:\/\/www.anicecommunication.com\/it\/#\/schema\/logo\/image\/","url":"https:\/\/www.anicecommunication.com\/it\/wp-content\/uploads\/sites\/3\/2023\/06\/Anice_696x696.jpg","contentUrl":"https:\/\/www.anicecommunication.com\/it\/wp-content\/uploads\/sites\/3\/2023\/06\/Anice_696x696.jpg","width":696,"height":696,"caption":"Anice SRL - Agenzia di comunicazione, mobility and automotive media relations & PR in Italia, Europa"},"image":{"@id":"https:\/\/www.anicecommunication.com\/it\/#\/schema\/logo\/image\/"},"sameAs":["https:\/\/www.facebook.com\/anicecommunication","https:\/\/x.com\/Anicecom","https:\/\/instagram.com\/anicecom\/","https:\/\/www.linkedin.com\/company\/anice-s-r-l-"]},{"@type":"Person","@id":"https:\/\/www.anicecommunication.com\/it\/#\/schema\/person\/d8f9046f11c2ab1ff15f1d0d580184d8","name":"Editorial Staff","image":{"@type":"ImageObject","inLanguage":"it-IT","@id":"https:\/\/secure.gravatar.com\/avatar\/62128a8e64953c282b330a12e5b592d8bc5d299b46ab0e6928129ae0d79e528a?s=96&d=mm&r=g","url":"https:\/\/secure.gravatar.com\/avatar\/62128a8e64953c282b330a12e5b592d8bc5d299b46ab0e6928129ae0d79e528a?s=96&d=mm&r=g","contentUrl":"https:\/\/secure.gravatar.com\/avatar\/62128a8e64953c282b330a12e5b592d8bc5d299b46ab0e6928129ae0d79e528a?s=96&d=mm&r=g","caption":"Editorial Staff"},"description":"La redazione di Anicecommunication \u00e8 composta da giornalisti, esperti di comunicazione e marketing, content manager e storyteller.","sameAs":["http:\/\/www.anicecommunication.com","https:\/\/www.facebook.com\/anicecommunication","https:\/\/x.com\/anicecom"]}]}},"_links":{"self":[{"href":"https:\/\/www.anicecommunication.com\/it\/wp-json\/wp\/v2\/posts\/15102","targetHints":{"allow":["GET"]}}],"collection":[{"href":"https:\/\/www.anicecommunication.com\/it\/wp-json\/wp\/v2\/posts"}],"about":[{"href":"https:\/\/www.anicecommunication.com\/it\/wp-json\/wp\/v2\/types\/post"}],"author":[{"embeddable":true,"href":"https:\/\/www.anicecommunication.com\/it\/wp-json\/wp\/v2\/users\/1"}],"replies":[{"embeddable":true,"href":"https:\/\/www.anicecommunication.com\/it\/wp-json\/wp\/v2\/comments?post=15102"}],"version-history":[{"count":13,"href":"https:\/\/www.anicecommunication.com\/it\/wp-json\/wp\/v2\/posts\/15102\/revisions"}],"predecessor-version":[{"id":15154,"href":"https:\/\/www.anicecommunication.com\/it\/wp-json\/wp\/v2\/posts\/15102\/revisions\/15154"}],"wp:featuredmedia":[{"embeddable":true,"href":"https:\/\/www.anicecommunication.com\/it\/wp-json\/wp\/v2\/media\/15147"}],"wp:attachment":[{"href":"https:\/\/www.anicecommunication.com\/it\/wp-json\/wp\/v2\/media?parent=15102"}],"wp:term":[{"taxonomy":"category","embeddable":true,"href":"https:\/\/www.anicecommunication.com\/it\/wp-json\/wp\/v2\/categories?post=15102"},{"taxonomy":"post_tag","embeddable":true,"href":"https:\/\/www.anicecommunication.com\/it\/wp-json\/wp\/v2\/tags?post=15102"}],"curies":[{"name":"wp","href":"https:\/\/api.w.org\/{rel}","templated":true}]}}