{"id":16684,"date":"2019-05-17T12:19:18","date_gmt":"2019-05-17T10:19:18","guid":{"rendered":"https:\/\/www.anicecommunication.com\/it\/?p=16684"},"modified":"2021-06-15T18:36:43","modified_gmt":"2021-06-15T16:36:43","slug":"chef-rubio-ospite-di-petronas","status":"publish","type":"post","link":"https:\/\/www.anicecommunication.com\/it\/chef-rubio-ospite-di-petronas\/","title":{"rendered":"Chef Rubio ospite di Petronas"},"content":{"rendered":"<h2><a href=\"https:\/\/www.anicecommunication.com\/it\/wp-content\/uploads\/sites\/3\/2019\/07\/instagramm_1080x1080_2.jpg\"><img decoding=\"async\" class=\"alignleft wp-image-16660\" title=\"Chef Rubio al Petronas Urania Grand Prix Truck 2019\" src=\"https:\/\/www.anicecommunication.com\/it\/wp-content\/uploads\/sites\/3\/2019\/07\/instagramm_1080x1080_2.jpg\" alt=\"Chef Rubio al Petronas Urania Grand Prix Truck 2019\" width=\"464\" height=\"464\" srcset=\"https:\/\/www.anicecommunication.com\/it\/wp-content\/uploads\/sites\/3\/2019\/07\/instagramm_1080x1080_2-66x66.jpg 66w, https:\/\/www.anicecommunication.com\/it\/wp-content\/uploads\/sites\/3\/2019\/07\/instagramm_1080x1080_2-150x150.jpg 150w, https:\/\/www.anicecommunication.com\/it\/wp-content\/uploads\/sites\/3\/2019\/07\/instagramm_1080x1080_2-200x200.jpg 200w, https:\/\/www.anicecommunication.com\/it\/wp-content\/uploads\/sites\/3\/2019\/07\/instagramm_1080x1080_2-300x300.jpg 300w, https:\/\/www.anicecommunication.com\/it\/wp-content\/uploads\/sites\/3\/2019\/07\/instagramm_1080x1080_2-400x400.jpg 400w, https:\/\/www.anicecommunication.com\/it\/wp-content\/uploads\/sites\/3\/2019\/07\/instagramm_1080x1080_2-600x600.jpg 600w, https:\/\/www.anicecommunication.com\/it\/wp-content\/uploads\/sites\/3\/2019\/07\/instagramm_1080x1080_2-768x768.jpg 768w, https:\/\/www.anicecommunication.com\/it\/wp-content\/uploads\/sites\/3\/2019\/07\/instagramm_1080x1080_2-800x800.jpg 800w, https:\/\/www.anicecommunication.com\/it\/wp-content\/uploads\/sites\/3\/2019\/07\/instagramm_1080x1080_2-1024x1024.jpg 1024w, https:\/\/www.anicecommunication.com\/it\/wp-content\/uploads\/sites\/3\/2019\/07\/instagramm_1080x1080_2.jpg 1080w\" sizes=\"(max-width: 464px) 100vw, 464px\" \/><\/a>Chef Rubio ospite di Petronas a Misano.<\/h2>\n<p>\u00c8 ufficiale!<!--more--><\/p>\n<p><strong>PETRONAS Lubricants International (PLI) ospiter\u00e0 <\/strong><strong>Chef Rubio.<\/strong>La star televisiva molto amata dal pubblico per i suoi programmi cult come <i>Camionisti in Trattoria<\/i>, sar\u00e0 al <strong>Petronas Urania Gran Prix Truck.<\/strong> La manifestazione si svolger\u00e0 <strong>a<\/strong>\u00a0<strong>Misano\u00a0<\/strong>il 25 e 26 maggio presso l&#8217;autodromo Marco Simoncelli. Chef Rubio\u00a0<strong>incontrer\u00e0 i fans nella mattinata di domenica 26 maggio presso l&#8217;area village <\/strong>e seguir\u00e0 le avvincenti gare di truck dall&#8217;area vip Petronas. Lo staff di Anicecommunication, in qualit\u00e0 di<a href=\"https:\/\/www.anicecommunication.com\/it\/pr-petronas-ad-anice\/\" target=\"_blank\" rel=\"noopener noreferrer\"> Ufficio Stampa e PR di PLI<\/a> gestir\u00e0 le attivit\u00e0 di comunicazione con la stampa. Inoltre, coordiner\u00e0 la presenza dello Chef nell&#8217;area VIP Petronas e durante l&#8217;incontro con i fans in autodromo.<\/p>\n<h2>Title Sponsor per il terzo anno consecutivo<\/h2>\n<p class=\"text-justify\">Petronas Lubricants international \u00e8 per il terzo anno consecutivo\u00a0<strong>title sponsor della\u00a0<\/strong><strong>tappa italiana del <a href=\"http:\/\/www.fiaetrc.com\/\" target=\"_blank\" rel=\"noopener noreferrer\">FIA European Truck Racing Championship.<\/a><\/strong> Il campionato prende il via a Misano con la prima delle otto date a calendario. Petronas conferma cos\u00ec il suo impegno nelle competizioni sportive per ricercare e sviluppare le migliori soluzioni lubrificanti. Tra i bisonti da 5 tonnellate che si sfideranno durante l&#8217;entusiasmante weekend di gare, anche Steffi Halm del Team Schwabentruck IVECO su un mezzo equipaggiato con prodotti PETRONAS.<\/p>\n<h2>Selfie e autografi con Chef Rubio<\/h2>\n<p class=\"text-justify\">L&#8217;opportunit\u00e0 di incontrare da vicino Chef Rubio offerta da Petronas si inserisce nelle attivit\u00e0 del weekend del camionista. Una festa dedicata non solo agli appassionati di truck ma anche a chi con questi potenti mezzi viaggia e lavora tutti i giorni. Oltre alle gare in pista, saranno infatti molte le occasioni di divertimento e svago. In programma, anche il grande raduno di camion decorati provenienti da tutta Europa.<\/p>\n<h2>Due nuovi prodotti per Petronas<\/h2>\n<p class=\"text-justify\">In occasione della kermesse di Misano PETRONAS presenter\u00e0 al pubblico due nuovi prodotti. Sono l&#8217;Urania 5000 LS-FE 5W-30 e l&#8217;Urania 3000 LS 10W-30 che andranno ad arricchire la gamma di lubrificanti PETRONAS Urania specifica per mezzi pesanti. Si tratta di prodotti frutto di una tecnologia ad altissimi livelli progettata per i grandi campioni nelle competizioni sportive. La stessa tecnologia che PETRONAS Lubricants International porta dalla pista alla strada mettendola a disposizione di tutti.<\/p>\n<p><strong><em>Patrizia Tontini<\/em><\/strong><\/p>\n","protected":false},"excerpt":{"rendered":"<p>Chef Rubio ospite di Petronas a Misano. \u00c8 ufficiale!<\/p>\n","protected":false},"author":1,"featured_media":16714,"comment_status":"closed","ping_status":"closed","sticky":false,"template":"","format":"standard","meta":{"footnotes":""},"categories":[173,59,66,80],"tags":[115,460,462,423,461],"class_list":["post-16684","post","type-post","status-publish","format-standard","has-post-thumbnail","hentry","category-eventi-blog","category-i_nostri_servizi","category-ufficio_stampa","category-blog-anicecommunication","tag-anicecommunication","tag-chef-rubio","tag-misano-circuit","tag-petronas-urania-grand-prix-truck","tag-weekend-del-camionista"],"yoast_head":"<!-- This site is optimized with the Yoast SEO plugin v27.4 - https:\/\/yoast.com\/product\/yoast-seo-wordpress\/ -->\n<title>Chef Rubio ospite di Petronas - IT Anice Communication<\/title>\n<meta name=\"description\" content=\"Chef Rubio ospite di Petronas a Misano in occasione del\u00a0Petronas Urania Gran Prix Truck\u00a0che si svolger\u00e0\u00a0a\u00a0Misano\u00a0il 25 e 26 maggio.\" \/>\n<meta name=\"robots\" content=\"index, follow, max-snippet:-1, max-image-preview:large, max-video-preview:-1\" \/>\n<link rel=\"canonical\" href=\"https:\/\/www.anicecommunication.com\/it\/chef-rubio-ospite-di-petronas\/\" \/>\n<meta property=\"og:locale\" content=\"it_IT\" \/>\n<meta property=\"og:type\" content=\"article\" \/>\n<meta property=\"og:title\" content=\"Chef Rubio ospite di Petronas - IT Anice Communication\" \/>\n<meta property=\"og:description\" content=\"Chef Rubio ospite di Petronas a Misano in occasione del\u00a0Petronas Urania Gran Prix Truck\u00a0che si svolger\u00e0\u00a0a\u00a0Misano\u00a0il 25 e 26 maggio.\" \/>\n<meta property=\"og:url\" content=\"https:\/\/www.anicecommunication.com\/it\/chef-rubio-ospite-di-petronas\/\" \/>\n<meta property=\"og:site_name\" content=\"IT Anice Communication\" \/>\n<meta property=\"article:publisher\" content=\"https:\/\/www.facebook.com\/anicecommunication\" \/>\n<meta property=\"article:author\" content=\"https:\/\/www.facebook.com\/anicecommunication\" \/>\n<meta property=\"article:published_time\" content=\"2019-05-17T10:19:18+00:00\" \/>\n<meta property=\"article:modified_time\" content=\"2021-06-15T16:36:43+00:00\" \/>\n<meta property=\"og:image\" content=\"https:\/\/www.anicecommunication.com\/it\/wp-content\/uploads\/sites\/3\/2019\/05\/Chef_Anice.png\" \/>\n\t<meta property=\"og:image:width\" content=\"1000\" \/>\n\t<meta property=\"og:image:height\" content=\"602\" \/>\n\t<meta property=\"og:image:type\" content=\"image\/png\" \/>\n<meta name=\"author\" content=\"Editorial Staff\" \/>\n<meta name=\"twitter:label1\" content=\"Scritto da\" \/>\n\t<meta name=\"twitter:data1\" content=\"Editorial Staff\" \/>\n\t<meta name=\"twitter:label2\" content=\"Tempo di lettura stimato\" \/>\n\t<meta name=\"twitter:data2\" content=\"2 minuti\" \/>\n<script type=\"application\/ld+json\" class=\"yoast-schema-graph\">{\"@context\":\"https:\\\/\\\/schema.org\",\"@graph\":[{\"@type\":\"Article\",\"@id\":\"https:\\\/\\\/www.anicecommunication.com\\\/it\\\/chef-rubio-ospite-di-petronas\\\/#article\",\"isPartOf\":{\"@id\":\"https:\\\/\\\/www.anicecommunication.com\\\/it\\\/chef-rubio-ospite-di-petronas\\\/\"},\"author\":{\"name\":\"Editorial Staff\",\"@id\":\"https:\\\/\\\/www.anicecommunication.com\\\/it\\\/#\\\/schema\\\/person\\\/d8f9046f11c2ab1ff15f1d0d580184d8\"},\"headline\":\"Chef Rubio ospite di Petronas\",\"datePublished\":\"2019-05-17T10:19:18+00:00\",\"dateModified\":\"2021-06-15T16:36:43+00:00\",\"mainEntityOfPage\":{\"@id\":\"https:\\\/\\\/www.anicecommunication.com\\\/it\\\/chef-rubio-ospite-di-petronas\\\/\"},\"wordCount\":363,\"publisher\":{\"@id\":\"https:\\\/\\\/www.anicecommunication.com\\\/it\\\/#organization\"},\"image\":{\"@id\":\"https:\\\/\\\/www.anicecommunication.com\\\/it\\\/chef-rubio-ospite-di-petronas\\\/#primaryimage\"},\"thumbnailUrl\":\"https:\\\/\\\/www.anicecommunication.com\\\/it\\\/wp-content\\\/uploads\\\/sites\\\/3\\\/2019\\\/05\\\/Chef_Anice.png\",\"keywords\":[\"Anicecommunication\",\"Chef Rubio\",\"Misano circuit\",\"Petronas Urania Grand Prix Truck\",\"Weekend del camionista\"],\"articleSection\":[\"Eventi\",\"I nostri servizi\",\"L'Ufficio Stampa\",\"What A Nice Blog!\"],\"inLanguage\":\"it-IT\"},{\"@type\":\"WebPage\",\"@id\":\"https:\\\/\\\/www.anicecommunication.com\\\/it\\\/chef-rubio-ospite-di-petronas\\\/\",\"url\":\"https:\\\/\\\/www.anicecommunication.com\\\/it\\\/chef-rubio-ospite-di-petronas\\\/\",\"name\":\"Chef Rubio ospite di Petronas - IT Anice Communication\",\"isPartOf\":{\"@id\":\"https:\\\/\\\/www.anicecommunication.com\\\/it\\\/#website\"},\"primaryImageOfPage\":{\"@id\":\"https:\\\/\\\/www.anicecommunication.com\\\/it\\\/chef-rubio-ospite-di-petronas\\\/#primaryimage\"},\"image\":{\"@id\":\"https:\\\/\\\/www.anicecommunication.com\\\/it\\\/chef-rubio-ospite-di-petronas\\\/#primaryimage\"},\"thumbnailUrl\":\"https:\\\/\\\/www.anicecommunication.com\\\/it\\\/wp-content\\\/uploads\\\/sites\\\/3\\\/2019\\\/05\\\/Chef_Anice.png\",\"datePublished\":\"2019-05-17T10:19:18+00:00\",\"dateModified\":\"2021-06-15T16:36:43+00:00\",\"description\":\"Chef Rubio ospite di Petronas a Misano in occasione del\u00a0Petronas Urania Gran Prix Truck\u00a0che si svolger\u00e0\u00a0a\u00a0Misano\u00a0il 25 e 26 maggio.\",\"breadcrumb\":{\"@id\":\"https:\\\/\\\/www.anicecommunication.com\\\/it\\\/chef-rubio-ospite-di-petronas\\\/#breadcrumb\"},\"inLanguage\":\"it-IT\",\"potentialAction\":[{\"@type\":\"ReadAction\",\"target\":[\"https:\\\/\\\/www.anicecommunication.com\\\/it\\\/chef-rubio-ospite-di-petronas\\\/\"]}]},{\"@type\":\"ImageObject\",\"inLanguage\":\"it-IT\",\"@id\":\"https:\\\/\\\/www.anicecommunication.com\\\/it\\\/chef-rubio-ospite-di-petronas\\\/#primaryimage\",\"url\":\"https:\\\/\\\/www.anicecommunication.com\\\/it\\\/wp-content\\\/uploads\\\/sites\\\/3\\\/2019\\\/05\\\/Chef_Anice.png\",\"contentUrl\":\"https:\\\/\\\/www.anicecommunication.com\\\/it\\\/wp-content\\\/uploads\\\/sites\\\/3\\\/2019\\\/05\\\/Chef_Anice.png\",\"width\":1000,\"height\":602,\"caption\":\"Chef Rubio e Anicecommunication\"},{\"@type\":\"BreadcrumbList\",\"@id\":\"https:\\\/\\\/www.anicecommunication.com\\\/it\\\/chef-rubio-ospite-di-petronas\\\/#breadcrumb\",\"itemListElement\":[{\"@type\":\"ListItem\",\"position\":1,\"name\":\"Home\",\"item\":\"https:\\\/\\\/www.anicecommunication.com\\\/it\\\/\"},{\"@type\":\"ListItem\",\"position\":2,\"name\":\"Chef Rubio ospite di Petronas\"}]},{\"@type\":\"WebSite\",\"@id\":\"https:\\\/\\\/www.anicecommunication.com\\\/it\\\/#website\",\"url\":\"https:\\\/\\\/www.anicecommunication.com\\\/it\\\/\",\"name\":\"IT Anice Communication\",\"description\":\"Anicecommunication agenzia di pubbliche relazioni,  ufficio stampa, media relations, automotive e mobility a livello internazionale - Torino\",\"publisher\":{\"@id\":\"https:\\\/\\\/www.anicecommunication.com\\\/it\\\/#organization\"},\"potentialAction\":[{\"@type\":\"SearchAction\",\"target\":{\"@type\":\"EntryPoint\",\"urlTemplate\":\"https:\\\/\\\/www.anicecommunication.com\\\/it\\\/?s={search_term_string}\"},\"query-input\":{\"@type\":\"PropertyValueSpecification\",\"valueRequired\":true,\"valueName\":\"search_term_string\"}}],\"inLanguage\":\"it-IT\"},{\"@type\":\"Organization\",\"@id\":\"https:\\\/\\\/www.anicecommunication.com\\\/it\\\/#organization\",\"name\":\"Anice SRL - Agenzia di comunicazione, mobility and automotive media relations & PR in Italia, Europa\",\"alternateName\":\"Anicecommunication\",\"url\":\"https:\\\/\\\/www.anicecommunication.com\\\/it\\\/\",\"logo\":{\"@type\":\"ImageObject\",\"inLanguage\":\"it-IT\",\"@id\":\"https:\\\/\\\/www.anicecommunication.com\\\/it\\\/#\\\/schema\\\/logo\\\/image\\\/\",\"url\":\"https:\\\/\\\/www.anicecommunication.com\\\/it\\\/wp-content\\\/uploads\\\/sites\\\/3\\\/2023\\\/06\\\/Anice_696x696.jpg\",\"contentUrl\":\"https:\\\/\\\/www.anicecommunication.com\\\/it\\\/wp-content\\\/uploads\\\/sites\\\/3\\\/2023\\\/06\\\/Anice_696x696.jpg\",\"width\":696,\"height\":696,\"caption\":\"Anice SRL - Agenzia di comunicazione, mobility and automotive media relations & PR in Italia, Europa\"},\"image\":{\"@id\":\"https:\\\/\\\/www.anicecommunication.com\\\/it\\\/#\\\/schema\\\/logo\\\/image\\\/\"},\"sameAs\":[\"https:\\\/\\\/www.facebook.com\\\/anicecommunication\",\"https:\\\/\\\/x.com\\\/Anicecom\",\"https:\\\/\\\/instagram.com\\\/anicecom\\\/\",\"https:\\\/\\\/www.linkedin.com\\\/company\\\/anice-s-r-l-\"]},{\"@type\":\"Person\",\"@id\":\"https:\\\/\\\/www.anicecommunication.com\\\/it\\\/#\\\/schema\\\/person\\\/d8f9046f11c2ab1ff15f1d0d580184d8\",\"name\":\"Editorial Staff\",\"image\":{\"@type\":\"ImageObject\",\"inLanguage\":\"it-IT\",\"@id\":\"https:\\\/\\\/secure.gravatar.com\\\/avatar\\\/62128a8e64953c282b330a12e5b592d8bc5d299b46ab0e6928129ae0d79e528a?s=96&d=mm&r=g\",\"url\":\"https:\\\/\\\/secure.gravatar.com\\\/avatar\\\/62128a8e64953c282b330a12e5b592d8bc5d299b46ab0e6928129ae0d79e528a?s=96&d=mm&r=g\",\"contentUrl\":\"https:\\\/\\\/secure.gravatar.com\\\/avatar\\\/62128a8e64953c282b330a12e5b592d8bc5d299b46ab0e6928129ae0d79e528a?s=96&d=mm&r=g\",\"caption\":\"Editorial Staff\"},\"description\":\"La redazione di Anicecommunication \u00e8 composta da giornalisti, esperti di comunicazione e marketing, content manager e storyteller.\",\"sameAs\":[\"http:\\\/\\\/www.anicecommunication.com\",\"https:\\\/\\\/www.facebook.com\\\/anicecommunication\",\"https:\\\/\\\/x.com\\\/anicecom\"]}]}<\/script>\n<!-- \/ Yoast SEO plugin. -->","yoast_head_json":{"title":"Chef Rubio ospite di Petronas - IT Anice Communication","description":"Chef Rubio ospite di Petronas a Misano in occasione del\u00a0Petronas Urania Gran Prix Truck\u00a0che si svolger\u00e0\u00a0a\u00a0Misano\u00a0il 25 e 26 maggio.","robots":{"index":"index","follow":"follow","max-snippet":"max-snippet:-1","max-image-preview":"max-image-preview:large","max-video-preview":"max-video-preview:-1"},"canonical":"https:\/\/www.anicecommunication.com\/it\/chef-rubio-ospite-di-petronas\/","og_locale":"it_IT","og_type":"article","og_title":"Chef Rubio ospite di Petronas - IT Anice Communication","og_description":"Chef Rubio ospite di Petronas a Misano in occasione del\u00a0Petronas Urania Gran Prix Truck\u00a0che si svolger\u00e0\u00a0a\u00a0Misano\u00a0il 25 e 26 maggio.","og_url":"https:\/\/www.anicecommunication.com\/it\/chef-rubio-ospite-di-petronas\/","og_site_name":"IT Anice Communication","article_publisher":"https:\/\/www.facebook.com\/anicecommunication","article_author":"https:\/\/www.facebook.com\/anicecommunication","article_published_time":"2019-05-17T10:19:18+00:00","article_modified_time":"2021-06-15T16:36:43+00:00","og_image":[{"width":1000,"height":602,"url":"https:\/\/www.anicecommunication.com\/it\/wp-content\/uploads\/sites\/3\/2019\/05\/Chef_Anice.png","type":"image\/png"}],"author":"Editorial Staff","twitter_misc":{"Scritto da":"Editorial Staff","Tempo di lettura stimato":"2 minuti"},"schema":{"@context":"https:\/\/schema.org","@graph":[{"@type":"Article","@id":"https:\/\/www.anicecommunication.com\/it\/chef-rubio-ospite-di-petronas\/#article","isPartOf":{"@id":"https:\/\/www.anicecommunication.com\/it\/chef-rubio-ospite-di-petronas\/"},"author":{"name":"Editorial Staff","@id":"https:\/\/www.anicecommunication.com\/it\/#\/schema\/person\/d8f9046f11c2ab1ff15f1d0d580184d8"},"headline":"Chef Rubio ospite di Petronas","datePublished":"2019-05-17T10:19:18+00:00","dateModified":"2021-06-15T16:36:43+00:00","mainEntityOfPage":{"@id":"https:\/\/www.anicecommunication.com\/it\/chef-rubio-ospite-di-petronas\/"},"wordCount":363,"publisher":{"@id":"https:\/\/www.anicecommunication.com\/it\/#organization"},"image":{"@id":"https:\/\/www.anicecommunication.com\/it\/chef-rubio-ospite-di-petronas\/#primaryimage"},"thumbnailUrl":"https:\/\/www.anicecommunication.com\/it\/wp-content\/uploads\/sites\/3\/2019\/05\/Chef_Anice.png","keywords":["Anicecommunication","Chef Rubio","Misano circuit","Petronas Urania Grand Prix Truck","Weekend del camionista"],"articleSection":["Eventi","I nostri servizi","L'Ufficio Stampa","What A Nice Blog!"],"inLanguage":"it-IT"},{"@type":"WebPage","@id":"https:\/\/www.anicecommunication.com\/it\/chef-rubio-ospite-di-petronas\/","url":"https:\/\/www.anicecommunication.com\/it\/chef-rubio-ospite-di-petronas\/","name":"Chef Rubio ospite di Petronas - IT Anice Communication","isPartOf":{"@id":"https:\/\/www.anicecommunication.com\/it\/#website"},"primaryImageOfPage":{"@id":"https:\/\/www.anicecommunication.com\/it\/chef-rubio-ospite-di-petronas\/#primaryimage"},"image":{"@id":"https:\/\/www.anicecommunication.com\/it\/chef-rubio-ospite-di-petronas\/#primaryimage"},"thumbnailUrl":"https:\/\/www.anicecommunication.com\/it\/wp-content\/uploads\/sites\/3\/2019\/05\/Chef_Anice.png","datePublished":"2019-05-17T10:19:18+00:00","dateModified":"2021-06-15T16:36:43+00:00","description":"Chef Rubio ospite di Petronas a Misano in occasione del\u00a0Petronas Urania Gran Prix Truck\u00a0che si svolger\u00e0\u00a0a\u00a0Misano\u00a0il 25 e 26 maggio.","breadcrumb":{"@id":"https:\/\/www.anicecommunication.com\/it\/chef-rubio-ospite-di-petronas\/#breadcrumb"},"inLanguage":"it-IT","potentialAction":[{"@type":"ReadAction","target":["https:\/\/www.anicecommunication.com\/it\/chef-rubio-ospite-di-petronas\/"]}]},{"@type":"ImageObject","inLanguage":"it-IT","@id":"https:\/\/www.anicecommunication.com\/it\/chef-rubio-ospite-di-petronas\/#primaryimage","url":"https:\/\/www.anicecommunication.com\/it\/wp-content\/uploads\/sites\/3\/2019\/05\/Chef_Anice.png","contentUrl":"https:\/\/www.anicecommunication.com\/it\/wp-content\/uploads\/sites\/3\/2019\/05\/Chef_Anice.png","width":1000,"height":602,"caption":"Chef Rubio e Anicecommunication"},{"@type":"BreadcrumbList","@id":"https:\/\/www.anicecommunication.com\/it\/chef-rubio-ospite-di-petronas\/#breadcrumb","itemListElement":[{"@type":"ListItem","position":1,"name":"Home","item":"https:\/\/www.anicecommunication.com\/it\/"},{"@type":"ListItem","position":2,"name":"Chef Rubio ospite di Petronas"}]},{"@type":"WebSite","@id":"https:\/\/www.anicecommunication.com\/it\/#website","url":"https:\/\/www.anicecommunication.com\/it\/","name":"IT Anice Communication","description":"Anicecommunication agenzia di pubbliche relazioni,  ufficio stampa, media relations, automotive e mobility a livello internazionale - Torino","publisher":{"@id":"https:\/\/www.anicecommunication.com\/it\/#organization"},"potentialAction":[{"@type":"SearchAction","target":{"@type":"EntryPoint","urlTemplate":"https:\/\/www.anicecommunication.com\/it\/?s={search_term_string}"},"query-input":{"@type":"PropertyValueSpecification","valueRequired":true,"valueName":"search_term_string"}}],"inLanguage":"it-IT"},{"@type":"Organization","@id":"https:\/\/www.anicecommunication.com\/it\/#organization","name":"Anice SRL - Agenzia di comunicazione, mobility and automotive media relations & PR in Italia, Europa","alternateName":"Anicecommunication","url":"https:\/\/www.anicecommunication.com\/it\/","logo":{"@type":"ImageObject","inLanguage":"it-IT","@id":"https:\/\/www.anicecommunication.com\/it\/#\/schema\/logo\/image\/","url":"https:\/\/www.anicecommunication.com\/it\/wp-content\/uploads\/sites\/3\/2023\/06\/Anice_696x696.jpg","contentUrl":"https:\/\/www.anicecommunication.com\/it\/wp-content\/uploads\/sites\/3\/2023\/06\/Anice_696x696.jpg","width":696,"height":696,"caption":"Anice SRL - Agenzia di comunicazione, mobility and automotive media relations & PR in Italia, Europa"},"image":{"@id":"https:\/\/www.anicecommunication.com\/it\/#\/schema\/logo\/image\/"},"sameAs":["https:\/\/www.facebook.com\/anicecommunication","https:\/\/x.com\/Anicecom","https:\/\/instagram.com\/anicecom\/","https:\/\/www.linkedin.com\/company\/anice-s-r-l-"]},{"@type":"Person","@id":"https:\/\/www.anicecommunication.com\/it\/#\/schema\/person\/d8f9046f11c2ab1ff15f1d0d580184d8","name":"Editorial Staff","image":{"@type":"ImageObject","inLanguage":"it-IT","@id":"https:\/\/secure.gravatar.com\/avatar\/62128a8e64953c282b330a12e5b592d8bc5d299b46ab0e6928129ae0d79e528a?s=96&d=mm&r=g","url":"https:\/\/secure.gravatar.com\/avatar\/62128a8e64953c282b330a12e5b592d8bc5d299b46ab0e6928129ae0d79e528a?s=96&d=mm&r=g","contentUrl":"https:\/\/secure.gravatar.com\/avatar\/62128a8e64953c282b330a12e5b592d8bc5d299b46ab0e6928129ae0d79e528a?s=96&d=mm&r=g","caption":"Editorial Staff"},"description":"La redazione di Anicecommunication \u00e8 composta da giornalisti, esperti di comunicazione e marketing, content manager e storyteller.","sameAs":["http:\/\/www.anicecommunication.com","https:\/\/www.facebook.com\/anicecommunication","https:\/\/x.com\/anicecom"]}]}},"_links":{"self":[{"href":"https:\/\/www.anicecommunication.com\/it\/wp-json\/wp\/v2\/posts\/16684","targetHints":{"allow":["GET"]}}],"collection":[{"href":"https:\/\/www.anicecommunication.com\/it\/wp-json\/wp\/v2\/posts"}],"about":[{"href":"https:\/\/www.anicecommunication.com\/it\/wp-json\/wp\/v2\/types\/post"}],"author":[{"embeddable":true,"href":"https:\/\/www.anicecommunication.com\/it\/wp-json\/wp\/v2\/users\/1"}],"replies":[{"embeddable":true,"href":"https:\/\/www.anicecommunication.com\/it\/wp-json\/wp\/v2\/comments?post=16684"}],"version-history":[{"count":5,"href":"https:\/\/www.anicecommunication.com\/it\/wp-json\/wp\/v2\/posts\/16684\/revisions"}],"predecessor-version":[{"id":16715,"href":"https:\/\/www.anicecommunication.com\/it\/wp-json\/wp\/v2\/posts\/16684\/revisions\/16715"}],"wp:featuredmedia":[{"embeddable":true,"href":"https:\/\/www.anicecommunication.com\/it\/wp-json\/wp\/v2\/media\/16714"}],"wp:attachment":[{"href":"https:\/\/www.anicecommunication.com\/it\/wp-json\/wp\/v2\/media?parent=16684"}],"wp:term":[{"taxonomy":"category","embeddable":true,"href":"https:\/\/www.anicecommunication.com\/it\/wp-json\/wp\/v2\/categories?post=16684"},{"taxonomy":"post_tag","embeddable":true,"href":"https:\/\/www.anicecommunication.com\/it\/wp-json\/wp\/v2\/tags?post=16684"}],"curies":[{"name":"wp","href":"https:\/\/api.w.org\/{rel}","templated":true}]}}