{"id":16975,"date":"2019-12-12T18:50:08","date_gmt":"2019-12-12T17:50:08","guid":{"rendered":"https:\/\/www.anicecommunication.com\/it\/?p=16975"},"modified":"2021-06-21T15:47:35","modified_gmt":"2021-06-21T13:47:35","slug":"de-tomaso-p72-in-europa-con-louwman-exclusive","status":"publish","type":"post","link":"https:\/\/www.anicecommunication.com\/it\/de-tomaso-p72-in-europa-con-louwman-exclusive\/","title":{"rendered":"De Tomaso P72: in Europa con Louwman Exclusive"},"content":{"rendered":"<p><strong>Cuore americano, DNA De Tomaso. Distribuita in Europa dall\u2019olandese Louwman Exclusive<\/strong><!--more--><\/p>\n<p>&nbsp;<\/p>\n<ul>\n<li>Il gruppo propulsore conserva l\u2019anima e il DNA del marchio De Tomaso.<\/li>\n<li>La P72 non rende solo omaggio al design e allo spirito dell&#8217;originale De Tomaso \u2013 Shelby P70 ma ne condivide anche il cuore americano.<\/li>\n<li>La P72 \u00e8 alimentata da un motore sovralimentato De Tomaso V8 5.0 litri con una curva di potenza lineare paragonabile alla purezza dell&#8217;aspirazione naturale.<\/li>\n<li>De Tomaso V8 \u00e8 il frutto della collaborazione tecnica tra De Tomaso Automobili e la nota societ\u00e0 di ingegneria Roush.<\/li>\n<li>Roush \u00e8 stata coinvolta nello sviluppo di gruppi propulsori di classe superiore come il V8 presente nella Ford GT del 2005 e il V6 della Ford GT del 2017.<\/li>\n<li>Potenza attesa di oltre 700 cv con pi\u00f9 di 825 Nm di coppia disponibile con carburante da 91 ottani. Oltre 7.500 i giri\/min previsti.<\/li>\n<li>Il V8 De Tomaso verr\u00e0 offerto esclusivamente in abbinamento con il cambio manuale De Tomaso a 6 marce.<\/li>\n<li>Un motore di livello superiore che fornisce una sonorit\u00e0 unica, d\u2019altri tempi che regala un&#8217;esperienza raffinata come \u00e8 nello spirito della sua natura gran turismo.<\/li>\n<li>Sviluppata su una base collaudata per un\u2019affidabilit\u00e0 in grado di soddisfare gli standard del marchio e le aspettative dei clienti.<\/li>\n<li>Il motore V8 De Tomaso di base dispone di una efficiente catena di fornitura e di un adeguato magazzino ricambi.<\/li>\n<li>Il programma del gruppo propulsore \u00e8 stato comparato, testato e ha ricevuto la conformit\u00e0, relativamente alle emissioni e alla durata, per l\u2019utilizzo nei mercati statunitensi ed europei.<\/li>\n<li>L\u2019olandese Louwman Exclusive \u00e8 l\u2019unica concessionaria De Tomaso ufficiale in Europa continentale.<\/li>\n<li>Il prezzo di vendita provvisorio della P72 De Tomaso \u00e8 stato fissato a 750.000 euro (imposte escluse).<\/li>\n<li>I primi modelli, dei soli 72 previsti, arriveranno in Europa alla fine del 2020 ma sono gi\u00e0 ordinabili presso Louwman Exclusive.<\/li>\n<\/ul>\n<p>&nbsp;<\/p>\n<p><strong>Utrecht, Paesi Bassi, 12 dicembre 2019<\/strong> \u2013 Il programma di sviluppo della De Tomaso P72 procede secondo le previsioni e, contemporaneamente, diventa sempre pi\u00f9 chiaro come il proposito di questo progetto sia pi\u00f9 ampio rispetto al solo dato delle prestazioni che una De Tomaso pu\u00f2 regalare.<\/p>\n<p>&#8220;A nostro parere il mercato \u00e8 ora saturo di modelli \u2018limited edition\u2019 commercializzati principalmente in base alle performance\u201d, afferma <strong>Ryan Berris, Direttore Generale e Responsabile Marketing De Tomaso<\/strong>. \u201cCon la P72 abbiamo adottato un approccio inverso: in netto contrasto con quasi tutti gli aspetti del mercato di oggi, la P72 \u00e8 una vera e propria \u2018Moderna Macchina del Tempo\u2019. Gli appassionati e coloro che hanno deciso di prenotare la P72 si rendono conto del significato storico di questo progetto e sono la prova dell\u2019idea che non sia necessario produrre l&#8217;auto pi\u00f9 veloce o pi\u00f9 potente sulla terra per raccogliere interesse. Ci concentriamo sulle nostre origini e sull&#8217;esperienza complessiva, sia dal punto di vista del marchio sia, e soprattutto, da quello dei nostri clienti&#8221;.<\/p>\n<p><strong>La P72: Un Cuore dall&#8217;America<\/strong><\/p>\n<p><em>La P72 non solo rende omaggio al linguaggio e allo spirito del design originale della De Tomaso &#8211; Shelby P70, ma ne condivide anche il cuore americano.<\/em><\/p>\n<p>L\u2019esperienza nello sviluppo di propulsori fa parte della storia leggendaria di De Tomaso ed \u00e8 parte integrante del suo patrimonio genetico. La P72 perpetua orgogliosamente questa tradizione. Durante i primi giorni del programma di rinascita e sviluppo, De Tomaso ha intrattenuto relazioni con vari interlocutori in Europa e negli Stati Uniti valutando in contemporanea i passi futuri da intraprendere. La decisione \u00e8 stata immediatamente chiara: l&#8217;essenza della strategia di rilancio e il proposito dell&#8217;acquisizione del marchio non si sarebbero limitati a raccontare la grande storia del brand, ma sarebbero rimasti fedeli ai pilastri fondamentali su cui De Tomaso \u00e8 stata fondata e questo ha portato a individuare il cuore della P72 in America. I propulsori di derivazione Ford, infatti, hanno fatto parte del DNA De Tomaso fin dall&#8217;inizio.<\/p>\n<p>Una Reminiscenza del Passato<br \/>\n<strong>Il Rapporto De Tomaso &#8211; Ford<\/strong><\/p>\n<p>Il rapporto tra Alejandro de Tomaso e Ford inizi\u00f2 nel 1963, quando svilupp\u00f2 la sua prima automobile stradale, la Vallelunga (1963-1968), una Gran Turismo a motore centrale basato su un Ford Cortina a quattro cilindri. Dopo la Vallelunga, De Tomaso collabor\u00f2 con Carroll Shelby sulla P70 che sfruttava un Ford V8, poi arrivarono la Mangusta (1966-1971), la Pantera (1970-1993), la Deauville (1971-1985), la Longchamp (1972-1986) e la Guar\u00e0 (1993-2004) tutte dotate di gruppi di propulsione di derivazione Ford. Infatti, nel 1970 la Casa automobilistica di Detroit acquis\u00ec una partecipazione azionaria di maggioranza in De Tomaso e la conserv\u00f2 per diversi anni.<\/p>\n<p><strong>Il V8 De Tomaso<\/strong><\/p>\n<p>Il propulsore della P72 \u00e8 il risultato di una collaborazione tecnica tra De Tomaso Automobili e la rinomata societ\u00e0 di ingegneria Roush. Il V8 su misura della P72 \u00e8 stato costruito appositamente da una squadra di ingegneri noti a livello internazionale per essere capaci di soddisfare un insieme specifico di prestazioni e valori normativi, pur mantenendo lo spirito degli anni &#8217;60.<\/p>\n<p>&#8220;Per rispettare questo importante aspetto del programma, abbiamo ritenuto la collaborazione tecnica con Jack Roush e la sua azienda fondamentale&#8221;, spiega <strong>Norman Choi, Presidente De Tomaso<\/strong>. \u201cRoush ha una lunga lista di riconoscimenti nel settore automobilistico e una proficua storia con Ford. Roush, tra i vari progetti, \u00e8 stato coinvolto nello sviluppo del propulsore della Ford GT 550 cv del 2005, un V8 sovralimentato da 5.4 litri, e del 3.5L V6 twin turbo da 647 cv della Ford GT 2017.<\/p>\n<p>&#8220;Siamo orgogliosi di aver dato vita a questa collaborazione strategica dal punto di vista tecnico con De Tomaso per offrire la nostra esperienza nei processi di sviluppo e certificazione del propulsore per l&#8217;omologazione\u201d, dice <strong>Greg White, Vicepresidente Roush Powertrain Engineering Group<\/strong>. \u201cRoush e Roush Performance condividono la medesima passione per la competizione e desiderano portare innovazione sia nel mercato OEM sia nel motorsport&#8221;.<\/p>\n<p>Il V8 De Tomaso utilizza una base Ford collaudata e per assicurare la relazione commerciale \u00e8 stato superato un complesso processo di validazione con Ford che, oggi, garantisce a De Tomaso la fornitura, l&#8217;accesso all&#8217;inventario dei componenti post-vendita e una base di omologazione OEM.<\/p>\n<p>Sebbene lo sviluppo sia ancora in corso, la potenza finale sar\u00e0 pi\u00f9 che sufficiente e si attester\u00e0 ad oltre 700 cv con pi\u00f9 di 825 Nm di coppia disponibile con carburante 91 ottani. Oltre 7.500 i giri\/min previsti.<\/p>\n<p>La P72 sar\u00e0 offerta esclusivamente con il cambio manuale a 6 marce sviluppato da De Tomaso.<\/p>\n<p>Una Sinfonia Unica<br \/>\n<strong>La Colonna Sonora<\/strong><\/p>\n<p>L\u2019acustica del propulsore della P72 \u00e8 stata fin da subito un elemento fondamentale. Doveva suscitare emozioni sia al pilota sia a chi la incontra per strada. La sonorit\u00e0 doveva distinguersi dalla piatta omogeneit\u00e0 offerta dalla maggior parte delle supercar V8 di oggi. Il suono ottenuto ricorda l&#8217;era delle American Muscle degli anni &#8217;60 e, nel contempo, evoca tonalit\u00e0 setose, estremamente sofisticate.<\/p>\n<p>Un lavoro certosino \u00e8 stato svolto per ridurre al minimo qualsiasi rumore proveniente dal sovralimentatore. Lo scopo era quello di fornire ancora una volta quella sensazione di aspirazione naturale offrendo, al tempo stesso, prestazioni di livello superiore ed emissioni che rispettano i severi regolamenti dei mercati statunitense ed europeo.<\/p>\n<p>Inoltre, \u00e8 stato creato un sistema di scarico sinfonico che accoppia l&#8217;acustica trasversale del V8 De Tomaso in uno specifico arrangiamento di tipo &#8220;strumentale&#8221;, in grado di creare un risultato veramente speciale. La sonorit\u00e0 della P72 riporta indietro nel tempo, esattamente come se si fosse nel 1966, sulla griglia di partenza a Le Mans. Nei prossimi mesi, mentre il programma di sviluppo continua, verranno pubblicati video in cui si potr\u00e0 sentire il suono della P72 di serie.<\/p>\n<p><strong>Una Moderna Macchina del Tempo<br \/>\n<\/strong><a href=\"https:\/\/www.louwmanexclusive.com\/brand\/de-tomaso\/\" target=\"_blank\" rel=\"noopener noreferrer\">Louwman Exclusive<\/a> rappresenta in esclusiva De Tomaso nell&#8217;Europa continentale. Le vendite, la manutenzione e l\u2019assistenza saranno effettuati tramite lo showroom sito lungo l&#8217;autostrada A2 a Utrecht, nei Paesi Bassi. &#8220;I nostri consulenti di vendita e i nostri meccanici di grande esperienza riceveranno presto una formazione specifica da De Tomaso per favorire tutti gli aspetti dell\u2019acquisto e dell\u2019assistenza successiva\u201d, spiega<strong> Arjen van Beek, Direttore Generale Louwman Exclusive<\/strong>. \u201cNaturalmente, i nostri clienti sono sempre i benvenuti nella nostra sede, ma i proprietari della P72 non dovranno venire fino a Utrecht per la manutenzione o le eventuali riparazioni: potranno usufruire di un servizio di presa e consegna e lavoreremo con i cosiddetti \u2018flying doctors\u201d, tecnici specializzati che intervengono in loco in caso di problemi su strada&#8221;.<\/p>\n<p>Con un telaio in fibra di carbonio fatto a mano, cambio manuale e design unico, la De Tomaso P72 \u00e8 una squisita combinazione di design di ispirazione classica e tecnologia iper-moderna. L&#8217;interno retr\u00f2 evoca ricordi di prototipi anni &#8217;60 e &#8217;70, con strumenti analogici, rame lucidato e tappezzeria in pelle cucita a diamante. De Tomaso definisce il modello &#8220;una moderna macchina del tempo&#8221;.<\/p>\n<p>Il prezzo di vendita provvisorio della De Tomaso P72, che verr\u00e0 prodotta in sole 72 unit\u00e0, \u00e8 stato fissato a 750.000 euro (imposte escluse). I primi modelli sono previsti in arrivo in Europa alla fine del 2020. Louwman Exclusive \u00e8 gi\u00e0 pronta a ricevere gli ordini dei clienti.<\/p>\n<p><strong>Note per i media:<\/strong><\/p>\n<p><a href=\"https:\/\/www.anicecommunication.it\/de_tomaso\/191212\/191212_CS_DeTomaso_Louwman.zip\" target=\"_blank\" rel=\"noopener noreferrer\">Scarica immagini ad alta risoluzione e testi<\/a><\/p>\n<p>&nbsp;<\/p>\n<p><strong>Ufficio Stampa Italia:<\/strong><\/p>\n<p><a href=\"https:\/\/www.anicecommunication.com\/it\/agenzia-di-comunicazione\/\">Anicecommunication, media relations e pr agency<\/a><\/p>\n","protected":false},"excerpt":{"rendered":"<p>Cuore americano, DNA De Tomaso. Distribuita in Europa dall\u2019olandese Louwman Exclusive<\/p>\n","protected":false},"author":1,"featured_media":16978,"comment_status":"closed","ping_status":"closed","sticky":false,"template":"","format":"standard","meta":{"footnotes":""},"categories":[604,59,66,467,80],"tags":[],"class_list":["post-16975","post","type-post","status-publish","format-standard","has-post-thumbnail","hentry","category-de-tomaso","category-i_nostri_servizi","category-ufficio_stampa","category-press_room","category-blog-anicecommunication"],"yoast_head":"<!-- This site is optimized with the Yoast SEO plugin v27.4 - https:\/\/yoast.com\/product\/yoast-seo-wordpress\/ -->\n<title>De Tomaso P72: in Europa con Louwman Exclusive -<\/title>\n<meta name=\"description\" content=\"Costruita i 72 esemplari, la De Tomaso P72 \u00e8 distribuita in esclusiva in Europa Occidentale da Louwman Exclusive. Anicecommunication ufficio stampa Italia.\" \/>\n<meta name=\"robots\" content=\"index, follow, max-snippet:-1, max-image-preview:large, max-video-preview:-1\" \/>\n<link rel=\"canonical\" href=\"https:\/\/www.anicecommunication.com\/it\/de-tomaso-p72-in-europa-con-louwman-exclusive\/\" \/>\n<meta property=\"og:locale\" content=\"it_IT\" \/>\n<meta property=\"og:type\" content=\"article\" \/>\n<meta property=\"og:title\" content=\"De Tomaso P72: in Europa con Louwman Exclusive -\" \/>\n<meta property=\"og:description\" content=\"Costruita i 72 esemplari, la De Tomaso P72 \u00e8 distribuita in esclusiva in Europa Occidentale da Louwman Exclusive. Anicecommunication ufficio stampa Italia.\" \/>\n<meta property=\"og:url\" content=\"https:\/\/www.anicecommunication.com\/it\/de-tomaso-p72-in-europa-con-louwman-exclusive\/\" \/>\n<meta property=\"og:site_name\" content=\"IT Anice Communication\" \/>\n<meta property=\"article:publisher\" content=\"https:\/\/www.facebook.com\/anicecommunication\" \/>\n<meta property=\"article:author\" content=\"https:\/\/www.facebook.com\/anicecommunication\" \/>\n<meta property=\"article:published_time\" content=\"2019-12-12T17:50:08+00:00\" \/>\n<meta property=\"article:modified_time\" content=\"2021-06-21T13:47:35+00:00\" \/>\n<meta property=\"og:image\" content=\"https:\/\/www.anicecommunication.com\/it\/wp-content\/uploads\/sites\/3\/2019\/12\/De-Tomaso-P72-Front-angle2.jpg\" \/>\n\t<meta property=\"og:image:width\" content=\"1024\" \/>\n\t<meta property=\"og:image:height\" content=\"443\" \/>\n\t<meta property=\"og:image:type\" content=\"image\/jpeg\" \/>\n<meta name=\"author\" content=\"Editorial Staff\" \/>\n<meta name=\"twitter:label1\" content=\"Scritto da\" \/>\n\t<meta name=\"twitter:data1\" content=\"Editorial Staff\" \/>\n\t<meta name=\"twitter:label2\" content=\"Tempo di lettura stimato\" \/>\n\t<meta name=\"twitter:data2\" content=\"7 minuti\" \/>\n<script type=\"application\/ld+json\" class=\"yoast-schema-graph\">{\"@context\":\"https:\\\/\\\/schema.org\",\"@graph\":[{\"@type\":\"Article\",\"@id\":\"https:\\\/\\\/www.anicecommunication.com\\\/it\\\/de-tomaso-p72-in-europa-con-louwman-exclusive\\\/#article\",\"isPartOf\":{\"@id\":\"https:\\\/\\\/www.anicecommunication.com\\\/it\\\/de-tomaso-p72-in-europa-con-louwman-exclusive\\\/\"},\"author\":{\"name\":\"Editorial Staff\",\"@id\":\"https:\\\/\\\/www.anicecommunication.com\\\/it\\\/#\\\/schema\\\/person\\\/d8f9046f11c2ab1ff15f1d0d580184d8\"},\"headline\":\"De Tomaso P72: in Europa con Louwman Exclusive\",\"datePublished\":\"2019-12-12T17:50:08+00:00\",\"dateModified\":\"2021-06-21T13:47:35+00:00\",\"mainEntityOfPage\":{\"@id\":\"https:\\\/\\\/www.anicecommunication.com\\\/it\\\/de-tomaso-p72-in-europa-con-louwman-exclusive\\\/\"},\"wordCount\":1488,\"publisher\":{\"@id\":\"https:\\\/\\\/www.anicecommunication.com\\\/it\\\/#organization\"},\"image\":{\"@id\":\"https:\\\/\\\/www.anicecommunication.com\\\/it\\\/de-tomaso-p72-in-europa-con-louwman-exclusive\\\/#primaryimage\"},\"thumbnailUrl\":\"https:\\\/\\\/www.anicecommunication.com\\\/it\\\/wp-content\\\/uploads\\\/sites\\\/3\\\/2019\\\/12\\\/De-Tomaso-P72-Front-angle2.jpg\",\"articleSection\":[\"De Tomaso\",\"I nostri servizi\",\"L'Ufficio Stampa\",\"Press Room\",\"What A Nice Blog!\"],\"inLanguage\":\"it-IT\"},{\"@type\":\"WebPage\",\"@id\":\"https:\\\/\\\/www.anicecommunication.com\\\/it\\\/de-tomaso-p72-in-europa-con-louwman-exclusive\\\/\",\"url\":\"https:\\\/\\\/www.anicecommunication.com\\\/it\\\/de-tomaso-p72-in-europa-con-louwman-exclusive\\\/\",\"name\":\"De Tomaso P72: in Europa con Louwman Exclusive -\",\"isPartOf\":{\"@id\":\"https:\\\/\\\/www.anicecommunication.com\\\/it\\\/#website\"},\"primaryImageOfPage\":{\"@id\":\"https:\\\/\\\/www.anicecommunication.com\\\/it\\\/de-tomaso-p72-in-europa-con-louwman-exclusive\\\/#primaryimage\"},\"image\":{\"@id\":\"https:\\\/\\\/www.anicecommunication.com\\\/it\\\/de-tomaso-p72-in-europa-con-louwman-exclusive\\\/#primaryimage\"},\"thumbnailUrl\":\"https:\\\/\\\/www.anicecommunication.com\\\/it\\\/wp-content\\\/uploads\\\/sites\\\/3\\\/2019\\\/12\\\/De-Tomaso-P72-Front-angle2.jpg\",\"datePublished\":\"2019-12-12T17:50:08+00:00\",\"dateModified\":\"2021-06-21T13:47:35+00:00\",\"description\":\"Costruita i 72 esemplari, la De Tomaso P72 \u00e8 distribuita in esclusiva in Europa Occidentale da Louwman Exclusive. Anicecommunication ufficio stampa Italia.\",\"breadcrumb\":{\"@id\":\"https:\\\/\\\/www.anicecommunication.com\\\/it\\\/de-tomaso-p72-in-europa-con-louwman-exclusive\\\/#breadcrumb\"},\"inLanguage\":\"it-IT\",\"potentialAction\":[{\"@type\":\"ReadAction\",\"target\":[\"https:\\\/\\\/www.anicecommunication.com\\\/it\\\/de-tomaso-p72-in-europa-con-louwman-exclusive\\\/\"]}]},{\"@type\":\"ImageObject\",\"inLanguage\":\"it-IT\",\"@id\":\"https:\\\/\\\/www.anicecommunication.com\\\/it\\\/de-tomaso-p72-in-europa-con-louwman-exclusive\\\/#primaryimage\",\"url\":\"https:\\\/\\\/www.anicecommunication.com\\\/it\\\/wp-content\\\/uploads\\\/sites\\\/3\\\/2019\\\/12\\\/De-Tomaso-P72-Front-angle2.jpg\",\"contentUrl\":\"https:\\\/\\\/www.anicecommunication.com\\\/it\\\/wp-content\\\/uploads\\\/sites\\\/3\\\/2019\\\/12\\\/De-Tomaso-P72-Front-angle2.jpg\",\"width\":1024,\"height\":443,\"caption\":\"De Tomaso P72\"},{\"@type\":\"BreadcrumbList\",\"@id\":\"https:\\\/\\\/www.anicecommunication.com\\\/it\\\/de-tomaso-p72-in-europa-con-louwman-exclusive\\\/#breadcrumb\",\"itemListElement\":[{\"@type\":\"ListItem\",\"position\":1,\"name\":\"Home\",\"item\":\"https:\\\/\\\/www.anicecommunication.com\\\/it\\\/\"},{\"@type\":\"ListItem\",\"position\":2,\"name\":\"De Tomaso P72: in Europa con Louwman Exclusive\"}]},{\"@type\":\"WebSite\",\"@id\":\"https:\\\/\\\/www.anicecommunication.com\\\/it\\\/#website\",\"url\":\"https:\\\/\\\/www.anicecommunication.com\\\/it\\\/\",\"name\":\"IT Anice Communication\",\"description\":\"Anicecommunication agenzia di pubbliche relazioni,  ufficio stampa, media relations, automotive e mobility a livello internazionale - Torino\",\"publisher\":{\"@id\":\"https:\\\/\\\/www.anicecommunication.com\\\/it\\\/#organization\"},\"potentialAction\":[{\"@type\":\"SearchAction\",\"target\":{\"@type\":\"EntryPoint\",\"urlTemplate\":\"https:\\\/\\\/www.anicecommunication.com\\\/it\\\/?s={search_term_string}\"},\"query-input\":{\"@type\":\"PropertyValueSpecification\",\"valueRequired\":true,\"valueName\":\"search_term_string\"}}],\"inLanguage\":\"it-IT\"},{\"@type\":\"Organization\",\"@id\":\"https:\\\/\\\/www.anicecommunication.com\\\/it\\\/#organization\",\"name\":\"Anice SRL - Agenzia di comunicazione, mobility and automotive media relations & PR in Italia, Europa\",\"alternateName\":\"Anicecommunication\",\"url\":\"https:\\\/\\\/www.anicecommunication.com\\\/it\\\/\",\"logo\":{\"@type\":\"ImageObject\",\"inLanguage\":\"it-IT\",\"@id\":\"https:\\\/\\\/www.anicecommunication.com\\\/it\\\/#\\\/schema\\\/logo\\\/image\\\/\",\"url\":\"https:\\\/\\\/www.anicecommunication.com\\\/it\\\/wp-content\\\/uploads\\\/sites\\\/3\\\/2023\\\/06\\\/Anice_696x696.jpg\",\"contentUrl\":\"https:\\\/\\\/www.anicecommunication.com\\\/it\\\/wp-content\\\/uploads\\\/sites\\\/3\\\/2023\\\/06\\\/Anice_696x696.jpg\",\"width\":696,\"height\":696,\"caption\":\"Anice SRL - Agenzia di comunicazione, mobility and automotive media relations & PR in Italia, Europa\"},\"image\":{\"@id\":\"https:\\\/\\\/www.anicecommunication.com\\\/it\\\/#\\\/schema\\\/logo\\\/image\\\/\"},\"sameAs\":[\"https:\\\/\\\/www.facebook.com\\\/anicecommunication\",\"https:\\\/\\\/x.com\\\/Anicecom\",\"https:\\\/\\\/instagram.com\\\/anicecom\\\/\",\"https:\\\/\\\/www.linkedin.com\\\/company\\\/anice-s-r-l-\"]},{\"@type\":\"Person\",\"@id\":\"https:\\\/\\\/www.anicecommunication.com\\\/it\\\/#\\\/schema\\\/person\\\/d8f9046f11c2ab1ff15f1d0d580184d8\",\"name\":\"Editorial Staff\",\"image\":{\"@type\":\"ImageObject\",\"inLanguage\":\"it-IT\",\"@id\":\"https:\\\/\\\/secure.gravatar.com\\\/avatar\\\/62128a8e64953c282b330a12e5b592d8bc5d299b46ab0e6928129ae0d79e528a?s=96&d=mm&r=g\",\"url\":\"https:\\\/\\\/secure.gravatar.com\\\/avatar\\\/62128a8e64953c282b330a12e5b592d8bc5d299b46ab0e6928129ae0d79e528a?s=96&d=mm&r=g\",\"contentUrl\":\"https:\\\/\\\/secure.gravatar.com\\\/avatar\\\/62128a8e64953c282b330a12e5b592d8bc5d299b46ab0e6928129ae0d79e528a?s=96&d=mm&r=g\",\"caption\":\"Editorial Staff\"},\"description\":\"La redazione di Anicecommunication \u00e8 composta da giornalisti, esperti di comunicazione e marketing, content manager e storyteller.\",\"sameAs\":[\"http:\\\/\\\/www.anicecommunication.com\",\"https:\\\/\\\/www.facebook.com\\\/anicecommunication\",\"https:\\\/\\\/x.com\\\/anicecom\"]}]}<\/script>\n<!-- \/ Yoast SEO plugin. -->","yoast_head_json":{"title":"De Tomaso P72: in Europa con Louwman Exclusive -","description":"Costruita i 72 esemplari, la De Tomaso P72 \u00e8 distribuita in esclusiva in Europa Occidentale da Louwman Exclusive. Anicecommunication ufficio stampa Italia.","robots":{"index":"index","follow":"follow","max-snippet":"max-snippet:-1","max-image-preview":"max-image-preview:large","max-video-preview":"max-video-preview:-1"},"canonical":"https:\/\/www.anicecommunication.com\/it\/de-tomaso-p72-in-europa-con-louwman-exclusive\/","og_locale":"it_IT","og_type":"article","og_title":"De Tomaso P72: in Europa con Louwman Exclusive -","og_description":"Costruita i 72 esemplari, la De Tomaso P72 \u00e8 distribuita in esclusiva in Europa Occidentale da Louwman Exclusive. Anicecommunication ufficio stampa Italia.","og_url":"https:\/\/www.anicecommunication.com\/it\/de-tomaso-p72-in-europa-con-louwman-exclusive\/","og_site_name":"IT Anice Communication","article_publisher":"https:\/\/www.facebook.com\/anicecommunication","article_author":"https:\/\/www.facebook.com\/anicecommunication","article_published_time":"2019-12-12T17:50:08+00:00","article_modified_time":"2021-06-21T13:47:35+00:00","og_image":[{"width":1024,"height":443,"url":"https:\/\/www.anicecommunication.com\/it\/wp-content\/uploads\/sites\/3\/2019\/12\/De-Tomaso-P72-Front-angle2.jpg","type":"image\/jpeg"}],"author":"Editorial Staff","twitter_misc":{"Scritto da":"Editorial Staff","Tempo di lettura stimato":"7 minuti"},"schema":{"@context":"https:\/\/schema.org","@graph":[{"@type":"Article","@id":"https:\/\/www.anicecommunication.com\/it\/de-tomaso-p72-in-europa-con-louwman-exclusive\/#article","isPartOf":{"@id":"https:\/\/www.anicecommunication.com\/it\/de-tomaso-p72-in-europa-con-louwman-exclusive\/"},"author":{"name":"Editorial Staff","@id":"https:\/\/www.anicecommunication.com\/it\/#\/schema\/person\/d8f9046f11c2ab1ff15f1d0d580184d8"},"headline":"De Tomaso P72: in Europa con Louwman Exclusive","datePublished":"2019-12-12T17:50:08+00:00","dateModified":"2021-06-21T13:47:35+00:00","mainEntityOfPage":{"@id":"https:\/\/www.anicecommunication.com\/it\/de-tomaso-p72-in-europa-con-louwman-exclusive\/"},"wordCount":1488,"publisher":{"@id":"https:\/\/www.anicecommunication.com\/it\/#organization"},"image":{"@id":"https:\/\/www.anicecommunication.com\/it\/de-tomaso-p72-in-europa-con-louwman-exclusive\/#primaryimage"},"thumbnailUrl":"https:\/\/www.anicecommunication.com\/it\/wp-content\/uploads\/sites\/3\/2019\/12\/De-Tomaso-P72-Front-angle2.jpg","articleSection":["De Tomaso","I nostri servizi","L'Ufficio Stampa","Press Room","What A Nice Blog!"],"inLanguage":"it-IT"},{"@type":"WebPage","@id":"https:\/\/www.anicecommunication.com\/it\/de-tomaso-p72-in-europa-con-louwman-exclusive\/","url":"https:\/\/www.anicecommunication.com\/it\/de-tomaso-p72-in-europa-con-louwman-exclusive\/","name":"De Tomaso P72: in Europa con Louwman Exclusive -","isPartOf":{"@id":"https:\/\/www.anicecommunication.com\/it\/#website"},"primaryImageOfPage":{"@id":"https:\/\/www.anicecommunication.com\/it\/de-tomaso-p72-in-europa-con-louwman-exclusive\/#primaryimage"},"image":{"@id":"https:\/\/www.anicecommunication.com\/it\/de-tomaso-p72-in-europa-con-louwman-exclusive\/#primaryimage"},"thumbnailUrl":"https:\/\/www.anicecommunication.com\/it\/wp-content\/uploads\/sites\/3\/2019\/12\/De-Tomaso-P72-Front-angle2.jpg","datePublished":"2019-12-12T17:50:08+00:00","dateModified":"2021-06-21T13:47:35+00:00","description":"Costruita i 72 esemplari, la De Tomaso P72 \u00e8 distribuita in esclusiva in Europa Occidentale da Louwman Exclusive. Anicecommunication ufficio stampa Italia.","breadcrumb":{"@id":"https:\/\/www.anicecommunication.com\/it\/de-tomaso-p72-in-europa-con-louwman-exclusive\/#breadcrumb"},"inLanguage":"it-IT","potentialAction":[{"@type":"ReadAction","target":["https:\/\/www.anicecommunication.com\/it\/de-tomaso-p72-in-europa-con-louwman-exclusive\/"]}]},{"@type":"ImageObject","inLanguage":"it-IT","@id":"https:\/\/www.anicecommunication.com\/it\/de-tomaso-p72-in-europa-con-louwman-exclusive\/#primaryimage","url":"https:\/\/www.anicecommunication.com\/it\/wp-content\/uploads\/sites\/3\/2019\/12\/De-Tomaso-P72-Front-angle2.jpg","contentUrl":"https:\/\/www.anicecommunication.com\/it\/wp-content\/uploads\/sites\/3\/2019\/12\/De-Tomaso-P72-Front-angle2.jpg","width":1024,"height":443,"caption":"De Tomaso P72"},{"@type":"BreadcrumbList","@id":"https:\/\/www.anicecommunication.com\/it\/de-tomaso-p72-in-europa-con-louwman-exclusive\/#breadcrumb","itemListElement":[{"@type":"ListItem","position":1,"name":"Home","item":"https:\/\/www.anicecommunication.com\/it\/"},{"@type":"ListItem","position":2,"name":"De Tomaso P72: in Europa con Louwman Exclusive"}]},{"@type":"WebSite","@id":"https:\/\/www.anicecommunication.com\/it\/#website","url":"https:\/\/www.anicecommunication.com\/it\/","name":"IT Anice Communication","description":"Anicecommunication agenzia di pubbliche relazioni,  ufficio stampa, media relations, automotive e mobility a livello internazionale - Torino","publisher":{"@id":"https:\/\/www.anicecommunication.com\/it\/#organization"},"potentialAction":[{"@type":"SearchAction","target":{"@type":"EntryPoint","urlTemplate":"https:\/\/www.anicecommunication.com\/it\/?s={search_term_string}"},"query-input":{"@type":"PropertyValueSpecification","valueRequired":true,"valueName":"search_term_string"}}],"inLanguage":"it-IT"},{"@type":"Organization","@id":"https:\/\/www.anicecommunication.com\/it\/#organization","name":"Anice SRL - Agenzia di comunicazione, mobility and automotive media relations & PR in Italia, Europa","alternateName":"Anicecommunication","url":"https:\/\/www.anicecommunication.com\/it\/","logo":{"@type":"ImageObject","inLanguage":"it-IT","@id":"https:\/\/www.anicecommunication.com\/it\/#\/schema\/logo\/image\/","url":"https:\/\/www.anicecommunication.com\/it\/wp-content\/uploads\/sites\/3\/2023\/06\/Anice_696x696.jpg","contentUrl":"https:\/\/www.anicecommunication.com\/it\/wp-content\/uploads\/sites\/3\/2023\/06\/Anice_696x696.jpg","width":696,"height":696,"caption":"Anice SRL - Agenzia di comunicazione, mobility and automotive media relations & PR in Italia, Europa"},"image":{"@id":"https:\/\/www.anicecommunication.com\/it\/#\/schema\/logo\/image\/"},"sameAs":["https:\/\/www.facebook.com\/anicecommunication","https:\/\/x.com\/Anicecom","https:\/\/instagram.com\/anicecom\/","https:\/\/www.linkedin.com\/company\/anice-s-r-l-"]},{"@type":"Person","@id":"https:\/\/www.anicecommunication.com\/it\/#\/schema\/person\/d8f9046f11c2ab1ff15f1d0d580184d8","name":"Editorial Staff","image":{"@type":"ImageObject","inLanguage":"it-IT","@id":"https:\/\/secure.gravatar.com\/avatar\/62128a8e64953c282b330a12e5b592d8bc5d299b46ab0e6928129ae0d79e528a?s=96&d=mm&r=g","url":"https:\/\/secure.gravatar.com\/avatar\/62128a8e64953c282b330a12e5b592d8bc5d299b46ab0e6928129ae0d79e528a?s=96&d=mm&r=g","contentUrl":"https:\/\/secure.gravatar.com\/avatar\/62128a8e64953c282b330a12e5b592d8bc5d299b46ab0e6928129ae0d79e528a?s=96&d=mm&r=g","caption":"Editorial Staff"},"description":"La redazione di Anicecommunication \u00e8 composta da giornalisti, esperti di comunicazione e marketing, content manager e storyteller.","sameAs":["http:\/\/www.anicecommunication.com","https:\/\/www.facebook.com\/anicecommunication","https:\/\/x.com\/anicecom"]}]}},"_links":{"self":[{"href":"https:\/\/www.anicecommunication.com\/it\/wp-json\/wp\/v2\/posts\/16975","targetHints":{"allow":["GET"]}}],"collection":[{"href":"https:\/\/www.anicecommunication.com\/it\/wp-json\/wp\/v2\/posts"}],"about":[{"href":"https:\/\/www.anicecommunication.com\/it\/wp-json\/wp\/v2\/types\/post"}],"author":[{"embeddable":true,"href":"https:\/\/www.anicecommunication.com\/it\/wp-json\/wp\/v2\/users\/1"}],"replies":[{"embeddable":true,"href":"https:\/\/www.anicecommunication.com\/it\/wp-json\/wp\/v2\/comments?post=16975"}],"version-history":[{"count":6,"href":"https:\/\/www.anicecommunication.com\/it\/wp-json\/wp\/v2\/posts\/16975\/revisions"}],"predecessor-version":[{"id":17013,"href":"https:\/\/www.anicecommunication.com\/it\/wp-json\/wp\/v2\/posts\/16975\/revisions\/17013"}],"wp:featuredmedia":[{"embeddable":true,"href":"https:\/\/www.anicecommunication.com\/it\/wp-json\/wp\/v2\/media\/16978"}],"wp:attachment":[{"href":"https:\/\/www.anicecommunication.com\/it\/wp-json\/wp\/v2\/media?parent=16975"}],"wp:term":[{"taxonomy":"category","embeddable":true,"href":"https:\/\/www.anicecommunication.com\/it\/wp-json\/wp\/v2\/categories?post=16975"},{"taxonomy":"post_tag","embeddable":true,"href":"https:\/\/www.anicecommunication.com\/it\/wp-json\/wp\/v2\/tags?post=16975"}],"curies":[{"name":"wp","href":"https:\/\/api.w.org\/{rel}","templated":true}]}}