{"id":17273,"date":"2020-07-14T12:47:40","date_gmt":"2020-07-14T10:47:40","guid":{"rendered":"https:\/\/www.anicecommunication.com\/it\/?p=17273"},"modified":"2021-06-21T14:32:16","modified_gmt":"2021-06-21T12:32:16","slug":"petronas-quartier-generale-emea-a-torino","status":"publish","type":"post","link":"https:\/\/www.anicecommunication.com\/it\/petronas-quartier-generale-emea-a-torino\/","title":{"rendered":"PETRONAS: quartier generale EMEA a Torino"},"content":{"rendered":"<p>La sede<\/p>\n<p><!--more-->torinese di <a href=\"https:\/\/pli.press\/it\/2020\/07\/10\/petronas-quartiere-generale-emea-a-torino\/\" target=\"_blank\" rel=\"noopener noreferrer\">PETRONAS Lubricants International (PLI)<\/a>, divisione dedicata allo sviluppo, alla produzione e alla commercializzazione di lubrificanti PETRONAS, societ\u00e0 petrolifera nazionale della Malesia, assume la guida di tutti i mercati dell\u2019area EMEA (Europe, Middle East e Africa) e stabilisce cos\u00ec il suo quartier generale EMEA a Torino.<\/p>\n<p>Si conferma cos\u00ec il ruolo strategico dell\u2019Italia nel piano di sviluppo industriale internazionale del gruppo malese, a conclusione di un iter avviato da tempo. L\u2019acquisizione della responsabilit\u00e0 di quartier generale EMEA da parte dell\u2019azienda di Santena (TO), che gi\u00e0 ospita il Centro Globale di Ricerca e Tecnologia PETRONAS, la eleva a polo di assoluto riferimento nel mondo dei lubrificanti ad alto contenuto tecnologico.<\/p>\n<p>Nella sua nuova veste, il centro direzionale torinese vede aumentare il numero complessivo dei dipendenti a 924 unit\u00e0. Ai 910 lavoratori europei gi\u00e0 in organigramma, di cui 555 in Italia suddivisi tra Santena e Napoli, se ne aggiungono altri 11 negli Emirati Arabi e 3 in Egitto.<\/p>\n<p><a href=\"https:\/\/www.anicecommunication.com\/it\/wp-content\/uploads\/sites\/3\/2020\/07\/Petronas_RT_Centre_Santena_TO.jpg\"><img decoding=\"async\" class=\"aligncenter size-full wp-image-17274\" src=\"https:\/\/www.anicecommunication.com\/it\/wp-content\/uploads\/sites\/3\/2020\/07\/Petronas_RT_Centre_Santena_TO.jpg\" alt=\"Petronas R&amp;T Centre Emea Region a Santena_TO\" width=\"1920\" height=\"1198\" srcset=\"https:\/\/www.anicecommunication.com\/it\/wp-content\/uploads\/sites\/3\/2020\/07\/Petronas_RT_Centre_Santena_TO-200x125.jpg 200w, https:\/\/www.anicecommunication.com\/it\/wp-content\/uploads\/sites\/3\/2020\/07\/Petronas_RT_Centre_Santena_TO-300x187.jpg 300w, https:\/\/www.anicecommunication.com\/it\/wp-content\/uploads\/sites\/3\/2020\/07\/Petronas_RT_Centre_Santena_TO-400x250.jpg 400w, https:\/\/www.anicecommunication.com\/it\/wp-content\/uploads\/sites\/3\/2020\/07\/Petronas_RT_Centre_Santena_TO-600x374.jpg 600w, https:\/\/www.anicecommunication.com\/it\/wp-content\/uploads\/sites\/3\/2020\/07\/Petronas_RT_Centre_Santena_TO-768x479.jpg 768w, https:\/\/www.anicecommunication.com\/it\/wp-content\/uploads\/sites\/3\/2020\/07\/Petronas_RT_Centre_Santena_TO-800x499.jpg 800w, https:\/\/www.anicecommunication.com\/it\/wp-content\/uploads\/sites\/3\/2020\/07\/Petronas_RT_Centre_Santena_TO-1024x639.jpg 1024w, https:\/\/www.anicecommunication.com\/it\/wp-content\/uploads\/sites\/3\/2020\/07\/Petronas_RT_Centre_Santena_TO-1200x749.jpg 1200w, https:\/\/www.anicecommunication.com\/it\/wp-content\/uploads\/sites\/3\/2020\/07\/Petronas_RT_Centre_Santena_TO-1536x958.jpg 1536w, https:\/\/www.anicecommunication.com\/it\/wp-content\/uploads\/sites\/3\/2020\/07\/Petronas_RT_Centre_Santena_TO.jpg 1920w\" sizes=\"(max-width: 1920px) 100vw, 1920px\" \/><\/a><\/p>\n<p><em>\u201cLa designazione ufficiale di quartier generale EMEA non solo ci rende orgogliosi, ma rappresenta anche un importante tassello nel nuovo modello organizzativo, finalizzato a rendere l\u2019azienda pi\u00f9 agile e capace di rispondere rapidamente alle richieste dei settori in cui operiamo e dei nostri clienti OEM, per i quali sviluppiamo lubrificanti e fluidi funzionali espressamente dedicati,<\/em> commenta Domenico Ciaglia, Managing Director EMEA Region.<em> \u201cCentralizzare le attivit\u00e0 strategiche, definire ruoli chiari e creare team interfunzionali: sono queste le leve su cui riteniamo si debba lavorare. Solo un&#8217;organizzazione focalizzata sul cliente, aperta al cambiamento e reattiva agli stimoli esterni pu\u00f2 oggi confrontarsi con successo su mercati sempre pi\u00f9 complessi. E proprio il modo con cui \u00e8 stata affrontata l\u2019attuale emergenza sanitaria, che ci ha visto continuare l\u2019attivit\u00e0 \u2013 come previsto dai decreti emanati dall\u2019autorit\u00e0 competente \u2013 garantendo fin dal principio i pi\u00f9 elevati standard di sicurezza per il nostro personale, ne \u00e8 una dimostrazione\u201d.<\/em><\/p>\n<p><a href=\"https:\/\/pli.press\/it\/2020\/07\/10\/petronas-quartiere-generale-emea-a-torino\/\" target=\"_blank\" rel=\"noopener noreferrer\">Scarica il comunicato e le immagini&gt;&gt;&gt;<\/a><\/p>\n<p>Anicecommunication &#8211; <a href=\"https:\/\/www.anicecommunication.com\/it\/pr-petronas-ad-anice\/\">Ufficio Stampa Italia Petronas Lubricants International<\/a><\/p>\n","protected":false},"excerpt":{"rendered":"<p>La sede<\/p>\n","protected":false},"author":1,"featured_media":17274,"comment_status":"closed","ping_status":"closed","sticky":false,"template":"","format":"standard","meta":{"footnotes":""},"categories":[59,66,599,467,80],"tags":[115,465,535,93],"class_list":["post-17273","post","type-post","status-publish","format-standard","has-post-thumbnail","hentry","category-i_nostri_servizi","category-ufficio_stampa","category-petronas","category-press_room","category-blog-anicecommunication","tag-anicecommunication","tag-petronas-lubricants-international","tag-petronas-quartier-generale-emea-a-torino","tag-ufficio-stampa-e-pr"],"yoast_head":"<!-- This site is optimized with the Yoast SEO plugin v27.4 - https:\/\/yoast.com\/product\/yoast-seo-wordpress\/ -->\n<title>Petronas: quartier generale EMEA a Torino presso l&#039;R&amp;T Centre di Santena<\/title>\n<meta name=\"description\" content=\"Petronas stabilisce il suo quartier generale EMEA a Torino, pi\u00f9 precisamente nel R&amp;T Center di Santena- Villastellone. Leggi il comunicato\" \/>\n<meta name=\"robots\" content=\"index, follow, max-snippet:-1, max-image-preview:large, max-video-preview:-1\" \/>\n<link rel=\"canonical\" href=\"https:\/\/www.anicecommunication.com\/it\/petronas-quartier-generale-emea-a-torino\/\" \/>\n<meta property=\"og:locale\" content=\"it_IT\" \/>\n<meta property=\"og:type\" content=\"article\" \/>\n<meta property=\"og:title\" content=\"Petronas: quartier generale EMEA a Torino presso l&#039;R&amp;T Centre di Santena\" \/>\n<meta property=\"og:description\" content=\"Petronas stabilisce il suo quartier generale EMEA a Torino, pi\u00f9 precisamente nel R&amp;T Center di Santena- Villastellone. Leggi il comunicato\" \/>\n<meta property=\"og:url\" content=\"https:\/\/www.anicecommunication.com\/it\/petronas-quartier-generale-emea-a-torino\/\" \/>\n<meta property=\"og:site_name\" content=\"IT Anice Communication\" \/>\n<meta property=\"article:publisher\" content=\"https:\/\/www.facebook.com\/anicecommunication\" \/>\n<meta property=\"article:author\" content=\"https:\/\/www.facebook.com\/anicecommunication\" \/>\n<meta property=\"article:published_time\" content=\"2020-07-14T10:47:40+00:00\" \/>\n<meta property=\"article:modified_time\" content=\"2021-06-21T12:32:16+00:00\" \/>\n<meta property=\"og:image\" content=\"https:\/\/www.anicecommunication.com\/it\/wp-content\/uploads\/sites\/3\/2020\/07\/Petronas_RT_Centre_Santena_TO.jpg\" \/>\n\t<meta property=\"og:image:width\" content=\"1920\" \/>\n\t<meta property=\"og:image:height\" content=\"1198\" \/>\n\t<meta property=\"og:image:type\" content=\"image\/jpeg\" \/>\n<meta name=\"author\" content=\"Editorial Staff\" \/>\n<meta name=\"twitter:label1\" content=\"Scritto da\" \/>\n\t<meta name=\"twitter:data1\" content=\"Editorial Staff\" \/>\n\t<meta name=\"twitter:label2\" content=\"Tempo di lettura stimato\" \/>\n\t<meta name=\"twitter:data2\" content=\"2 minuti\" \/>\n<script type=\"application\/ld+json\" class=\"yoast-schema-graph\">{\"@context\":\"https:\\\/\\\/schema.org\",\"@graph\":[{\"@type\":\"Article\",\"@id\":\"https:\\\/\\\/www.anicecommunication.com\\\/it\\\/petronas-quartier-generale-emea-a-torino\\\/#article\",\"isPartOf\":{\"@id\":\"https:\\\/\\\/www.anicecommunication.com\\\/it\\\/petronas-quartier-generale-emea-a-torino\\\/\"},\"author\":{\"name\":\"Editorial Staff\",\"@id\":\"https:\\\/\\\/www.anicecommunication.com\\\/it\\\/#\\\/schema\\\/person\\\/d8f9046f11c2ab1ff15f1d0d580184d8\"},\"headline\":\"PETRONAS: quartier generale EMEA a Torino\",\"datePublished\":\"2020-07-14T10:47:40+00:00\",\"dateModified\":\"2021-06-21T12:32:16+00:00\",\"mainEntityOfPage\":{\"@id\":\"https:\\\/\\\/www.anicecommunication.com\\\/it\\\/petronas-quartier-generale-emea-a-torino\\\/\"},\"wordCount\":333,\"publisher\":{\"@id\":\"https:\\\/\\\/www.anicecommunication.com\\\/it\\\/#organization\"},\"image\":{\"@id\":\"https:\\\/\\\/www.anicecommunication.com\\\/it\\\/petronas-quartier-generale-emea-a-torino\\\/#primaryimage\"},\"thumbnailUrl\":\"https:\\\/\\\/www.anicecommunication.com\\\/it\\\/wp-content\\\/uploads\\\/sites\\\/3\\\/2020\\\/07\\\/Petronas_RT_Centre_Santena_TO.jpg\",\"keywords\":[\"Anicecommunication\",\"Petronas Lubricants International\",\"Petronas quartier generale EMEA a Torino\",\"Ufficio stampa e PR\"],\"articleSection\":[\"I nostri servizi\",\"L'Ufficio Stampa\",\"PLI - Petronas\",\"Press Room\",\"What A Nice Blog!\"],\"inLanguage\":\"it-IT\"},{\"@type\":\"WebPage\",\"@id\":\"https:\\\/\\\/www.anicecommunication.com\\\/it\\\/petronas-quartier-generale-emea-a-torino\\\/\",\"url\":\"https:\\\/\\\/www.anicecommunication.com\\\/it\\\/petronas-quartier-generale-emea-a-torino\\\/\",\"name\":\"Petronas: quartier generale EMEA a Torino presso l'R&T Centre di Santena\",\"isPartOf\":{\"@id\":\"https:\\\/\\\/www.anicecommunication.com\\\/it\\\/#website\"},\"primaryImageOfPage\":{\"@id\":\"https:\\\/\\\/www.anicecommunication.com\\\/it\\\/petronas-quartier-generale-emea-a-torino\\\/#primaryimage\"},\"image\":{\"@id\":\"https:\\\/\\\/www.anicecommunication.com\\\/it\\\/petronas-quartier-generale-emea-a-torino\\\/#primaryimage\"},\"thumbnailUrl\":\"https:\\\/\\\/www.anicecommunication.com\\\/it\\\/wp-content\\\/uploads\\\/sites\\\/3\\\/2020\\\/07\\\/Petronas_RT_Centre_Santena_TO.jpg\",\"datePublished\":\"2020-07-14T10:47:40+00:00\",\"dateModified\":\"2021-06-21T12:32:16+00:00\",\"description\":\"Petronas stabilisce il suo quartier generale EMEA a Torino, pi\u00f9 precisamente nel R&T Center di Santena- Villastellone. Leggi il comunicato\",\"breadcrumb\":{\"@id\":\"https:\\\/\\\/www.anicecommunication.com\\\/it\\\/petronas-quartier-generale-emea-a-torino\\\/#breadcrumb\"},\"inLanguage\":\"it-IT\",\"potentialAction\":[{\"@type\":\"ReadAction\",\"target\":[\"https:\\\/\\\/www.anicecommunication.com\\\/it\\\/petronas-quartier-generale-emea-a-torino\\\/\"]}]},{\"@type\":\"ImageObject\",\"inLanguage\":\"it-IT\",\"@id\":\"https:\\\/\\\/www.anicecommunication.com\\\/it\\\/petronas-quartier-generale-emea-a-torino\\\/#primaryimage\",\"url\":\"https:\\\/\\\/www.anicecommunication.com\\\/it\\\/wp-content\\\/uploads\\\/sites\\\/3\\\/2020\\\/07\\\/Petronas_RT_Centre_Santena_TO.jpg\",\"contentUrl\":\"https:\\\/\\\/www.anicecommunication.com\\\/it\\\/wp-content\\\/uploads\\\/sites\\\/3\\\/2020\\\/07\\\/Petronas_RT_Centre_Santena_TO.jpg\",\"width\":1920,\"height\":1198,\"caption\":\"Petronas quartier generale EMEA a Torino\"},{\"@type\":\"BreadcrumbList\",\"@id\":\"https:\\\/\\\/www.anicecommunication.com\\\/it\\\/petronas-quartier-generale-emea-a-torino\\\/#breadcrumb\",\"itemListElement\":[{\"@type\":\"ListItem\",\"position\":1,\"name\":\"Home\",\"item\":\"https:\\\/\\\/www.anicecommunication.com\\\/it\\\/\"},{\"@type\":\"ListItem\",\"position\":2,\"name\":\"PETRONAS: quartier generale EMEA a Torino\"}]},{\"@type\":\"WebSite\",\"@id\":\"https:\\\/\\\/www.anicecommunication.com\\\/it\\\/#website\",\"url\":\"https:\\\/\\\/www.anicecommunication.com\\\/it\\\/\",\"name\":\"IT Anice Communication\",\"description\":\"Anicecommunication agenzia di pubbliche relazioni,  ufficio stampa, media relations, automotive e mobility a livello internazionale - Torino\",\"publisher\":{\"@id\":\"https:\\\/\\\/www.anicecommunication.com\\\/it\\\/#organization\"},\"potentialAction\":[{\"@type\":\"SearchAction\",\"target\":{\"@type\":\"EntryPoint\",\"urlTemplate\":\"https:\\\/\\\/www.anicecommunication.com\\\/it\\\/?s={search_term_string}\"},\"query-input\":{\"@type\":\"PropertyValueSpecification\",\"valueRequired\":true,\"valueName\":\"search_term_string\"}}],\"inLanguage\":\"it-IT\"},{\"@type\":\"Organization\",\"@id\":\"https:\\\/\\\/www.anicecommunication.com\\\/it\\\/#organization\",\"name\":\"Anice SRL - Agenzia di comunicazione, mobility and automotive media relations & PR in Italia, Europa\",\"alternateName\":\"Anicecommunication\",\"url\":\"https:\\\/\\\/www.anicecommunication.com\\\/it\\\/\",\"logo\":{\"@type\":\"ImageObject\",\"inLanguage\":\"it-IT\",\"@id\":\"https:\\\/\\\/www.anicecommunication.com\\\/it\\\/#\\\/schema\\\/logo\\\/image\\\/\",\"url\":\"https:\\\/\\\/www.anicecommunication.com\\\/it\\\/wp-content\\\/uploads\\\/sites\\\/3\\\/2023\\\/06\\\/Anice_696x696.jpg\",\"contentUrl\":\"https:\\\/\\\/www.anicecommunication.com\\\/it\\\/wp-content\\\/uploads\\\/sites\\\/3\\\/2023\\\/06\\\/Anice_696x696.jpg\",\"width\":696,\"height\":696,\"caption\":\"Anice SRL - Agenzia di comunicazione, mobility and automotive media relations & PR in Italia, Europa\"},\"image\":{\"@id\":\"https:\\\/\\\/www.anicecommunication.com\\\/it\\\/#\\\/schema\\\/logo\\\/image\\\/\"},\"sameAs\":[\"https:\\\/\\\/www.facebook.com\\\/anicecommunication\",\"https:\\\/\\\/x.com\\\/Anicecom\",\"https:\\\/\\\/instagram.com\\\/anicecom\\\/\",\"https:\\\/\\\/www.linkedin.com\\\/company\\\/anice-s-r-l-\"]},{\"@type\":\"Person\",\"@id\":\"https:\\\/\\\/www.anicecommunication.com\\\/it\\\/#\\\/schema\\\/person\\\/d8f9046f11c2ab1ff15f1d0d580184d8\",\"name\":\"Editorial Staff\",\"image\":{\"@type\":\"ImageObject\",\"inLanguage\":\"it-IT\",\"@id\":\"https:\\\/\\\/secure.gravatar.com\\\/avatar\\\/62128a8e64953c282b330a12e5b592d8bc5d299b46ab0e6928129ae0d79e528a?s=96&d=mm&r=g\",\"url\":\"https:\\\/\\\/secure.gravatar.com\\\/avatar\\\/62128a8e64953c282b330a12e5b592d8bc5d299b46ab0e6928129ae0d79e528a?s=96&d=mm&r=g\",\"contentUrl\":\"https:\\\/\\\/secure.gravatar.com\\\/avatar\\\/62128a8e64953c282b330a12e5b592d8bc5d299b46ab0e6928129ae0d79e528a?s=96&d=mm&r=g\",\"caption\":\"Editorial Staff\"},\"description\":\"La redazione di Anicecommunication \u00e8 composta da giornalisti, esperti di comunicazione e marketing, content manager e storyteller.\",\"sameAs\":[\"http:\\\/\\\/www.anicecommunication.com\",\"https:\\\/\\\/www.facebook.com\\\/anicecommunication\",\"https:\\\/\\\/x.com\\\/anicecom\"]}]}<\/script>\n<!-- \/ Yoast SEO plugin. -->","yoast_head_json":{"title":"Petronas: quartier generale EMEA a Torino presso l'R&T Centre di Santena","description":"Petronas stabilisce il suo quartier generale EMEA a Torino, pi\u00f9 precisamente nel R&T Center di Santena- Villastellone. Leggi il comunicato","robots":{"index":"index","follow":"follow","max-snippet":"max-snippet:-1","max-image-preview":"max-image-preview:large","max-video-preview":"max-video-preview:-1"},"canonical":"https:\/\/www.anicecommunication.com\/it\/petronas-quartier-generale-emea-a-torino\/","og_locale":"it_IT","og_type":"article","og_title":"Petronas: quartier generale EMEA a Torino presso l'R&T Centre di Santena","og_description":"Petronas stabilisce il suo quartier generale EMEA a Torino, pi\u00f9 precisamente nel R&T Center di Santena- Villastellone. Leggi il comunicato","og_url":"https:\/\/www.anicecommunication.com\/it\/petronas-quartier-generale-emea-a-torino\/","og_site_name":"IT Anice Communication","article_publisher":"https:\/\/www.facebook.com\/anicecommunication","article_author":"https:\/\/www.facebook.com\/anicecommunication","article_published_time":"2020-07-14T10:47:40+00:00","article_modified_time":"2021-06-21T12:32:16+00:00","og_image":[{"width":1920,"height":1198,"url":"https:\/\/www.anicecommunication.com\/it\/wp-content\/uploads\/sites\/3\/2020\/07\/Petronas_RT_Centre_Santena_TO.jpg","type":"image\/jpeg"}],"author":"Editorial Staff","twitter_misc":{"Scritto da":"Editorial Staff","Tempo di lettura stimato":"2 minuti"},"schema":{"@context":"https:\/\/schema.org","@graph":[{"@type":"Article","@id":"https:\/\/www.anicecommunication.com\/it\/petronas-quartier-generale-emea-a-torino\/#article","isPartOf":{"@id":"https:\/\/www.anicecommunication.com\/it\/petronas-quartier-generale-emea-a-torino\/"},"author":{"name":"Editorial Staff","@id":"https:\/\/www.anicecommunication.com\/it\/#\/schema\/person\/d8f9046f11c2ab1ff15f1d0d580184d8"},"headline":"PETRONAS: quartier generale EMEA a Torino","datePublished":"2020-07-14T10:47:40+00:00","dateModified":"2021-06-21T12:32:16+00:00","mainEntityOfPage":{"@id":"https:\/\/www.anicecommunication.com\/it\/petronas-quartier-generale-emea-a-torino\/"},"wordCount":333,"publisher":{"@id":"https:\/\/www.anicecommunication.com\/it\/#organization"},"image":{"@id":"https:\/\/www.anicecommunication.com\/it\/petronas-quartier-generale-emea-a-torino\/#primaryimage"},"thumbnailUrl":"https:\/\/www.anicecommunication.com\/it\/wp-content\/uploads\/sites\/3\/2020\/07\/Petronas_RT_Centre_Santena_TO.jpg","keywords":["Anicecommunication","Petronas Lubricants International","Petronas quartier generale EMEA a Torino","Ufficio stampa e PR"],"articleSection":["I nostri servizi","L'Ufficio Stampa","PLI - Petronas","Press Room","What A Nice Blog!"],"inLanguage":"it-IT"},{"@type":"WebPage","@id":"https:\/\/www.anicecommunication.com\/it\/petronas-quartier-generale-emea-a-torino\/","url":"https:\/\/www.anicecommunication.com\/it\/petronas-quartier-generale-emea-a-torino\/","name":"Petronas: quartier generale EMEA a Torino presso l'R&T Centre di Santena","isPartOf":{"@id":"https:\/\/www.anicecommunication.com\/it\/#website"},"primaryImageOfPage":{"@id":"https:\/\/www.anicecommunication.com\/it\/petronas-quartier-generale-emea-a-torino\/#primaryimage"},"image":{"@id":"https:\/\/www.anicecommunication.com\/it\/petronas-quartier-generale-emea-a-torino\/#primaryimage"},"thumbnailUrl":"https:\/\/www.anicecommunication.com\/it\/wp-content\/uploads\/sites\/3\/2020\/07\/Petronas_RT_Centre_Santena_TO.jpg","datePublished":"2020-07-14T10:47:40+00:00","dateModified":"2021-06-21T12:32:16+00:00","description":"Petronas stabilisce il suo quartier generale EMEA a Torino, pi\u00f9 precisamente nel R&T Center di Santena- Villastellone. Leggi il comunicato","breadcrumb":{"@id":"https:\/\/www.anicecommunication.com\/it\/petronas-quartier-generale-emea-a-torino\/#breadcrumb"},"inLanguage":"it-IT","potentialAction":[{"@type":"ReadAction","target":["https:\/\/www.anicecommunication.com\/it\/petronas-quartier-generale-emea-a-torino\/"]}]},{"@type":"ImageObject","inLanguage":"it-IT","@id":"https:\/\/www.anicecommunication.com\/it\/petronas-quartier-generale-emea-a-torino\/#primaryimage","url":"https:\/\/www.anicecommunication.com\/it\/wp-content\/uploads\/sites\/3\/2020\/07\/Petronas_RT_Centre_Santena_TO.jpg","contentUrl":"https:\/\/www.anicecommunication.com\/it\/wp-content\/uploads\/sites\/3\/2020\/07\/Petronas_RT_Centre_Santena_TO.jpg","width":1920,"height":1198,"caption":"Petronas quartier generale EMEA a Torino"},{"@type":"BreadcrumbList","@id":"https:\/\/www.anicecommunication.com\/it\/petronas-quartier-generale-emea-a-torino\/#breadcrumb","itemListElement":[{"@type":"ListItem","position":1,"name":"Home","item":"https:\/\/www.anicecommunication.com\/it\/"},{"@type":"ListItem","position":2,"name":"PETRONAS: quartier generale EMEA a Torino"}]},{"@type":"WebSite","@id":"https:\/\/www.anicecommunication.com\/it\/#website","url":"https:\/\/www.anicecommunication.com\/it\/","name":"IT Anice Communication","description":"Anicecommunication agenzia di pubbliche relazioni,  ufficio stampa, media relations, automotive e mobility a livello internazionale - Torino","publisher":{"@id":"https:\/\/www.anicecommunication.com\/it\/#organization"},"potentialAction":[{"@type":"SearchAction","target":{"@type":"EntryPoint","urlTemplate":"https:\/\/www.anicecommunication.com\/it\/?s={search_term_string}"},"query-input":{"@type":"PropertyValueSpecification","valueRequired":true,"valueName":"search_term_string"}}],"inLanguage":"it-IT"},{"@type":"Organization","@id":"https:\/\/www.anicecommunication.com\/it\/#organization","name":"Anice SRL - Agenzia di comunicazione, mobility and automotive media relations & PR in Italia, Europa","alternateName":"Anicecommunication","url":"https:\/\/www.anicecommunication.com\/it\/","logo":{"@type":"ImageObject","inLanguage":"it-IT","@id":"https:\/\/www.anicecommunication.com\/it\/#\/schema\/logo\/image\/","url":"https:\/\/www.anicecommunication.com\/it\/wp-content\/uploads\/sites\/3\/2023\/06\/Anice_696x696.jpg","contentUrl":"https:\/\/www.anicecommunication.com\/it\/wp-content\/uploads\/sites\/3\/2023\/06\/Anice_696x696.jpg","width":696,"height":696,"caption":"Anice SRL - Agenzia di comunicazione, mobility and automotive media relations & PR in Italia, Europa"},"image":{"@id":"https:\/\/www.anicecommunication.com\/it\/#\/schema\/logo\/image\/"},"sameAs":["https:\/\/www.facebook.com\/anicecommunication","https:\/\/x.com\/Anicecom","https:\/\/instagram.com\/anicecom\/","https:\/\/www.linkedin.com\/company\/anice-s-r-l-"]},{"@type":"Person","@id":"https:\/\/www.anicecommunication.com\/it\/#\/schema\/person\/d8f9046f11c2ab1ff15f1d0d580184d8","name":"Editorial Staff","image":{"@type":"ImageObject","inLanguage":"it-IT","@id":"https:\/\/secure.gravatar.com\/avatar\/62128a8e64953c282b330a12e5b592d8bc5d299b46ab0e6928129ae0d79e528a?s=96&d=mm&r=g","url":"https:\/\/secure.gravatar.com\/avatar\/62128a8e64953c282b330a12e5b592d8bc5d299b46ab0e6928129ae0d79e528a?s=96&d=mm&r=g","contentUrl":"https:\/\/secure.gravatar.com\/avatar\/62128a8e64953c282b330a12e5b592d8bc5d299b46ab0e6928129ae0d79e528a?s=96&d=mm&r=g","caption":"Editorial Staff"},"description":"La redazione di Anicecommunication \u00e8 composta da giornalisti, esperti di comunicazione e marketing, content manager e storyteller.","sameAs":["http:\/\/www.anicecommunication.com","https:\/\/www.facebook.com\/anicecommunication","https:\/\/x.com\/anicecom"]}]}},"_links":{"self":[{"href":"https:\/\/www.anicecommunication.com\/it\/wp-json\/wp\/v2\/posts\/17273","targetHints":{"allow":["GET"]}}],"collection":[{"href":"https:\/\/www.anicecommunication.com\/it\/wp-json\/wp\/v2\/posts"}],"about":[{"href":"https:\/\/www.anicecommunication.com\/it\/wp-json\/wp\/v2\/types\/post"}],"author":[{"embeddable":true,"href":"https:\/\/www.anicecommunication.com\/it\/wp-json\/wp\/v2\/users\/1"}],"replies":[{"embeddable":true,"href":"https:\/\/www.anicecommunication.com\/it\/wp-json\/wp\/v2\/comments?post=17273"}],"version-history":[{"count":3,"href":"https:\/\/www.anicecommunication.com\/it\/wp-json\/wp\/v2\/posts\/17273\/revisions"}],"predecessor-version":[{"id":17277,"href":"https:\/\/www.anicecommunication.com\/it\/wp-json\/wp\/v2\/posts\/17273\/revisions\/17277"}],"wp:featuredmedia":[{"embeddable":true,"href":"https:\/\/www.anicecommunication.com\/it\/wp-json\/wp\/v2\/media\/17274"}],"wp:attachment":[{"href":"https:\/\/www.anicecommunication.com\/it\/wp-json\/wp\/v2\/media?parent=17273"}],"wp:term":[{"taxonomy":"category","embeddable":true,"href":"https:\/\/www.anicecommunication.com\/it\/wp-json\/wp\/v2\/categories?post=17273"},{"taxonomy":"post_tag","embeddable":true,"href":"https:\/\/www.anicecommunication.com\/it\/wp-json\/wp\/v2\/tags?post=17273"}],"curies":[{"name":"wp","href":"https:\/\/api.w.org\/{rel}","templated":true}]}}