{"id":17634,"date":"2021-02-12T11:22:30","date_gmt":"2021-02-12T10:22:30","guid":{"rendered":"https:\/\/www.anicecommunication.com\/it\/?p=17634"},"modified":"2021-06-21T14:59:37","modified_gmt":"2021-06-21T12:59:37","slug":"mieloma-multiplo-la-ricerca-non-si-ferma","status":"publish","type":"post","link":"https:\/\/www.anicecommunication.com\/it\/mieloma-multiplo-la-ricerca-non-si-ferma\/","title":{"rendered":"MIELOMA MULTIPLO: LA RICERCA NON SI FERMA"},"content":{"rendered":"<h3><strong>Mieloma Multiplo: la ricerca si confronta nel 2\u00b0 congresso dello European Myeloma Network.<\/strong><\/h3>\n<ul>\n<li><strong>Il Congresso, previsto nel 2020 e rimandato causa pandemia, sar\u00e0 ora digitale. Coinvolger\u00e0 ematologi ed esperti nelle sperimentazioni cliniche collegati da tutta Europa dal 3 al 6 marzo prossimi<\/strong><!--more--><\/li>\n<li><strong>La prima edizione, svoltasi al Centro Congressi del Lingotto di Torino nell\u2019aprile del 2018, ha registrato circa 700 partecipanti provenienti da 44 diverse nazioni <\/strong><\/li>\n<li><strong>In questa seconda edizione le numerose sessioni live offriranno la possibilit\u00e0 di interagire con i relatori attraverso chat istantanee<\/strong><\/li>\n<li><strong>Il Congresso digitale \u00e8 promosso da EMN International e organizzato con il supporto di EMN Research Italy, braccio operativo italiano del network EMN, in collaborazione con l\u2019agenzia ER Congressi. Tra gli organizzatori scientifici la Dottoressa Francesca Gay di Torino, e nel board scientifico il Prof. Mario Boccadoro, Vicepresidente EMN \u2013 European Myeloma Network<\/strong><\/li>\n<\/ul>\n<p><strong>Dal 3 al 6 marzo 2021<\/strong> il mondo della ricerca sul mieloma multiplo si incontrer\u00e0 virtualmente sulla <strong>piattaforma <a href=\"https:\/\/www.emn2021.com\/\">emn21<\/a><\/strong> in occasione del <strong>2\u00b0 Congresso dell\u2019EMN &#8211; European Myeloma Network<\/strong>, la rete di eccellenze a livello europeo fondata nel 2005 con lo scopo di promuovere la collaborazione tra i centri di ricerca e i gruppi di studio dei diversi paesi, al fine di ottenere risultati pi\u00f9 efficaci e in tempi pi\u00f9 rapidi nella cura delle neoplasie del sangue.<\/p>\n<h3><strong>Le iscrizioni<\/strong><\/h3>\n<p><strong>Le iscrizioni al Congresso<\/strong>, individuali o di gruppo,<strong> sono aperte fino al 25 febbraio<\/strong> compilando l\u2019apposito modulo disponibile <strong>sul sito <a href=\"https:\/\/www.emn2021.com\/\">emn21<\/a><\/strong>. Dove previsto, a seconda della categoria di appartenenza indicata in fase di registrazione (medici, infermieri, biologi, data manager, sponsor, ricercatori ecc.) la partecipazione all\u2019evento dar\u00e0 diritto al conseguimento di crediti ECM (Educazione Continua in Medicina) e EBAH (European Board for Accreditation in Hematology). Sempre sul sito \u00e8 stata predisposta, nell\u2019area press, una corsia preferenziale per l\u2019<strong><a href=\"https:\/\/www.emn2021.com\/press-and-media\">accreditamento dei Media<\/a><\/strong> interessati a partecipare all\u2019evento.<\/p>\n<p><a href=\"https:\/\/www.anicecommunication.com\/it\/wp-content\/uploads\/sites\/3\/2021\/02\/2nd_Meeting_European_Myeloma_Network_email.jpg\"><img decoding=\"async\" class=\"aligncenter size-full wp-image-17635\" src=\"https:\/\/www.anicecommunication.com\/it\/wp-content\/uploads\/sites\/3\/2021\/02\/2nd_Meeting_European_Myeloma_Network_email.jpg\" alt=\"Mieloma Multiplo: secondo congresso dell'European Myeloma Network\" width=\"600\" height=\"359\" srcset=\"https:\/\/www.anicecommunication.com\/it\/wp-content\/uploads\/sites\/3\/2021\/02\/2nd_Meeting_European_Myeloma_Network_email-200x120.jpg 200w, https:\/\/www.anicecommunication.com\/it\/wp-content\/uploads\/sites\/3\/2021\/02\/2nd_Meeting_European_Myeloma_Network_email-300x180.jpg 300w, https:\/\/www.anicecommunication.com\/it\/wp-content\/uploads\/sites\/3\/2021\/02\/2nd_Meeting_European_Myeloma_Network_email-400x239.jpg 400w, https:\/\/www.anicecommunication.com\/it\/wp-content\/uploads\/sites\/3\/2021\/02\/2nd_Meeting_European_Myeloma_Network_email.jpg 600w\" sizes=\"(max-width: 600px) 100vw, 600px\" \/><\/a><\/p>\n<h3><strong>Il programma<\/strong><\/h3>\n<p><strong>Il Congresso digitale \u00e8 promosso da EMN International e organizzato con il supporto di <a href=\"https:\/\/www.emnresearch.it\/it-IT\/home\">EMN Research Italy<\/a><\/strong>, braccio operativo italiano del network EMN, in collaborazione con la segreteria gestita da ER Congressi. Il programma prevede conferenze tenute da rinomati esperti afferenti ai centri di ricerca ematologica. Centri di tutta Europa e degli Stati Uniti. Inoltre, letture e simposi, sessioni di incontri con gli esperti in stanze virtuali, dibattiti e confronti con le associazioni dei pazienti. Completano il Congresso l\u2019esposizione orale dei 16 migliori abstract di studi selezionati tra tutti quelli inviati da ricercatori e scienziati di tutta Europa. E 72 poster scientifici, vere e proprie suite informative a tema suddivise in 4 diverse categorie.<\/p>\n<p>Durante gli incontri live i partecipanti potranno interagire con i moderatori delle sessioni e i relatori attraverso chat virtuali istantanee. Tutti i materiali e i filmati delle presentazioni orali saranno disponibili per la consultazione da parte degli iscritti anche dopo l\u2019evento. La precedente edizione di Torino 2018, registr\u00f2 circa 700 partecipanti da 44 diverse nazioni. Anche in questa edizione, una particolare attenzione \u00e8 stata riservata ai giovani ricercatori. Saranno, infatti, segnalati gli 8 migliori abstract di autori con et\u00e0 inferiore ai 40 anni.<\/p>\n<h3>Gli organizzatori scientifici<\/h3>\n<p>Gli organizzatori scientifici incaricati di coordinare il programma dell\u2019evento sono il Professor Pieter Sonneveld (Rotterdam) e la Professoressa Sonja Zweegman (Amsterdam). Saranno coadiuvati dalla Dottoressa Francesca Gay (Torino) e dal dottor Niels van de Donk (Amsterdam) della segreteria scientifica. Sono 5 i paesi europei che compongono il board scientifico dell\u2019evento, a riprova dell\u2019internazionalit\u00e0 dell\u2019appuntamento. Il board \u00e8 infatti composto dal Presidente di EMN Pieter Sonneveld (Olanda), dal Vicepresidente EMN Mario Boccadoro (Italia), dal Professor Hermann Einsele (Germania), dalla professoressa Maria-Victoria Mateos (Spagna) e dal Professore Philippe Moreau (Francia).<\/p>\n<p>La necessit\u00e0 e l\u2019importanza del confronto e del fare rete nell\u2019ambito della ricerca scientifica \u00e8 un dato di fatto. Reso ancora pi\u00f9 chiaro ed evidente dalla pandemia in corso. Le comunit\u00e0 dei medici e dei ricercatori nelle loro diverse professionalit\u00e0 si nutrono e progrediscono notevolmente in momenti come questi e il 2\u00b0 Meeting European Myeloma Network \u00e8 in questo senso un appuntamento fondamentale per la ricerca sul Mieloma Multiplo.<\/p>\n","protected":false},"excerpt":{"rendered":"<p>Mieloma Multiplo: la ricerca si confronta nel 2\u00b0 congresso dello European Myeloma Network. Il Congresso, previsto nel 2020 e rimandato causa pandemia, sar\u00e0 ora digitale. Coinvolger\u00e0 ematologi ed esperti nelle sperimentazioni cliniche collegati da tutta Europa dal 3 al 6 marzo prossimi<\/p>\n","protected":false},"author":1,"featured_media":17635,"comment_status":"closed","ping_status":"closed","sticky":false,"template":"","format":"standard","meta":{"footnotes":""},"categories":[602,66,467,80],"tags":[487,446],"class_list":["post-17634","post","type-post","status-publish","format-standard","has-post-thumbnail","hentry","category-emn","category-ufficio_stampa","category-press_room","category-blog-anicecommunication","tag-congresso-european-myeloma-network","tag-mieloma-multiplo"],"yoast_head":"<!-- This site is optimized with the Yoast SEO plugin v27.4 - https:\/\/yoast.com\/product\/yoast-seo-wordpress\/ -->\n<title>Mieloma multiplo: la ricerca si confronta nel 2\u00b0 congresso EMN<\/title>\n<meta name=\"description\" content=\"Mieloma multiplo: la ricerca non si ferma e si confronta nel secondo Congresso dello European Myeloma Network che si svolger\u00e0 online\" \/>\n<meta name=\"robots\" content=\"index, follow, max-snippet:-1, max-image-preview:large, max-video-preview:-1\" \/>\n<link rel=\"canonical\" href=\"https:\/\/www.anicecommunication.com\/it\/mieloma-multiplo-la-ricerca-non-si-ferma\/\" \/>\n<meta property=\"og:locale\" content=\"it_IT\" \/>\n<meta property=\"og:type\" content=\"article\" \/>\n<meta property=\"og:title\" content=\"Mieloma multiplo: la ricerca si confronta nel 2\u00b0 congresso EMN\" \/>\n<meta property=\"og:description\" content=\"Mieloma multiplo: la ricerca non si ferma e si confronta nel secondo Congresso dello European Myeloma Network che si svolger\u00e0 online\" \/>\n<meta property=\"og:url\" content=\"https:\/\/www.anicecommunication.com\/it\/mieloma-multiplo-la-ricerca-non-si-ferma\/\" \/>\n<meta property=\"og:site_name\" content=\"IT Anice Communication\" \/>\n<meta property=\"article:publisher\" content=\"https:\/\/www.facebook.com\/anicecommunication\" \/>\n<meta property=\"article:author\" content=\"https:\/\/www.facebook.com\/anicecommunication\" \/>\n<meta property=\"article:published_time\" content=\"2021-02-12T10:22:30+00:00\" \/>\n<meta property=\"article:modified_time\" content=\"2021-06-21T12:59:37+00:00\" \/>\n<meta property=\"og:image\" content=\"https:\/\/www.anicecommunication.com\/it\/wp-content\/uploads\/sites\/3\/2021\/02\/2nd_Meeting_European_Myeloma_Network_email.jpg\" \/>\n\t<meta property=\"og:image:width\" content=\"600\" \/>\n\t<meta property=\"og:image:height\" content=\"359\" \/>\n\t<meta property=\"og:image:type\" content=\"image\/jpeg\" \/>\n<meta name=\"author\" content=\"Editorial Staff\" \/>\n<meta name=\"twitter:label1\" content=\"Scritto da\" \/>\n\t<meta name=\"twitter:data1\" content=\"Editorial Staff\" \/>\n\t<meta name=\"twitter:label2\" content=\"Tempo di lettura stimato\" \/>\n\t<meta name=\"twitter:data2\" content=\"4 minuti\" \/>\n<script type=\"application\/ld+json\" class=\"yoast-schema-graph\">{\"@context\":\"https:\\\/\\\/schema.org\",\"@graph\":[{\"@type\":\"Article\",\"@id\":\"https:\\\/\\\/www.anicecommunication.com\\\/it\\\/mieloma-multiplo-la-ricerca-non-si-ferma\\\/#article\",\"isPartOf\":{\"@id\":\"https:\\\/\\\/www.anicecommunication.com\\\/it\\\/mieloma-multiplo-la-ricerca-non-si-ferma\\\/\"},\"author\":{\"name\":\"Editorial Staff\",\"@id\":\"https:\\\/\\\/www.anicecommunication.com\\\/it\\\/#\\\/schema\\\/person\\\/d8f9046f11c2ab1ff15f1d0d580184d8\"},\"headline\":\"MIELOMA MULTIPLO: LA RICERCA NON SI FERMA\",\"datePublished\":\"2021-02-12T10:22:30+00:00\",\"dateModified\":\"2021-06-21T12:59:37+00:00\",\"mainEntityOfPage\":{\"@id\":\"https:\\\/\\\/www.anicecommunication.com\\\/it\\\/mieloma-multiplo-la-ricerca-non-si-ferma\\\/\"},\"wordCount\":651,\"publisher\":{\"@id\":\"https:\\\/\\\/www.anicecommunication.com\\\/it\\\/#organization\"},\"image\":{\"@id\":\"https:\\\/\\\/www.anicecommunication.com\\\/it\\\/mieloma-multiplo-la-ricerca-non-si-ferma\\\/#primaryimage\"},\"thumbnailUrl\":\"https:\\\/\\\/www.anicecommunication.com\\\/it\\\/wp-content\\\/uploads\\\/sites\\\/3\\\/2021\\\/02\\\/2nd_Meeting_European_Myeloma_Network_email.jpg\",\"keywords\":[\"Congresso European Myeloma Network\",\"mieloma multiplo\"],\"articleSection\":[\"EMN\",\"L'Ufficio Stampa\",\"Press Room\",\"What A Nice Blog!\"],\"inLanguage\":\"it-IT\"},{\"@type\":\"WebPage\",\"@id\":\"https:\\\/\\\/www.anicecommunication.com\\\/it\\\/mieloma-multiplo-la-ricerca-non-si-ferma\\\/\",\"url\":\"https:\\\/\\\/www.anicecommunication.com\\\/it\\\/mieloma-multiplo-la-ricerca-non-si-ferma\\\/\",\"name\":\"Mieloma multiplo: la ricerca si confronta nel 2\u00b0 congresso EMN\",\"isPartOf\":{\"@id\":\"https:\\\/\\\/www.anicecommunication.com\\\/it\\\/#website\"},\"primaryImageOfPage\":{\"@id\":\"https:\\\/\\\/www.anicecommunication.com\\\/it\\\/mieloma-multiplo-la-ricerca-non-si-ferma\\\/#primaryimage\"},\"image\":{\"@id\":\"https:\\\/\\\/www.anicecommunication.com\\\/it\\\/mieloma-multiplo-la-ricerca-non-si-ferma\\\/#primaryimage\"},\"thumbnailUrl\":\"https:\\\/\\\/www.anicecommunication.com\\\/it\\\/wp-content\\\/uploads\\\/sites\\\/3\\\/2021\\\/02\\\/2nd_Meeting_European_Myeloma_Network_email.jpg\",\"datePublished\":\"2021-02-12T10:22:30+00:00\",\"dateModified\":\"2021-06-21T12:59:37+00:00\",\"description\":\"Mieloma multiplo: la ricerca non si ferma e si confronta nel secondo Congresso dello European Myeloma Network che si svolger\u00e0 online\",\"breadcrumb\":{\"@id\":\"https:\\\/\\\/www.anicecommunication.com\\\/it\\\/mieloma-multiplo-la-ricerca-non-si-ferma\\\/#breadcrumb\"},\"inLanguage\":\"it-IT\",\"potentialAction\":[{\"@type\":\"ReadAction\",\"target\":[\"https:\\\/\\\/www.anicecommunication.com\\\/it\\\/mieloma-multiplo-la-ricerca-non-si-ferma\\\/\"]}]},{\"@type\":\"ImageObject\",\"inLanguage\":\"it-IT\",\"@id\":\"https:\\\/\\\/www.anicecommunication.com\\\/it\\\/mieloma-multiplo-la-ricerca-non-si-ferma\\\/#primaryimage\",\"url\":\"https:\\\/\\\/www.anicecommunication.com\\\/it\\\/wp-content\\\/uploads\\\/sites\\\/3\\\/2021\\\/02\\\/2nd_Meeting_European_Myeloma_Network_email.jpg\",\"contentUrl\":\"https:\\\/\\\/www.anicecommunication.com\\\/it\\\/wp-content\\\/uploads\\\/sites\\\/3\\\/2021\\\/02\\\/2nd_Meeting_European_Myeloma_Network_email.jpg\",\"width\":600,\"height\":359,\"caption\":\"Mieloma Multiplo: secondo congresso dell'European Myeloma Network\"},{\"@type\":\"BreadcrumbList\",\"@id\":\"https:\\\/\\\/www.anicecommunication.com\\\/it\\\/mieloma-multiplo-la-ricerca-non-si-ferma\\\/#breadcrumb\",\"itemListElement\":[{\"@type\":\"ListItem\",\"position\":1,\"name\":\"Home\",\"item\":\"https:\\\/\\\/www.anicecommunication.com\\\/it\\\/\"},{\"@type\":\"ListItem\",\"position\":2,\"name\":\"MIELOMA MULTIPLO: LA RICERCA NON SI FERMA\"}]},{\"@type\":\"WebSite\",\"@id\":\"https:\\\/\\\/www.anicecommunication.com\\\/it\\\/#website\",\"url\":\"https:\\\/\\\/www.anicecommunication.com\\\/it\\\/\",\"name\":\"IT Anice Communication\",\"description\":\"Anicecommunication agenzia di pubbliche relazioni,  ufficio stampa, media relations, automotive e mobility a livello internazionale - Torino\",\"publisher\":{\"@id\":\"https:\\\/\\\/www.anicecommunication.com\\\/it\\\/#organization\"},\"potentialAction\":[{\"@type\":\"SearchAction\",\"target\":{\"@type\":\"EntryPoint\",\"urlTemplate\":\"https:\\\/\\\/www.anicecommunication.com\\\/it\\\/?s={search_term_string}\"},\"query-input\":{\"@type\":\"PropertyValueSpecification\",\"valueRequired\":true,\"valueName\":\"search_term_string\"}}],\"inLanguage\":\"it-IT\"},{\"@type\":\"Organization\",\"@id\":\"https:\\\/\\\/www.anicecommunication.com\\\/it\\\/#organization\",\"name\":\"Anice SRL - Agenzia di comunicazione, mobility and automotive media relations & PR in Italia, Europa\",\"alternateName\":\"Anicecommunication\",\"url\":\"https:\\\/\\\/www.anicecommunication.com\\\/it\\\/\",\"logo\":{\"@type\":\"ImageObject\",\"inLanguage\":\"it-IT\",\"@id\":\"https:\\\/\\\/www.anicecommunication.com\\\/it\\\/#\\\/schema\\\/logo\\\/image\\\/\",\"url\":\"https:\\\/\\\/www.anicecommunication.com\\\/it\\\/wp-content\\\/uploads\\\/sites\\\/3\\\/2023\\\/06\\\/Anice_696x696.jpg\",\"contentUrl\":\"https:\\\/\\\/www.anicecommunication.com\\\/it\\\/wp-content\\\/uploads\\\/sites\\\/3\\\/2023\\\/06\\\/Anice_696x696.jpg\",\"width\":696,\"height\":696,\"caption\":\"Anice SRL - Agenzia di comunicazione, mobility and automotive media relations & PR in Italia, Europa\"},\"image\":{\"@id\":\"https:\\\/\\\/www.anicecommunication.com\\\/it\\\/#\\\/schema\\\/logo\\\/image\\\/\"},\"sameAs\":[\"https:\\\/\\\/www.facebook.com\\\/anicecommunication\",\"https:\\\/\\\/x.com\\\/Anicecom\",\"https:\\\/\\\/instagram.com\\\/anicecom\\\/\",\"https:\\\/\\\/www.linkedin.com\\\/company\\\/anice-s-r-l-\"]},{\"@type\":\"Person\",\"@id\":\"https:\\\/\\\/www.anicecommunication.com\\\/it\\\/#\\\/schema\\\/person\\\/d8f9046f11c2ab1ff15f1d0d580184d8\",\"name\":\"Editorial Staff\",\"image\":{\"@type\":\"ImageObject\",\"inLanguage\":\"it-IT\",\"@id\":\"https:\\\/\\\/secure.gravatar.com\\\/avatar\\\/62128a8e64953c282b330a12e5b592d8bc5d299b46ab0e6928129ae0d79e528a?s=96&d=mm&r=g\",\"url\":\"https:\\\/\\\/secure.gravatar.com\\\/avatar\\\/62128a8e64953c282b330a12e5b592d8bc5d299b46ab0e6928129ae0d79e528a?s=96&d=mm&r=g\",\"contentUrl\":\"https:\\\/\\\/secure.gravatar.com\\\/avatar\\\/62128a8e64953c282b330a12e5b592d8bc5d299b46ab0e6928129ae0d79e528a?s=96&d=mm&r=g\",\"caption\":\"Editorial Staff\"},\"description\":\"La redazione di Anicecommunication \u00e8 composta da giornalisti, esperti di comunicazione e marketing, content manager e storyteller.\",\"sameAs\":[\"http:\\\/\\\/www.anicecommunication.com\",\"https:\\\/\\\/www.facebook.com\\\/anicecommunication\",\"https:\\\/\\\/x.com\\\/anicecom\"]}]}<\/script>\n<!-- \/ Yoast SEO plugin. -->","yoast_head_json":{"title":"Mieloma multiplo: la ricerca si confronta nel 2\u00b0 congresso EMN","description":"Mieloma multiplo: la ricerca non si ferma e si confronta nel secondo Congresso dello European Myeloma Network che si svolger\u00e0 online","robots":{"index":"index","follow":"follow","max-snippet":"max-snippet:-1","max-image-preview":"max-image-preview:large","max-video-preview":"max-video-preview:-1"},"canonical":"https:\/\/www.anicecommunication.com\/it\/mieloma-multiplo-la-ricerca-non-si-ferma\/","og_locale":"it_IT","og_type":"article","og_title":"Mieloma multiplo: la ricerca si confronta nel 2\u00b0 congresso EMN","og_description":"Mieloma multiplo: la ricerca non si ferma e si confronta nel secondo Congresso dello European Myeloma Network che si svolger\u00e0 online","og_url":"https:\/\/www.anicecommunication.com\/it\/mieloma-multiplo-la-ricerca-non-si-ferma\/","og_site_name":"IT Anice Communication","article_publisher":"https:\/\/www.facebook.com\/anicecommunication","article_author":"https:\/\/www.facebook.com\/anicecommunication","article_published_time":"2021-02-12T10:22:30+00:00","article_modified_time":"2021-06-21T12:59:37+00:00","og_image":[{"width":600,"height":359,"url":"https:\/\/www.anicecommunication.com\/it\/wp-content\/uploads\/sites\/3\/2021\/02\/2nd_Meeting_European_Myeloma_Network_email.jpg","type":"image\/jpeg"}],"author":"Editorial Staff","twitter_misc":{"Scritto da":"Editorial Staff","Tempo di lettura stimato":"4 minuti"},"schema":{"@context":"https:\/\/schema.org","@graph":[{"@type":"Article","@id":"https:\/\/www.anicecommunication.com\/it\/mieloma-multiplo-la-ricerca-non-si-ferma\/#article","isPartOf":{"@id":"https:\/\/www.anicecommunication.com\/it\/mieloma-multiplo-la-ricerca-non-si-ferma\/"},"author":{"name":"Editorial Staff","@id":"https:\/\/www.anicecommunication.com\/it\/#\/schema\/person\/d8f9046f11c2ab1ff15f1d0d580184d8"},"headline":"MIELOMA MULTIPLO: LA RICERCA NON SI FERMA","datePublished":"2021-02-12T10:22:30+00:00","dateModified":"2021-06-21T12:59:37+00:00","mainEntityOfPage":{"@id":"https:\/\/www.anicecommunication.com\/it\/mieloma-multiplo-la-ricerca-non-si-ferma\/"},"wordCount":651,"publisher":{"@id":"https:\/\/www.anicecommunication.com\/it\/#organization"},"image":{"@id":"https:\/\/www.anicecommunication.com\/it\/mieloma-multiplo-la-ricerca-non-si-ferma\/#primaryimage"},"thumbnailUrl":"https:\/\/www.anicecommunication.com\/it\/wp-content\/uploads\/sites\/3\/2021\/02\/2nd_Meeting_European_Myeloma_Network_email.jpg","keywords":["Congresso European Myeloma Network","mieloma multiplo"],"articleSection":["EMN","L'Ufficio Stampa","Press Room","What A Nice Blog!"],"inLanguage":"it-IT"},{"@type":"WebPage","@id":"https:\/\/www.anicecommunication.com\/it\/mieloma-multiplo-la-ricerca-non-si-ferma\/","url":"https:\/\/www.anicecommunication.com\/it\/mieloma-multiplo-la-ricerca-non-si-ferma\/","name":"Mieloma multiplo: la ricerca si confronta nel 2\u00b0 congresso EMN","isPartOf":{"@id":"https:\/\/www.anicecommunication.com\/it\/#website"},"primaryImageOfPage":{"@id":"https:\/\/www.anicecommunication.com\/it\/mieloma-multiplo-la-ricerca-non-si-ferma\/#primaryimage"},"image":{"@id":"https:\/\/www.anicecommunication.com\/it\/mieloma-multiplo-la-ricerca-non-si-ferma\/#primaryimage"},"thumbnailUrl":"https:\/\/www.anicecommunication.com\/it\/wp-content\/uploads\/sites\/3\/2021\/02\/2nd_Meeting_European_Myeloma_Network_email.jpg","datePublished":"2021-02-12T10:22:30+00:00","dateModified":"2021-06-21T12:59:37+00:00","description":"Mieloma multiplo: la ricerca non si ferma e si confronta nel secondo Congresso dello European Myeloma Network che si svolger\u00e0 online","breadcrumb":{"@id":"https:\/\/www.anicecommunication.com\/it\/mieloma-multiplo-la-ricerca-non-si-ferma\/#breadcrumb"},"inLanguage":"it-IT","potentialAction":[{"@type":"ReadAction","target":["https:\/\/www.anicecommunication.com\/it\/mieloma-multiplo-la-ricerca-non-si-ferma\/"]}]},{"@type":"ImageObject","inLanguage":"it-IT","@id":"https:\/\/www.anicecommunication.com\/it\/mieloma-multiplo-la-ricerca-non-si-ferma\/#primaryimage","url":"https:\/\/www.anicecommunication.com\/it\/wp-content\/uploads\/sites\/3\/2021\/02\/2nd_Meeting_European_Myeloma_Network_email.jpg","contentUrl":"https:\/\/www.anicecommunication.com\/it\/wp-content\/uploads\/sites\/3\/2021\/02\/2nd_Meeting_European_Myeloma_Network_email.jpg","width":600,"height":359,"caption":"Mieloma Multiplo: secondo congresso dell'European Myeloma Network"},{"@type":"BreadcrumbList","@id":"https:\/\/www.anicecommunication.com\/it\/mieloma-multiplo-la-ricerca-non-si-ferma\/#breadcrumb","itemListElement":[{"@type":"ListItem","position":1,"name":"Home","item":"https:\/\/www.anicecommunication.com\/it\/"},{"@type":"ListItem","position":2,"name":"MIELOMA MULTIPLO: LA RICERCA NON SI FERMA"}]},{"@type":"WebSite","@id":"https:\/\/www.anicecommunication.com\/it\/#website","url":"https:\/\/www.anicecommunication.com\/it\/","name":"IT Anice Communication","description":"Anicecommunication agenzia di pubbliche relazioni,  ufficio stampa, media relations, automotive e mobility a livello internazionale - Torino","publisher":{"@id":"https:\/\/www.anicecommunication.com\/it\/#organization"},"potentialAction":[{"@type":"SearchAction","target":{"@type":"EntryPoint","urlTemplate":"https:\/\/www.anicecommunication.com\/it\/?s={search_term_string}"},"query-input":{"@type":"PropertyValueSpecification","valueRequired":true,"valueName":"search_term_string"}}],"inLanguage":"it-IT"},{"@type":"Organization","@id":"https:\/\/www.anicecommunication.com\/it\/#organization","name":"Anice SRL - Agenzia di comunicazione, mobility and automotive media relations & PR in Italia, Europa","alternateName":"Anicecommunication","url":"https:\/\/www.anicecommunication.com\/it\/","logo":{"@type":"ImageObject","inLanguage":"it-IT","@id":"https:\/\/www.anicecommunication.com\/it\/#\/schema\/logo\/image\/","url":"https:\/\/www.anicecommunication.com\/it\/wp-content\/uploads\/sites\/3\/2023\/06\/Anice_696x696.jpg","contentUrl":"https:\/\/www.anicecommunication.com\/it\/wp-content\/uploads\/sites\/3\/2023\/06\/Anice_696x696.jpg","width":696,"height":696,"caption":"Anice SRL - Agenzia di comunicazione, mobility and automotive media relations & PR in Italia, Europa"},"image":{"@id":"https:\/\/www.anicecommunication.com\/it\/#\/schema\/logo\/image\/"},"sameAs":["https:\/\/www.facebook.com\/anicecommunication","https:\/\/x.com\/Anicecom","https:\/\/instagram.com\/anicecom\/","https:\/\/www.linkedin.com\/company\/anice-s-r-l-"]},{"@type":"Person","@id":"https:\/\/www.anicecommunication.com\/it\/#\/schema\/person\/d8f9046f11c2ab1ff15f1d0d580184d8","name":"Editorial Staff","image":{"@type":"ImageObject","inLanguage":"it-IT","@id":"https:\/\/secure.gravatar.com\/avatar\/62128a8e64953c282b330a12e5b592d8bc5d299b46ab0e6928129ae0d79e528a?s=96&d=mm&r=g","url":"https:\/\/secure.gravatar.com\/avatar\/62128a8e64953c282b330a12e5b592d8bc5d299b46ab0e6928129ae0d79e528a?s=96&d=mm&r=g","contentUrl":"https:\/\/secure.gravatar.com\/avatar\/62128a8e64953c282b330a12e5b592d8bc5d299b46ab0e6928129ae0d79e528a?s=96&d=mm&r=g","caption":"Editorial Staff"},"description":"La redazione di Anicecommunication \u00e8 composta da giornalisti, esperti di comunicazione e marketing, content manager e storyteller.","sameAs":["http:\/\/www.anicecommunication.com","https:\/\/www.facebook.com\/anicecommunication","https:\/\/x.com\/anicecom"]}]}},"_links":{"self":[{"href":"https:\/\/www.anicecommunication.com\/it\/wp-json\/wp\/v2\/posts\/17634","targetHints":{"allow":["GET"]}}],"collection":[{"href":"https:\/\/www.anicecommunication.com\/it\/wp-json\/wp\/v2\/posts"}],"about":[{"href":"https:\/\/www.anicecommunication.com\/it\/wp-json\/wp\/v2\/types\/post"}],"author":[{"embeddable":true,"href":"https:\/\/www.anicecommunication.com\/it\/wp-json\/wp\/v2\/users\/1"}],"replies":[{"embeddable":true,"href":"https:\/\/www.anicecommunication.com\/it\/wp-json\/wp\/v2\/comments?post=17634"}],"version-history":[{"count":8,"href":"https:\/\/www.anicecommunication.com\/it\/wp-json\/wp\/v2\/posts\/17634\/revisions"}],"predecessor-version":[{"id":17643,"href":"https:\/\/www.anicecommunication.com\/it\/wp-json\/wp\/v2\/posts\/17634\/revisions\/17643"}],"wp:featuredmedia":[{"embeddable":true,"href":"https:\/\/www.anicecommunication.com\/it\/wp-json\/wp\/v2\/media\/17635"}],"wp:attachment":[{"href":"https:\/\/www.anicecommunication.com\/it\/wp-json\/wp\/v2\/media?parent=17634"}],"wp:term":[{"taxonomy":"category","embeddable":true,"href":"https:\/\/www.anicecommunication.com\/it\/wp-json\/wp\/v2\/categories?post=17634"},{"taxonomy":"post_tag","embeddable":true,"href":"https:\/\/www.anicecommunication.com\/it\/wp-json\/wp\/v2\/tags?post=17634"}],"curies":[{"name":"wp","href":"https:\/\/api.w.org\/{rel}","templated":true}]}}