{"id":17923,"date":"2021-05-18T15:30:57","date_gmt":"2021-05-18T13:30:57","guid":{"rendered":"https:\/\/www.anicecommunication.com\/it\/?p=17923"},"modified":"2021-06-28T16:39:03","modified_gmt":"2021-06-28T14:39:03","slug":"ineos-grenadier-debutto-baciato-dal-sole","status":"publish","type":"post","link":"https:\/\/www.anicecommunication.com\/it\/ineos-grenadier-debutto-baciato-dal-sole\/","title":{"rendered":"INEOS Grenadier: debutto baciato dal sole"},"content":{"rendered":"<p><a href=\"https:\/\/www.anicecommunication.com\/it\/wp-content\/uploads\/sites\/3\/2021\/05\/INEOS_Grenadier3.jpg\"><img decoding=\"async\" class=\"wp-image-17931 alignleft\" src=\"https:\/\/www.anicecommunication.com\/it\/wp-content\/uploads\/sites\/3\/2021\/05\/INEOS_Grenadier3.jpg\" alt=\"INEOS Grenadier\" width=\"326\" height=\"245\" srcset=\"https:\/\/www.anicecommunication.com\/it\/wp-content\/uploads\/sites\/3\/2021\/05\/INEOS_Grenadier3-200x150.jpg 200w, https:\/\/www.anicecommunication.com\/it\/wp-content\/uploads\/sites\/3\/2021\/05\/INEOS_Grenadier3-300x225.jpg 300w, https:\/\/www.anicecommunication.com\/it\/wp-content\/uploads\/sites\/3\/2021\/05\/INEOS_Grenadier3-400x300.jpg 400w, https:\/\/www.anicecommunication.com\/it\/wp-content\/uploads\/sites\/3\/2021\/05\/INEOS_Grenadier3-600x450.jpg 600w, https:\/\/www.anicecommunication.com\/it\/wp-content\/uploads\/sites\/3\/2021\/05\/INEOS_Grenadier3-768x576.jpg 768w, https:\/\/www.anicecommunication.com\/it\/wp-content\/uploads\/sites\/3\/2021\/05\/INEOS_Grenadier3-800x600.jpg 800w, https:\/\/www.anicecommunication.com\/it\/wp-content\/uploads\/sites\/3\/2021\/05\/INEOS_Grenadier3.jpg 960w\" sizes=\"(max-width: 326px) 100vw, 326px\" \/><\/a><strong>INEOS Grenadier<\/strong>,<\/p>\n<p><!--more--><\/p>\n<p>il nuovo fuoristrada senza compromessi costruito per essere cittadino del mondo, <strong>debutta oggi, marted\u00ec 18 maggio, a Perugia<\/strong> e la sua prima uscita pubblica \u00e8 baciata dal sole. Le temperature sono miti, il cielo \u00e8 azzurro e <strong>il nuovo veicolo fuoristrada di INEOS, azienda proprietaria anche della squadra ciclistica che porta proprio il nome del nuovo 4&#215;4<\/strong>, fa bella mostra di s\u00e8 sul prato della country house <a href=\"https:\/\/www.ilpoetacontadino.com\/?fbclid=IwAR3pg933z-RDiqA1Mqxmsp4YpgTxaPWNXU2H4vc3OOUsVz5l4fEG9IejmIw\" target=\"_blank\" rel=\"noopener\">Il Poeta e il Contadino<\/a> di Pilonico Paterno (PG).<\/p>\n<p>&nbsp;<\/p>\n<p>In mostra per tutta la giornata in occasione della sosta del Giro d&#8217;Italia nel capoluogo umbro prima della tappa Perugia-Montalcino, in programma mercoled\u00ec 19 maggio, Ineos Grenadier nella mattinata\u00a0ha ricevuto non solo le attenzioni degli appassionati e della stampa e delle televisioni locali ma anche <strong>la speciale visita dei Grenadiers<\/strong>, la squadra ciclistica attualmente dententrice della maglia rosa con Bernal Gomez Egan Arley e di cui fa parte anche l&#8217;italiano Filippo Ganna, vincitore della prima tappa del tour a Torino lo scorso 8 maggio.<\/p>\n<p><a href=\"https:\/\/www.anicecommunication.com\/it\/wp-content\/uploads\/sites\/3\/2021\/05\/INEOS_Grenadier_Team2.jpg\"><img decoding=\"async\" class=\"wp-image-17928 alignleft\" src=\"https:\/\/www.anicecommunication.com\/it\/wp-content\/uploads\/sites\/3\/2021\/05\/INEOS_Grenadier_Team2.jpg\" alt=\"\" width=\"329\" height=\"247\" srcset=\"https:\/\/www.anicecommunication.com\/it\/wp-content\/uploads\/sites\/3\/2021\/05\/INEOS_Grenadier_Team2-200x150.jpg 200w, https:\/\/www.anicecommunication.com\/it\/wp-content\/uploads\/sites\/3\/2021\/05\/INEOS_Grenadier_Team2-300x225.jpg 300w, https:\/\/www.anicecommunication.com\/it\/wp-content\/uploads\/sites\/3\/2021\/05\/INEOS_Grenadier_Team2-400x300.jpg 400w, https:\/\/www.anicecommunication.com\/it\/wp-content\/uploads\/sites\/3\/2021\/05\/INEOS_Grenadier_Team2-600x450.jpg 600w, https:\/\/www.anicecommunication.com\/it\/wp-content\/uploads\/sites\/3\/2021\/05\/INEOS_Grenadier_Team2-768x576.jpg 768w, https:\/\/www.anicecommunication.com\/it\/wp-content\/uploads\/sites\/3\/2021\/05\/INEOS_Grenadier_Team2-800x600.jpg 800w, https:\/\/www.anicecommunication.com\/it\/wp-content\/uploads\/sites\/3\/2021\/05\/INEOS_Grenadier_Team2.jpg 960w\" sizes=\"(max-width: 329px) 100vw, 329px\" \/><\/a>Con quel suo inconfondibile mix di design solido e funzionale tipicamente britannico e rigore ingegneristico di matrice tedesca, <strong>Grenadier \u00e8 un fuoristrada 4X4 ripensato da zero per essere senza compromessi.<\/strong> Progettato per superare ogni avversit\u00e0 e affrontare ogni condizione, \u00e8 stato pensato per offrire la migliore combinazione di prestazioni in fuoristrada, resistenza e affidabilit\u00e0 ai proprietari che fanno affidamento sui veicoli come strumenti di lavoro, in qualsiasi condizione operativa.<\/p>\n<p><a href=\"https:\/\/www.anicecommunication.com\/it\/wp-content\/uploads\/sites\/3\/2021\/05\/INEOS_Grenadier2.jpg\"><img decoding=\"async\" class=\"wp-image-17930 alignright\" src=\"https:\/\/www.anicecommunication.com\/it\/wp-content\/uploads\/sites\/3\/2021\/05\/INEOS_Grenadier2.jpg\" alt=\"INEOS Grenadier\" width=\"251\" height=\"335\" srcset=\"https:\/\/www.anicecommunication.com\/it\/wp-content\/uploads\/sites\/3\/2021\/05\/INEOS_Grenadier2-200x267.jpg 200w, https:\/\/www.anicecommunication.com\/it\/wp-content\/uploads\/sites\/3\/2021\/05\/INEOS_Grenadier2-225x300.jpg 225w, https:\/\/www.anicecommunication.com\/it\/wp-content\/uploads\/sites\/3\/2021\/05\/INEOS_Grenadier2-400x533.jpg 400w, https:\/\/www.anicecommunication.com\/it\/wp-content\/uploads\/sites\/3\/2021\/05\/INEOS_Grenadier2-600x800.jpg 600w, https:\/\/www.anicecommunication.com\/it\/wp-content\/uploads\/sites\/3\/2021\/05\/INEOS_Grenadier2.jpg 720w\" sizes=\"(max-width: 251px) 100vw, 251px\" \/><\/a>La storia di INEOS Grenadier \u00e8 in continua evoluzione e si arricchisce di nuovi capitoli giorno dopo giorno. Per conoscere tutti i dettagli del nuovo fuoristrada e rimanere sempre aggiornati sulle ultime novit\u00e0 in programma \u00e8 possibile <strong>consultare <a href=\"https:\/\/ineosgrenadier.com\/it-it\" target=\"_blank\" rel=\"noopener\">il sito ufficiale ineosgrenadier.com<\/a><\/strong>. Sul <strong><a href=\"https:\/\/www.youtube.com\/c\/INEOSAutomotive\/videos\" target=\"_blank\" rel=\"noopener\">canale INEOS Automotive di youtube<\/a> <\/strong>sono inoltre disponibili i primi 8 episodi di &#8220;<a href=\"https:\/\/www.youtube.com\/watch?v=AJ5Nz3doXCQ\" target=\"_blank\" rel=\"noopener\">Bulding the Grenadier&#8221;<\/a> e molti altri contributi video interessanti per ripercorrere questa straordinaria avventura nata nel 2017 in un pub di Londra chiamato proprio&#8230; Grenadier.<\/p>\n<p>&nbsp;<\/p>\n<p><em><strong><a href=\"https:\/\/www.anicecommunication.com\/it\/anice_e_ineos_automotive\/\" target=\"_blank\" rel=\"noopener\">Ufficio Stampa e PR INEOS Automotive Italia<\/a> &#8211; Anicecommunication<\/strong><\/em><\/p>\n<p>&nbsp;<\/p>\n<p>&nbsp;<\/p>\n<p>&nbsp;<\/p>\n","protected":false},"excerpt":{"rendered":"<p>INEOS Grenadier,<\/p>\n","protected":false},"author":1,"featured_media":17931,"comment_status":"closed","ping_status":"closed","sticky":false,"template":"","format":"standard","meta":{"footnotes":""},"categories":[62,173,59,80],"tags":[532,533,534,93],"class_list":["post-17923","post","type-post","status-publish","format-standard","has-post-thumbnail","hentry","category-curiosita","category-eventi-blog","category-i_nostri_servizi","category-blog-anicecommunication","tag-anice-e-ineos-automotive","tag-ineos-automotive","tag-ineos-grenadier","tag-ufficio-stampa-e-pr"],"yoast_head":"<!-- This site is optimized with the Yoast SEO plugin v27.4 - https:\/\/yoast.com\/product\/yoast-seo-wordpress\/ -->\n<title>INEOS Grenadier: debutto baciato dal sole - IT Anice Communication<\/title>\n<meta name=\"description\" content=\"INEOS Grenadier, il nuovo fuoristrada che da anche il nome al team ciclistico britannico, debutta a Perugia in occasione della tappa del Giro\" \/>\n<meta name=\"robots\" content=\"index, follow, max-snippet:-1, max-image-preview:large, max-video-preview:-1\" \/>\n<link rel=\"canonical\" href=\"https:\/\/www.anicecommunication.com\/it\/ineos-grenadier-debutto-baciato-dal-sole\/\" \/>\n<meta property=\"og:locale\" content=\"it_IT\" \/>\n<meta property=\"og:type\" content=\"article\" \/>\n<meta property=\"og:title\" content=\"INEOS Grenadier: debutto baciato dal sole - IT Anice Communication\" \/>\n<meta property=\"og:description\" content=\"INEOS Grenadier, il nuovo fuoristrada che da anche il nome al team ciclistico britannico, debutta a Perugia in occasione della tappa del Giro\" \/>\n<meta property=\"og:url\" content=\"https:\/\/www.anicecommunication.com\/it\/ineos-grenadier-debutto-baciato-dal-sole\/\" \/>\n<meta property=\"og:site_name\" content=\"IT Anice Communication\" \/>\n<meta property=\"article:publisher\" content=\"https:\/\/www.facebook.com\/anicecommunication\" \/>\n<meta property=\"article:author\" content=\"https:\/\/www.facebook.com\/anicecommunication\" \/>\n<meta property=\"article:published_time\" content=\"2021-05-18T13:30:57+00:00\" \/>\n<meta property=\"article:modified_time\" content=\"2021-06-28T14:39:03+00:00\" \/>\n<meta property=\"og:image\" content=\"https:\/\/www.anicecommunication.com\/it\/wp-content\/uploads\/sites\/3\/2021\/05\/INEOS_Grenadier3.jpg\" \/>\n\t<meta property=\"og:image:width\" content=\"960\" \/>\n\t<meta property=\"og:image:height\" content=\"720\" \/>\n\t<meta property=\"og:image:type\" content=\"image\/jpeg\" \/>\n<meta name=\"author\" content=\"Editorial Staff\" \/>\n<meta name=\"twitter:label1\" content=\"Scritto da\" \/>\n\t<meta name=\"twitter:data1\" content=\"Editorial Staff\" \/>\n\t<meta name=\"twitter:label2\" content=\"Tempo di lettura stimato\" \/>\n\t<meta name=\"twitter:data2\" content=\"3 minuti\" \/>\n<script type=\"application\/ld+json\" class=\"yoast-schema-graph\">{\"@context\":\"https:\\\/\\\/schema.org\",\"@graph\":[{\"@type\":\"Article\",\"@id\":\"https:\\\/\\\/www.anicecommunication.com\\\/it\\\/ineos-grenadier-debutto-baciato-dal-sole\\\/#article\",\"isPartOf\":{\"@id\":\"https:\\\/\\\/www.anicecommunication.com\\\/it\\\/ineos-grenadier-debutto-baciato-dal-sole\\\/\"},\"author\":{\"name\":\"Editorial Staff\",\"@id\":\"https:\\\/\\\/www.anicecommunication.com\\\/it\\\/#\\\/schema\\\/person\\\/d8f9046f11c2ab1ff15f1d0d580184d8\"},\"headline\":\"INEOS Grenadier: debutto baciato dal sole\",\"datePublished\":\"2021-05-18T13:30:57+00:00\",\"dateModified\":\"2021-06-28T14:39:03+00:00\",\"mainEntityOfPage\":{\"@id\":\"https:\\\/\\\/www.anicecommunication.com\\\/it\\\/ineos-grenadier-debutto-baciato-dal-sole\\\/\"},\"wordCount\":325,\"publisher\":{\"@id\":\"https:\\\/\\\/www.anicecommunication.com\\\/it\\\/#organization\"},\"image\":{\"@id\":\"https:\\\/\\\/www.anicecommunication.com\\\/it\\\/ineos-grenadier-debutto-baciato-dal-sole\\\/#primaryimage\"},\"thumbnailUrl\":\"https:\\\/\\\/www.anicecommunication.com\\\/it\\\/wp-content\\\/uploads\\\/sites\\\/3\\\/2021\\\/05\\\/INEOS_Grenadier3.jpg\",\"keywords\":[\"Anice e INEOS Automotive\",\"INEOS Automotive\",\"Ineos Grenadier\",\"Ufficio stampa e PR\"],\"articleSection\":[\"Curiosit\u00e0\",\"Eventi\",\"I nostri servizi\",\"What A Nice Blog!\"],\"inLanguage\":\"it-IT\"},{\"@type\":\"WebPage\",\"@id\":\"https:\\\/\\\/www.anicecommunication.com\\\/it\\\/ineos-grenadier-debutto-baciato-dal-sole\\\/\",\"url\":\"https:\\\/\\\/www.anicecommunication.com\\\/it\\\/ineos-grenadier-debutto-baciato-dal-sole\\\/\",\"name\":\"INEOS Grenadier: debutto baciato dal sole - IT Anice Communication\",\"isPartOf\":{\"@id\":\"https:\\\/\\\/www.anicecommunication.com\\\/it\\\/#website\"},\"primaryImageOfPage\":{\"@id\":\"https:\\\/\\\/www.anicecommunication.com\\\/it\\\/ineos-grenadier-debutto-baciato-dal-sole\\\/#primaryimage\"},\"image\":{\"@id\":\"https:\\\/\\\/www.anicecommunication.com\\\/it\\\/ineos-grenadier-debutto-baciato-dal-sole\\\/#primaryimage\"},\"thumbnailUrl\":\"https:\\\/\\\/www.anicecommunication.com\\\/it\\\/wp-content\\\/uploads\\\/sites\\\/3\\\/2021\\\/05\\\/INEOS_Grenadier3.jpg\",\"datePublished\":\"2021-05-18T13:30:57+00:00\",\"dateModified\":\"2021-06-28T14:39:03+00:00\",\"description\":\"INEOS Grenadier, il nuovo fuoristrada che da anche il nome al team ciclistico britannico, debutta a Perugia in occasione della tappa del Giro\",\"breadcrumb\":{\"@id\":\"https:\\\/\\\/www.anicecommunication.com\\\/it\\\/ineos-grenadier-debutto-baciato-dal-sole\\\/#breadcrumb\"},\"inLanguage\":\"it-IT\",\"potentialAction\":[{\"@type\":\"ReadAction\",\"target\":[\"https:\\\/\\\/www.anicecommunication.com\\\/it\\\/ineos-grenadier-debutto-baciato-dal-sole\\\/\"]}]},{\"@type\":\"ImageObject\",\"inLanguage\":\"it-IT\",\"@id\":\"https:\\\/\\\/www.anicecommunication.com\\\/it\\\/ineos-grenadier-debutto-baciato-dal-sole\\\/#primaryimage\",\"url\":\"https:\\\/\\\/www.anicecommunication.com\\\/it\\\/wp-content\\\/uploads\\\/sites\\\/3\\\/2021\\\/05\\\/INEOS_Grenadier3.jpg\",\"contentUrl\":\"https:\\\/\\\/www.anicecommunication.com\\\/it\\\/wp-content\\\/uploads\\\/sites\\\/3\\\/2021\\\/05\\\/INEOS_Grenadier3.jpg\",\"width\":960,\"height\":720,\"caption\":\"INEOS Grenadier\"},{\"@type\":\"BreadcrumbList\",\"@id\":\"https:\\\/\\\/www.anicecommunication.com\\\/it\\\/ineos-grenadier-debutto-baciato-dal-sole\\\/#breadcrumb\",\"itemListElement\":[{\"@type\":\"ListItem\",\"position\":1,\"name\":\"Home\",\"item\":\"https:\\\/\\\/www.anicecommunication.com\\\/it\\\/\"},{\"@type\":\"ListItem\",\"position\":2,\"name\":\"INEOS Grenadier: debutto baciato dal sole\"}]},{\"@type\":\"WebSite\",\"@id\":\"https:\\\/\\\/www.anicecommunication.com\\\/it\\\/#website\",\"url\":\"https:\\\/\\\/www.anicecommunication.com\\\/it\\\/\",\"name\":\"IT Anice Communication\",\"description\":\"Anicecommunication agenzia di pubbliche relazioni,  ufficio stampa, media relations, automotive e mobility a livello internazionale - Torino\",\"publisher\":{\"@id\":\"https:\\\/\\\/www.anicecommunication.com\\\/it\\\/#organization\"},\"potentialAction\":[{\"@type\":\"SearchAction\",\"target\":{\"@type\":\"EntryPoint\",\"urlTemplate\":\"https:\\\/\\\/www.anicecommunication.com\\\/it\\\/?s={search_term_string}\"},\"query-input\":{\"@type\":\"PropertyValueSpecification\",\"valueRequired\":true,\"valueName\":\"search_term_string\"}}],\"inLanguage\":\"it-IT\"},{\"@type\":\"Organization\",\"@id\":\"https:\\\/\\\/www.anicecommunication.com\\\/it\\\/#organization\",\"name\":\"Anice SRL - Agenzia di comunicazione, mobility and automotive media relations & PR in Italia, Europa\",\"alternateName\":\"Anicecommunication\",\"url\":\"https:\\\/\\\/www.anicecommunication.com\\\/it\\\/\",\"logo\":{\"@type\":\"ImageObject\",\"inLanguage\":\"it-IT\",\"@id\":\"https:\\\/\\\/www.anicecommunication.com\\\/it\\\/#\\\/schema\\\/logo\\\/image\\\/\",\"url\":\"https:\\\/\\\/www.anicecommunication.com\\\/it\\\/wp-content\\\/uploads\\\/sites\\\/3\\\/2023\\\/06\\\/Anice_696x696.jpg\",\"contentUrl\":\"https:\\\/\\\/www.anicecommunication.com\\\/it\\\/wp-content\\\/uploads\\\/sites\\\/3\\\/2023\\\/06\\\/Anice_696x696.jpg\",\"width\":696,\"height\":696,\"caption\":\"Anice SRL - Agenzia di comunicazione, mobility and automotive media relations & PR in Italia, Europa\"},\"image\":{\"@id\":\"https:\\\/\\\/www.anicecommunication.com\\\/it\\\/#\\\/schema\\\/logo\\\/image\\\/\"},\"sameAs\":[\"https:\\\/\\\/www.facebook.com\\\/anicecommunication\",\"https:\\\/\\\/x.com\\\/Anicecom\",\"https:\\\/\\\/instagram.com\\\/anicecom\\\/\",\"https:\\\/\\\/www.linkedin.com\\\/company\\\/anice-s-r-l-\"]},{\"@type\":\"Person\",\"@id\":\"https:\\\/\\\/www.anicecommunication.com\\\/it\\\/#\\\/schema\\\/person\\\/d8f9046f11c2ab1ff15f1d0d580184d8\",\"name\":\"Editorial Staff\",\"image\":{\"@type\":\"ImageObject\",\"inLanguage\":\"it-IT\",\"@id\":\"https:\\\/\\\/secure.gravatar.com\\\/avatar\\\/62128a8e64953c282b330a12e5b592d8bc5d299b46ab0e6928129ae0d79e528a?s=96&d=mm&r=g\",\"url\":\"https:\\\/\\\/secure.gravatar.com\\\/avatar\\\/62128a8e64953c282b330a12e5b592d8bc5d299b46ab0e6928129ae0d79e528a?s=96&d=mm&r=g\",\"contentUrl\":\"https:\\\/\\\/secure.gravatar.com\\\/avatar\\\/62128a8e64953c282b330a12e5b592d8bc5d299b46ab0e6928129ae0d79e528a?s=96&d=mm&r=g\",\"caption\":\"Editorial Staff\"},\"description\":\"La redazione di Anicecommunication \u00e8 composta da giornalisti, esperti di comunicazione e marketing, content manager e storyteller.\",\"sameAs\":[\"http:\\\/\\\/www.anicecommunication.com\",\"https:\\\/\\\/www.facebook.com\\\/anicecommunication\",\"https:\\\/\\\/x.com\\\/anicecom\"]}]}<\/script>\n<!-- \/ Yoast SEO plugin. -->","yoast_head_json":{"title":"INEOS Grenadier: debutto baciato dal sole - IT Anice Communication","description":"INEOS Grenadier, il nuovo fuoristrada che da anche il nome al team ciclistico britannico, debutta a Perugia in occasione della tappa del Giro","robots":{"index":"index","follow":"follow","max-snippet":"max-snippet:-1","max-image-preview":"max-image-preview:large","max-video-preview":"max-video-preview:-1"},"canonical":"https:\/\/www.anicecommunication.com\/it\/ineos-grenadier-debutto-baciato-dal-sole\/","og_locale":"it_IT","og_type":"article","og_title":"INEOS Grenadier: debutto baciato dal sole - IT Anice Communication","og_description":"INEOS Grenadier, il nuovo fuoristrada che da anche il nome al team ciclistico britannico, debutta a Perugia in occasione della tappa del Giro","og_url":"https:\/\/www.anicecommunication.com\/it\/ineos-grenadier-debutto-baciato-dal-sole\/","og_site_name":"IT Anice Communication","article_publisher":"https:\/\/www.facebook.com\/anicecommunication","article_author":"https:\/\/www.facebook.com\/anicecommunication","article_published_time":"2021-05-18T13:30:57+00:00","article_modified_time":"2021-06-28T14:39:03+00:00","og_image":[{"width":960,"height":720,"url":"https:\/\/www.anicecommunication.com\/it\/wp-content\/uploads\/sites\/3\/2021\/05\/INEOS_Grenadier3.jpg","type":"image\/jpeg"}],"author":"Editorial Staff","twitter_misc":{"Scritto da":"Editorial Staff","Tempo di lettura stimato":"3 minuti"},"schema":{"@context":"https:\/\/schema.org","@graph":[{"@type":"Article","@id":"https:\/\/www.anicecommunication.com\/it\/ineos-grenadier-debutto-baciato-dal-sole\/#article","isPartOf":{"@id":"https:\/\/www.anicecommunication.com\/it\/ineos-grenadier-debutto-baciato-dal-sole\/"},"author":{"name":"Editorial Staff","@id":"https:\/\/www.anicecommunication.com\/it\/#\/schema\/person\/d8f9046f11c2ab1ff15f1d0d580184d8"},"headline":"INEOS Grenadier: debutto baciato dal sole","datePublished":"2021-05-18T13:30:57+00:00","dateModified":"2021-06-28T14:39:03+00:00","mainEntityOfPage":{"@id":"https:\/\/www.anicecommunication.com\/it\/ineos-grenadier-debutto-baciato-dal-sole\/"},"wordCount":325,"publisher":{"@id":"https:\/\/www.anicecommunication.com\/it\/#organization"},"image":{"@id":"https:\/\/www.anicecommunication.com\/it\/ineos-grenadier-debutto-baciato-dal-sole\/#primaryimage"},"thumbnailUrl":"https:\/\/www.anicecommunication.com\/it\/wp-content\/uploads\/sites\/3\/2021\/05\/INEOS_Grenadier3.jpg","keywords":["Anice e INEOS Automotive","INEOS Automotive","Ineos Grenadier","Ufficio stampa e PR"],"articleSection":["Curiosit\u00e0","Eventi","I nostri servizi","What A Nice Blog!"],"inLanguage":"it-IT"},{"@type":"WebPage","@id":"https:\/\/www.anicecommunication.com\/it\/ineos-grenadier-debutto-baciato-dal-sole\/","url":"https:\/\/www.anicecommunication.com\/it\/ineos-grenadier-debutto-baciato-dal-sole\/","name":"INEOS Grenadier: debutto baciato dal sole - IT Anice Communication","isPartOf":{"@id":"https:\/\/www.anicecommunication.com\/it\/#website"},"primaryImageOfPage":{"@id":"https:\/\/www.anicecommunication.com\/it\/ineos-grenadier-debutto-baciato-dal-sole\/#primaryimage"},"image":{"@id":"https:\/\/www.anicecommunication.com\/it\/ineos-grenadier-debutto-baciato-dal-sole\/#primaryimage"},"thumbnailUrl":"https:\/\/www.anicecommunication.com\/it\/wp-content\/uploads\/sites\/3\/2021\/05\/INEOS_Grenadier3.jpg","datePublished":"2021-05-18T13:30:57+00:00","dateModified":"2021-06-28T14:39:03+00:00","description":"INEOS Grenadier, il nuovo fuoristrada che da anche il nome al team ciclistico britannico, debutta a Perugia in occasione della tappa del Giro","breadcrumb":{"@id":"https:\/\/www.anicecommunication.com\/it\/ineos-grenadier-debutto-baciato-dal-sole\/#breadcrumb"},"inLanguage":"it-IT","potentialAction":[{"@type":"ReadAction","target":["https:\/\/www.anicecommunication.com\/it\/ineos-grenadier-debutto-baciato-dal-sole\/"]}]},{"@type":"ImageObject","inLanguage":"it-IT","@id":"https:\/\/www.anicecommunication.com\/it\/ineos-grenadier-debutto-baciato-dal-sole\/#primaryimage","url":"https:\/\/www.anicecommunication.com\/it\/wp-content\/uploads\/sites\/3\/2021\/05\/INEOS_Grenadier3.jpg","contentUrl":"https:\/\/www.anicecommunication.com\/it\/wp-content\/uploads\/sites\/3\/2021\/05\/INEOS_Grenadier3.jpg","width":960,"height":720,"caption":"INEOS Grenadier"},{"@type":"BreadcrumbList","@id":"https:\/\/www.anicecommunication.com\/it\/ineos-grenadier-debutto-baciato-dal-sole\/#breadcrumb","itemListElement":[{"@type":"ListItem","position":1,"name":"Home","item":"https:\/\/www.anicecommunication.com\/it\/"},{"@type":"ListItem","position":2,"name":"INEOS Grenadier: debutto baciato dal sole"}]},{"@type":"WebSite","@id":"https:\/\/www.anicecommunication.com\/it\/#website","url":"https:\/\/www.anicecommunication.com\/it\/","name":"IT Anice Communication","description":"Anicecommunication agenzia di pubbliche relazioni,  ufficio stampa, media relations, automotive e mobility a livello internazionale - Torino","publisher":{"@id":"https:\/\/www.anicecommunication.com\/it\/#organization"},"potentialAction":[{"@type":"SearchAction","target":{"@type":"EntryPoint","urlTemplate":"https:\/\/www.anicecommunication.com\/it\/?s={search_term_string}"},"query-input":{"@type":"PropertyValueSpecification","valueRequired":true,"valueName":"search_term_string"}}],"inLanguage":"it-IT"},{"@type":"Organization","@id":"https:\/\/www.anicecommunication.com\/it\/#organization","name":"Anice SRL - Agenzia di comunicazione, mobility and automotive media relations & PR in Italia, Europa","alternateName":"Anicecommunication","url":"https:\/\/www.anicecommunication.com\/it\/","logo":{"@type":"ImageObject","inLanguage":"it-IT","@id":"https:\/\/www.anicecommunication.com\/it\/#\/schema\/logo\/image\/","url":"https:\/\/www.anicecommunication.com\/it\/wp-content\/uploads\/sites\/3\/2023\/06\/Anice_696x696.jpg","contentUrl":"https:\/\/www.anicecommunication.com\/it\/wp-content\/uploads\/sites\/3\/2023\/06\/Anice_696x696.jpg","width":696,"height":696,"caption":"Anice SRL - Agenzia di comunicazione, mobility and automotive media relations & PR in Italia, Europa"},"image":{"@id":"https:\/\/www.anicecommunication.com\/it\/#\/schema\/logo\/image\/"},"sameAs":["https:\/\/www.facebook.com\/anicecommunication","https:\/\/x.com\/Anicecom","https:\/\/instagram.com\/anicecom\/","https:\/\/www.linkedin.com\/company\/anice-s-r-l-"]},{"@type":"Person","@id":"https:\/\/www.anicecommunication.com\/it\/#\/schema\/person\/d8f9046f11c2ab1ff15f1d0d580184d8","name":"Editorial Staff","image":{"@type":"ImageObject","inLanguage":"it-IT","@id":"https:\/\/secure.gravatar.com\/avatar\/62128a8e64953c282b330a12e5b592d8bc5d299b46ab0e6928129ae0d79e528a?s=96&d=mm&r=g","url":"https:\/\/secure.gravatar.com\/avatar\/62128a8e64953c282b330a12e5b592d8bc5d299b46ab0e6928129ae0d79e528a?s=96&d=mm&r=g","contentUrl":"https:\/\/secure.gravatar.com\/avatar\/62128a8e64953c282b330a12e5b592d8bc5d299b46ab0e6928129ae0d79e528a?s=96&d=mm&r=g","caption":"Editorial Staff"},"description":"La redazione di Anicecommunication \u00e8 composta da giornalisti, esperti di comunicazione e marketing, content manager e storyteller.","sameAs":["http:\/\/www.anicecommunication.com","https:\/\/www.facebook.com\/anicecommunication","https:\/\/x.com\/anicecom"]}]}},"_links":{"self":[{"href":"https:\/\/www.anicecommunication.com\/it\/wp-json\/wp\/v2\/posts\/17923","targetHints":{"allow":["GET"]}}],"collection":[{"href":"https:\/\/www.anicecommunication.com\/it\/wp-json\/wp\/v2\/posts"}],"about":[{"href":"https:\/\/www.anicecommunication.com\/it\/wp-json\/wp\/v2\/types\/post"}],"author":[{"embeddable":true,"href":"https:\/\/www.anicecommunication.com\/it\/wp-json\/wp\/v2\/users\/1"}],"replies":[{"embeddable":true,"href":"https:\/\/www.anicecommunication.com\/it\/wp-json\/wp\/v2\/comments?post=17923"}],"version-history":[{"count":10,"href":"https:\/\/www.anicecommunication.com\/it\/wp-json\/wp\/v2\/posts\/17923\/revisions"}],"predecessor-version":[{"id":17944,"href":"https:\/\/www.anicecommunication.com\/it\/wp-json\/wp\/v2\/posts\/17923\/revisions\/17944"}],"wp:featuredmedia":[{"embeddable":true,"href":"https:\/\/www.anicecommunication.com\/it\/wp-json\/wp\/v2\/media\/17931"}],"wp:attachment":[{"href":"https:\/\/www.anicecommunication.com\/it\/wp-json\/wp\/v2\/media?parent=17923"}],"wp:term":[{"taxonomy":"category","embeddable":true,"href":"https:\/\/www.anicecommunication.com\/it\/wp-json\/wp\/v2\/categories?post=17923"},{"taxonomy":"post_tag","embeddable":true,"href":"https:\/\/www.anicecommunication.com\/it\/wp-json\/wp\/v2\/tags?post=17923"}],"curies":[{"name":"wp","href":"https:\/\/api.w.org\/{rel}","templated":true}]}}