{"id":18426,"date":"2021-10-06T11:33:51","date_gmt":"2021-10-06T09:33:51","guid":{"rendered":"https:\/\/www.anicecommunication.com\/it\/?p=18426"},"modified":"2021-10-21T15:38:25","modified_gmt":"2021-10-21T13:38:25","slug":"vredestein-amplia-la-gamma-dei-suoi-pluri-premiati-pneumatici-all-season","status":"publish","type":"post","link":"https:\/\/www.anicecommunication.com\/it\/vredestein-amplia-la-gamma-dei-suoi-pluri-premiati-pneumatici-all-season\/","title":{"rendered":"Vredestein amplia la gamma dei suoi pluri premiati pneumatici all-season"},"content":{"rendered":"<ul class=\"text-justify\">\n<li><strong>Vredestein amplia la gamma all-season<\/strong><\/li>\n<li><b>Secondo una recente ricerca, il 76% delle persone in Italia sarebbe orientato verso gli all-season, in caso di sostituzione di pneumatici<\/b><\/li>\n<li><b>Apollo Tyres aggiunge 25 nuove misure alla gamma Vredestein 4 stagioni, anche nei modelli Quatrac, Quatrac Pro e Comtrac 2 all-season+<\/b><\/li>\n<li><b>Prima del Covid-19, il mercato all-season in Europa \u00e8 cresciuto di quasi il 23% ogni anno<\/b><\/li>\n<\/ul>\n<p><!--more--><\/p>\n<p class=\"text-justify\"><b>Amsterdam, 4 ottobre 2021 <\/b>\u2013<i><\/i> Questo autunno Apollo Tyres amplier\u00e0 in modo significativo la gamma di pneumatici all-season del marchio Vredestein, in modo da soddisfare la richiesta di un segmento di mercato in crescita. L&#8217;azienda introdurr\u00e0 25 nuove misure di pneumatici per ruote di diametro compreso tra 15 e 22 pollici, arricchendo cos\u00ec le sue tre pluripremiate gamme di prodotti Vredestein all-season: Quatrac, per family car, auto compatte e SUV; Quatrac Pro, per auto ad alte prestazioni e SUV; e Comtrac 2 all-season+, per veicoli commerciali.<\/p>\n<p><img decoding=\"async\" class=\"aligncenter size-full wp-image-18427\" src=\"https:\/\/www.anicecommunication.com\/it\/wp-content\/uploads\/sites\/3\/2021\/10\/VR-PCT-Winter-visual-Quatrac-Pro-QPR-product-focus-shot_96dpi_1200px_E_NR-10519.jpg\" alt=\"Pneumatico Vredestein all-season Quatrac Pro\" width=\"1200\" height=\"899\" srcset=\"https:\/\/www.anicecommunication.com\/it\/wp-content\/uploads\/sites\/3\/2021\/10\/VR-PCT-Winter-visual-Quatrac-Pro-QPR-product-focus-shot_96dpi_1200px_E_NR-10519-200x150.jpg 200w, https:\/\/www.anicecommunication.com\/it\/wp-content\/uploads\/sites\/3\/2021\/10\/VR-PCT-Winter-visual-Quatrac-Pro-QPR-product-focus-shot_96dpi_1200px_E_NR-10519-300x225.jpg 300w, https:\/\/www.anicecommunication.com\/it\/wp-content\/uploads\/sites\/3\/2021\/10\/VR-PCT-Winter-visual-Quatrac-Pro-QPR-product-focus-shot_96dpi_1200px_E_NR-10519-400x300.jpg 400w, https:\/\/www.anicecommunication.com\/it\/wp-content\/uploads\/sites\/3\/2021\/10\/VR-PCT-Winter-visual-Quatrac-Pro-QPR-product-focus-shot_96dpi_1200px_E_NR-10519-600x450.jpg 600w, https:\/\/www.anicecommunication.com\/it\/wp-content\/uploads\/sites\/3\/2021\/10\/VR-PCT-Winter-visual-Quatrac-Pro-QPR-product-focus-shot_96dpi_1200px_E_NR-10519-768x575.jpg 768w, https:\/\/www.anicecommunication.com\/it\/wp-content\/uploads\/sites\/3\/2021\/10\/VR-PCT-Winter-visual-Quatrac-Pro-QPR-product-focus-shot_96dpi_1200px_E_NR-10519-800x599.jpg 800w, https:\/\/www.anicecommunication.com\/it\/wp-content\/uploads\/sites\/3\/2021\/10\/VR-PCT-Winter-visual-Quatrac-Pro-QPR-product-focus-shot_96dpi_1200px_E_NR-10519-1024x767.jpg 1024w, https:\/\/www.anicecommunication.com\/it\/wp-content\/uploads\/sites\/3\/2021\/10\/VR-PCT-Winter-visual-Quatrac-Pro-QPR-product-focus-shot_96dpi_1200px_E_NR-10519.jpg 1200w\" sizes=\"(max-width: 1200px) 100vw, 1200px\" \/><\/p>\n<p>In previsione del lancio dei nuovi prodotti, Apollo Tyres ha condotto una nuova ricerca* sulla crescente diffusione degli pneumatici all-season. \u00c8 emerso che il 76% dei proprietari italiani di auto, quando cambieranno gli pneumatici, prenderanno in considerazione prodotti che possano essere utilizzati per tutto l\u2019anno, d\u2019estate e d\u2019inverno, sull\u2019asciutto, sul bagnato e sulla neve.<\/p>\n<p>Questo risultato spiega la generale tendenza positiva nelle vendite di pneumatici all-season. Prima dell\u2019emergenza sanitaria legata al Covid-19, il segmento all-season in Europa ha registrato ogni anno un aumento di circa il 23%.<\/p>\n<p><b>Vredestein amplia la gamma all-season: in autunno 2021 nuove misure degli pneumatici Vredestein all-season<a href=\"https:\/\/www.anicecommunication.com\/it\/wp-content\/uploads\/sites\/3\/2021\/10\/VR-PCT-Quatrac-product-shot_72dpi_900x900px_E_NR-11675-1.jpg\"><img decoding=\"async\" class=\" wp-image-18428 alignright\" src=\"https:\/\/www.anicecommunication.com\/it\/wp-content\/uploads\/sites\/3\/2021\/10\/VR-PCT-Quatrac-product-shot_72dpi_900x900px_E_NR-11675-1.jpg\" alt=\"Vredestein amplia la gamma di pneumatici all season. neumatico Vredestein all-season Quatrac Pro\" width=\"361\" height=\"361\" srcset=\"https:\/\/www.anicecommunication.com\/it\/wp-content\/uploads\/sites\/3\/2021\/10\/VR-PCT-Quatrac-product-shot_72dpi_900x900px_E_NR-11675-1-66x66.jpg 66w, https:\/\/www.anicecommunication.com\/it\/wp-content\/uploads\/sites\/3\/2021\/10\/VR-PCT-Quatrac-product-shot_72dpi_900x900px_E_NR-11675-1-150x150.jpg 150w, https:\/\/www.anicecommunication.com\/it\/wp-content\/uploads\/sites\/3\/2021\/10\/VR-PCT-Quatrac-product-shot_72dpi_900x900px_E_NR-11675-1-200x200.jpg 200w, https:\/\/www.anicecommunication.com\/it\/wp-content\/uploads\/sites\/3\/2021\/10\/VR-PCT-Quatrac-product-shot_72dpi_900x900px_E_NR-11675-1-300x300.jpg 300w, https:\/\/www.anicecommunication.com\/it\/wp-content\/uploads\/sites\/3\/2021\/10\/VR-PCT-Quatrac-product-shot_72dpi_900x900px_E_NR-11675-1-400x400.jpg 400w, https:\/\/www.anicecommunication.com\/it\/wp-content\/uploads\/sites\/3\/2021\/10\/VR-PCT-Quatrac-product-shot_72dpi_900x900px_E_NR-11675-1-600x600.jpg 600w, https:\/\/www.anicecommunication.com\/it\/wp-content\/uploads\/sites\/3\/2021\/10\/VR-PCT-Quatrac-product-shot_72dpi_900x900px_E_NR-11675-1-768x768.jpg 768w, https:\/\/www.anicecommunication.com\/it\/wp-content\/uploads\/sites\/3\/2021\/10\/VR-PCT-Quatrac-product-shot_72dpi_900x900px_E_NR-11675-1-800x800.jpg 800w, https:\/\/www.anicecommunication.com\/it\/wp-content\/uploads\/sites\/3\/2021\/10\/VR-PCT-Quatrac-product-shot_72dpi_900x900px_E_NR-11675-1.jpg 900w\" sizes=\"(max-width: 361px) 100vw, 361px\" \/><\/a> <\/b><\/p>\n<p>Disponibile nelle misure da 15 e 16 pollici, <b>Quatrac<\/b> si posiziona nella fascia media del mercato e offre un bilanciamento ottimale di prestazioni su asciutto, bagnato e neve. Inoltre, consente all\u2019automobilista di ridurre l&#8217;impatto ambientale, grazie a una minore resistenza al rotolamento e a una maggiore durata. Gli pneumatici Quatrac saranno disponibili in otto nuove misure per cerchi da 15 pollici.<\/p>\n<p>&nbsp;<\/p>\n<p><b>Quatrac Pro<\/b> \u00e8 uno pneumatico dalle alte prestazioni progettato per le auto e i SUV pi\u00f9 potenti, e si distingue per eccellente aderenza sul bagnato e una manovrabilit\u00e0 sulla neve. Lo pneumatico, gi\u00e0 disponibile in diverse misure per ruote da 17 a 21 pollici di diametro, vedr\u00e0 in autunno il lancio di 11 nuove misure aggiuntive, incluse, per la prima volta, anche quelle adatte per ruote da 22 pollici di diametro.<\/p>\n<p class=\"text-justify\">Il modello <b>Comtrac 2 all-season+<\/b>, sviluppato per veicoli commerciali leggeri, garantisce sicurezza e comfort elevati durante la guida con carichi pesanti in tutte le condizioni atmosferiche. Una mescola su misura assicura prestazioni elevate sul bagnato e sulla neve anche nelle lunghe distanze e rende questo pneumatico perfetto per un uso commerciale. \u00a0Comtract 2 all-season+ sar\u00e0 disponibile in altre sei nuove misure, oltre quelle da 15 a 17 pollici gi\u00e0 in commercio.<\/p>\n<p class=\"text-justify\"><b>Tradizione di leadership e innovazione nel settore all-season <\/b><\/p>\n<p class=\"text-justify\">Gli pneumatici Vredestein sono stati pionieri nel mercato all-season a partire dai primi anni &#8217;90. Grazie al know how acquisito nel segmento degli pneumatici invernali ed estivi, l\u2019azienda ha realizzato prodotti dalle prestazioni eccellenti in qualsiasi condizione.<\/p>\n<p class=\"text-justify\">A settembre, <i>Auto Zeitung<\/i>, una delle principali riviste automobilistiche tedesche, ha nominato Vredestein Quatrac come &#8220;Miglior pneumatico all-season&#8221; per il 2021. Lo pneumatico, vincitore anche del premio &#8220;Rapporto qualit\u00e0-prezzo consigliato&#8221; della rivista, ha sbaragliato la concorrenza rappresentata da altri otto prodotti del segmento all-season. Nella sua recensione, <i>Auto Zeitung<\/i> ha dichiarato che il Quatrac &#8220;\u00e8 una classe a s\u00e9 stante&#8221; sull&#8217;asfalto bagnato in un&#8217;ampia gamma di temperature e ha evidenziato gli elevati livelli di tenuta di strada dello pneumatico anche quando viene spinto al limite. Inoltre, la rivista ha dichiarato che &#8220;la resistenza al rotolamento \u00e8 bassa&#8221; e che \u00e8 &#8220;sicuro sulla neve e vanta un ottimo rapporto qualit\u00e0-prezzo.&#8221;<\/p>\n<p class=\"text-justify\">Lo scorso anno, il Quatrac \u00e8 stato dichiarato vincitore ex aequo da <i>Auto Bild Allrad<\/i> in Germania nel noto test annuale degli pneumatici, ottenendo il primo e il secondo punteggio pi\u00f9 alto in ognuna delle quattordici categorie previste. Nel 2020 \u00e8 arrivato secondo anche nell\u2019importante prova di <i>Auto Bild<\/i> in cui partecipavano 32 pneumatici all-season. Nel 2019, il marchio Vredestein \u00e8 stato nominato &#8220;Produttore dell&#8217;anno di pneumatici all-season&#8221; da <i>Auto Bild<\/i>. I tester hanno conferito questo riconoscimento per il suo &#8220;esemplare pneumatico all-season con qualit\u00e0 impressionanti su ghiaccio e neve&#8221;, nonch\u00e9 per le sue &#8220;caratteristiche di guida dinamiche&#8221; in condizioni di asciutto e bagnato.<\/p>\n<p class=\"text-justify\">\u201c<i>La popolarit\u00e0 degli pneumatici all-season \u00e8 in costante aumento a causa delle condizioni meteorologiche sempre pi\u00f9 imprevedibili e alla crescente domanda di soluzioni convenienti da utilizzare tutto l&#8217;anno<\/i>&#8220;, afferma Yves Pouliquen, Sales &amp; Marketing Director di Apollo Tyres Europe. &#8220;<i>I proprietari di auto non vogliono cambiare gli pneumatici pi\u00f9 volte all&#8217;anno, quindi cercano un prodotto versatile che assicuri sicurezza e aderenza in tutte le condizioni atmosferiche, anche in caso di pioggia torrenziale e in presenza di ghiaccio. Le nuove misure degli pneumatici Vredestein all-season ci aiuteranno a soddisfare questa richiesta del mercato e ci consentiranno di consolidare la nostra posizione segmento altamente competitivo<\/i>&#8220;.<\/p>\n<p class=\"text-justify\">Ulteriori informazioni sulla gamma all-season di Vredestein sono disponibili alla pagina: <a href=\"https:\/\/www.vredestein.it\" target=\"_blank\" rel=\"noopener\">www.vredestein.it<\/a>.<\/p>\n<p><em>* Sondaggio nazionale sui consumatori condotta da OnePoll nel 2021; 1.000 intervistati\u00a0<\/em><\/p>\n<p><a href=\"https:\/\/www.anicecommunication.it\/Vredestein\/211004\/211004_Vredestein_amplia_la_gamma_all_season.zip\" target=\"_blank\" rel=\"noopener\">Scarica testi e immagini &gt;<\/a><\/p>\n<p><a href=\"https:\/\/www.anicecommunication.com\/it\/media-relations\/\">Anicecommunication, Ufficio Stampa Vredestein Italia<\/a><\/p>\n","protected":false},"excerpt":{"rendered":"<p>Vredestein amplia la gamma all-season Secondo una recente ricerca, il 76% delle persone in Italia sarebbe orientato verso gli all-season, in caso di sostituzione di pneumatici Apollo Tyres aggiunge 25 nuove misure alla gamma Vredestein 4 stagioni, anche nei modelli Quatrac, Quatrac Pro e Comtrac 2 all-season+ Prima del Covid-19, il mercato all-season in Europa  [&#8230;]<\/p>\n","protected":false},"author":1,"featured_media":18428,"comment_status":"closed","ping_status":"closed","sticky":false,"template":"","format":"standard","meta":{"footnotes":""},"categories":[608,59,66,467,80],"tags":[719,717,718,569,571,570,683,568],"class_list":["post-18426","post","type-post","status-publish","format-standard","has-post-thumbnail","hentry","category-apollo-vredestein","category-i_nostri_servizi","category-ufficio_stampa","category-press_room","category-blog-anicecommunication","tag-apollo-tyres","tag-comtrac","tag-gamma-pneumatici","tag-pneumatici","tag-pneumatici-all-season","tag-pneumatici-all-seasons","tag-quatrac","tag-vredestein"],"yoast_head":"<!-- This site is optimized with the Yoast SEO plugin v27.4 - https:\/\/yoast.com\/product\/yoast-seo-wordpress\/ -->\n<title>Vredestein amplia la gamma dei suoi pluri premiati pneumatici all-season - Anice - Ufficio Stampa Vredestein Italia<\/title>\n<meta name=\"description\" content=\"Vredestein amplia la gamma: Apollo Tyres aggiunge 25 nuove misure alla gamma Vredestein 4 stagioni, anche nei modelli Quatrac, Quatrac Pro e Comtrac 2 all-season+. Anice, agenzia PR e Ufficio Stampa Torino\" \/>\n<meta name=\"robots\" content=\"index, follow, max-snippet:-1, max-image-preview:large, max-video-preview:-1\" \/>\n<link rel=\"canonical\" href=\"https:\/\/www.anicecommunication.com\/it\/vredestein-amplia-la-gamma-dei-suoi-pluri-premiati-pneumatici-all-season\/\" \/>\n<meta property=\"og:locale\" content=\"it_IT\" \/>\n<meta property=\"og:type\" content=\"article\" \/>\n<meta property=\"og:title\" content=\"Vredestein amplia la gamma dei suoi pluri premiati pneumatici all-season - Anice - Ufficio Stampa Vredestein Italia\" \/>\n<meta property=\"og:description\" content=\"Vredestein amplia la gamma: Apollo Tyres aggiunge 25 nuove misure alla gamma Vredestein 4 stagioni, anche nei modelli Quatrac, Quatrac Pro e Comtrac 2 all-season+. Anice, agenzia PR e Ufficio Stampa Torino\" \/>\n<meta property=\"og:url\" content=\"https:\/\/www.anicecommunication.com\/it\/vredestein-amplia-la-gamma-dei-suoi-pluri-premiati-pneumatici-all-season\/\" \/>\n<meta property=\"og:site_name\" content=\"IT Anice Communication\" \/>\n<meta property=\"article:publisher\" content=\"https:\/\/www.facebook.com\/anicecommunication\" \/>\n<meta property=\"article:author\" content=\"https:\/\/www.facebook.com\/anicecommunication\" \/>\n<meta property=\"article:published_time\" content=\"2021-10-06T09:33:51+00:00\" \/>\n<meta property=\"article:modified_time\" content=\"2021-10-21T13:38:25+00:00\" \/>\n<meta property=\"og:image\" content=\"https:\/\/www.anicecommunication.com\/it\/wp-content\/uploads\/sites\/3\/2021\/10\/VR-PCT-Quatrac-product-shot_72dpi_900x900px_E_NR-11675-1.jpg\" \/>\n\t<meta property=\"og:image:width\" content=\"900\" \/>\n\t<meta property=\"og:image:height\" content=\"900\" \/>\n\t<meta property=\"og:image:type\" content=\"image\/jpeg\" \/>\n<meta name=\"author\" content=\"Editorial Staff\" \/>\n<meta name=\"twitter:label1\" content=\"Scritto da\" \/>\n\t<meta name=\"twitter:data1\" content=\"Editorial Staff\" \/>\n\t<meta name=\"twitter:label2\" content=\"Tempo di lettura stimato\" \/>\n\t<meta name=\"twitter:data2\" content=\"5 minuti\" \/>\n<script type=\"application\/ld+json\" class=\"yoast-schema-graph\">{\"@context\":\"https:\\\/\\\/schema.org\",\"@graph\":[{\"@type\":\"Article\",\"@id\":\"https:\\\/\\\/www.anicecommunication.com\\\/it\\\/vredestein-amplia-la-gamma-dei-suoi-pluri-premiati-pneumatici-all-season\\\/#article\",\"isPartOf\":{\"@id\":\"https:\\\/\\\/www.anicecommunication.com\\\/it\\\/vredestein-amplia-la-gamma-dei-suoi-pluri-premiati-pneumatici-all-season\\\/\"},\"author\":{\"name\":\"Editorial Staff\",\"@id\":\"https:\\\/\\\/www.anicecommunication.com\\\/it\\\/#\\\/schema\\\/person\\\/d8f9046f11c2ab1ff15f1d0d580184d8\"},\"headline\":\"Vredestein amplia la gamma dei suoi pluri premiati pneumatici all-season\",\"datePublished\":\"2021-10-06T09:33:51+00:00\",\"dateModified\":\"2021-10-21T13:38:25+00:00\",\"mainEntityOfPage\":{\"@id\":\"https:\\\/\\\/www.anicecommunication.com\\\/it\\\/vredestein-amplia-la-gamma-dei-suoi-pluri-premiati-pneumatici-all-season\\\/\"},\"wordCount\":834,\"publisher\":{\"@id\":\"https:\\\/\\\/www.anicecommunication.com\\\/it\\\/#organization\"},\"image\":{\"@id\":\"https:\\\/\\\/www.anicecommunication.com\\\/it\\\/vredestein-amplia-la-gamma-dei-suoi-pluri-premiati-pneumatici-all-season\\\/#primaryimage\"},\"thumbnailUrl\":\"https:\\\/\\\/www.anicecommunication.com\\\/it\\\/wp-content\\\/uploads\\\/sites\\\/3\\\/2021\\\/10\\\/VR-PCT-Quatrac-product-shot_72dpi_900x900px_E_NR-11675-1.jpg\",\"keywords\":[\"Apollo Tyres\",\"Comtrac\",\"gamma pneumatici\",\"pneumatici\",\"pneumatici all-season\",\"pneumatici all-seasons\",\"quatrac\",\"vredestein\"],\"articleSection\":[\"Apollo Tyres | Vredestein\",\"I nostri servizi\",\"L'Ufficio Stampa\",\"Press Room\",\"What A Nice Blog!\"],\"inLanguage\":\"it-IT\"},{\"@type\":\"WebPage\",\"@id\":\"https:\\\/\\\/www.anicecommunication.com\\\/it\\\/vredestein-amplia-la-gamma-dei-suoi-pluri-premiati-pneumatici-all-season\\\/\",\"url\":\"https:\\\/\\\/www.anicecommunication.com\\\/it\\\/vredestein-amplia-la-gamma-dei-suoi-pluri-premiati-pneumatici-all-season\\\/\",\"name\":\"Vredestein amplia la gamma dei suoi pluri premiati pneumatici all-season - Anice - Ufficio Stampa Vredestein Italia\",\"isPartOf\":{\"@id\":\"https:\\\/\\\/www.anicecommunication.com\\\/it\\\/#website\"},\"primaryImageOfPage\":{\"@id\":\"https:\\\/\\\/www.anicecommunication.com\\\/it\\\/vredestein-amplia-la-gamma-dei-suoi-pluri-premiati-pneumatici-all-season\\\/#primaryimage\"},\"image\":{\"@id\":\"https:\\\/\\\/www.anicecommunication.com\\\/it\\\/vredestein-amplia-la-gamma-dei-suoi-pluri-premiati-pneumatici-all-season\\\/#primaryimage\"},\"thumbnailUrl\":\"https:\\\/\\\/www.anicecommunication.com\\\/it\\\/wp-content\\\/uploads\\\/sites\\\/3\\\/2021\\\/10\\\/VR-PCT-Quatrac-product-shot_72dpi_900x900px_E_NR-11675-1.jpg\",\"datePublished\":\"2021-10-06T09:33:51+00:00\",\"dateModified\":\"2021-10-21T13:38:25+00:00\",\"description\":\"Vredestein amplia la gamma: Apollo Tyres aggiunge 25 nuove misure alla gamma Vredestein 4 stagioni, anche nei modelli Quatrac, Quatrac Pro e Comtrac 2 all-season+. Anice, agenzia PR e Ufficio Stampa Torino\",\"breadcrumb\":{\"@id\":\"https:\\\/\\\/www.anicecommunication.com\\\/it\\\/vredestein-amplia-la-gamma-dei-suoi-pluri-premiati-pneumatici-all-season\\\/#breadcrumb\"},\"inLanguage\":\"it-IT\",\"potentialAction\":[{\"@type\":\"ReadAction\",\"target\":[\"https:\\\/\\\/www.anicecommunication.com\\\/it\\\/vredestein-amplia-la-gamma-dei-suoi-pluri-premiati-pneumatici-all-season\\\/\"]}]},{\"@type\":\"ImageObject\",\"inLanguage\":\"it-IT\",\"@id\":\"https:\\\/\\\/www.anicecommunication.com\\\/it\\\/vredestein-amplia-la-gamma-dei-suoi-pluri-premiati-pneumatici-all-season\\\/#primaryimage\",\"url\":\"https:\\\/\\\/www.anicecommunication.com\\\/it\\\/wp-content\\\/uploads\\\/sites\\\/3\\\/2021\\\/10\\\/VR-PCT-Quatrac-product-shot_72dpi_900x900px_E_NR-11675-1.jpg\",\"contentUrl\":\"https:\\\/\\\/www.anicecommunication.com\\\/it\\\/wp-content\\\/uploads\\\/sites\\\/3\\\/2021\\\/10\\\/VR-PCT-Quatrac-product-shot_72dpi_900x900px_E_NR-11675-1.jpg\",\"width\":900,\"height\":900,\"caption\":\"Vredestein amplia la gamma di pneumatici all season. neumatico Vredestein all-season Quatrac Pro\"},{\"@type\":\"BreadcrumbList\",\"@id\":\"https:\\\/\\\/www.anicecommunication.com\\\/it\\\/vredestein-amplia-la-gamma-dei-suoi-pluri-premiati-pneumatici-all-season\\\/#breadcrumb\",\"itemListElement\":[{\"@type\":\"ListItem\",\"position\":1,\"name\":\"Home\",\"item\":\"https:\\\/\\\/www.anicecommunication.com\\\/it\\\/\"},{\"@type\":\"ListItem\",\"position\":2,\"name\":\"Vredestein amplia la gamma dei suoi pluri premiati pneumatici all-season\"}]},{\"@type\":\"WebSite\",\"@id\":\"https:\\\/\\\/www.anicecommunication.com\\\/it\\\/#website\",\"url\":\"https:\\\/\\\/www.anicecommunication.com\\\/it\\\/\",\"name\":\"IT Anice Communication\",\"description\":\"Anicecommunication agenzia di pubbliche relazioni,  ufficio stampa, media relations, automotive e mobility a livello internazionale - Torino\",\"publisher\":{\"@id\":\"https:\\\/\\\/www.anicecommunication.com\\\/it\\\/#organization\"},\"potentialAction\":[{\"@type\":\"SearchAction\",\"target\":{\"@type\":\"EntryPoint\",\"urlTemplate\":\"https:\\\/\\\/www.anicecommunication.com\\\/it\\\/?s={search_term_string}\"},\"query-input\":{\"@type\":\"PropertyValueSpecification\",\"valueRequired\":true,\"valueName\":\"search_term_string\"}}],\"inLanguage\":\"it-IT\"},{\"@type\":\"Organization\",\"@id\":\"https:\\\/\\\/www.anicecommunication.com\\\/it\\\/#organization\",\"name\":\"Anice SRL - Agenzia di comunicazione, mobility and automotive media relations & PR in Italia, Europa\",\"alternateName\":\"Anicecommunication\",\"url\":\"https:\\\/\\\/www.anicecommunication.com\\\/it\\\/\",\"logo\":{\"@type\":\"ImageObject\",\"inLanguage\":\"it-IT\",\"@id\":\"https:\\\/\\\/www.anicecommunication.com\\\/it\\\/#\\\/schema\\\/logo\\\/image\\\/\",\"url\":\"https:\\\/\\\/www.anicecommunication.com\\\/it\\\/wp-content\\\/uploads\\\/sites\\\/3\\\/2023\\\/06\\\/Anice_696x696.jpg\",\"contentUrl\":\"https:\\\/\\\/www.anicecommunication.com\\\/it\\\/wp-content\\\/uploads\\\/sites\\\/3\\\/2023\\\/06\\\/Anice_696x696.jpg\",\"width\":696,\"height\":696,\"caption\":\"Anice SRL - Agenzia di comunicazione, mobility and automotive media relations & PR in Italia, Europa\"},\"image\":{\"@id\":\"https:\\\/\\\/www.anicecommunication.com\\\/it\\\/#\\\/schema\\\/logo\\\/image\\\/\"},\"sameAs\":[\"https:\\\/\\\/www.facebook.com\\\/anicecommunication\",\"https:\\\/\\\/x.com\\\/Anicecom\",\"https:\\\/\\\/instagram.com\\\/anicecom\\\/\",\"https:\\\/\\\/www.linkedin.com\\\/company\\\/anice-s-r-l-\"]},{\"@type\":\"Person\",\"@id\":\"https:\\\/\\\/www.anicecommunication.com\\\/it\\\/#\\\/schema\\\/person\\\/d8f9046f11c2ab1ff15f1d0d580184d8\",\"name\":\"Editorial Staff\",\"image\":{\"@type\":\"ImageObject\",\"inLanguage\":\"it-IT\",\"@id\":\"https:\\\/\\\/secure.gravatar.com\\\/avatar\\\/62128a8e64953c282b330a12e5b592d8bc5d299b46ab0e6928129ae0d79e528a?s=96&d=mm&r=g\",\"url\":\"https:\\\/\\\/secure.gravatar.com\\\/avatar\\\/62128a8e64953c282b330a12e5b592d8bc5d299b46ab0e6928129ae0d79e528a?s=96&d=mm&r=g\",\"contentUrl\":\"https:\\\/\\\/secure.gravatar.com\\\/avatar\\\/62128a8e64953c282b330a12e5b592d8bc5d299b46ab0e6928129ae0d79e528a?s=96&d=mm&r=g\",\"caption\":\"Editorial Staff\"},\"description\":\"La redazione di Anicecommunication \u00e8 composta da giornalisti, esperti di comunicazione e marketing, content manager e storyteller.\",\"sameAs\":[\"http:\\\/\\\/www.anicecommunication.com\",\"https:\\\/\\\/www.facebook.com\\\/anicecommunication\",\"https:\\\/\\\/x.com\\\/anicecom\"]}]}<\/script>\n<!-- \/ Yoast SEO plugin. -->","yoast_head_json":{"title":"Vredestein amplia la gamma dei suoi pluri premiati pneumatici all-season - Anice - Ufficio Stampa Vredestein Italia","description":"Vredestein amplia la gamma: Apollo Tyres aggiunge 25 nuove misure alla gamma Vredestein 4 stagioni, anche nei modelli Quatrac, Quatrac Pro e Comtrac 2 all-season+. Anice, agenzia PR e Ufficio Stampa Torino","robots":{"index":"index","follow":"follow","max-snippet":"max-snippet:-1","max-image-preview":"max-image-preview:large","max-video-preview":"max-video-preview:-1"},"canonical":"https:\/\/www.anicecommunication.com\/it\/vredestein-amplia-la-gamma-dei-suoi-pluri-premiati-pneumatici-all-season\/","og_locale":"it_IT","og_type":"article","og_title":"Vredestein amplia la gamma dei suoi pluri premiati pneumatici all-season - Anice - Ufficio Stampa Vredestein Italia","og_description":"Vredestein amplia la gamma: Apollo Tyres aggiunge 25 nuove misure alla gamma Vredestein 4 stagioni, anche nei modelli Quatrac, Quatrac Pro e Comtrac 2 all-season+. Anice, agenzia PR e Ufficio Stampa Torino","og_url":"https:\/\/www.anicecommunication.com\/it\/vredestein-amplia-la-gamma-dei-suoi-pluri-premiati-pneumatici-all-season\/","og_site_name":"IT Anice Communication","article_publisher":"https:\/\/www.facebook.com\/anicecommunication","article_author":"https:\/\/www.facebook.com\/anicecommunication","article_published_time":"2021-10-06T09:33:51+00:00","article_modified_time":"2021-10-21T13:38:25+00:00","og_image":[{"width":900,"height":900,"url":"https:\/\/www.anicecommunication.com\/it\/wp-content\/uploads\/sites\/3\/2021\/10\/VR-PCT-Quatrac-product-shot_72dpi_900x900px_E_NR-11675-1.jpg","type":"image\/jpeg"}],"author":"Editorial Staff","twitter_misc":{"Scritto da":"Editorial Staff","Tempo di lettura stimato":"5 minuti"},"schema":{"@context":"https:\/\/schema.org","@graph":[{"@type":"Article","@id":"https:\/\/www.anicecommunication.com\/it\/vredestein-amplia-la-gamma-dei-suoi-pluri-premiati-pneumatici-all-season\/#article","isPartOf":{"@id":"https:\/\/www.anicecommunication.com\/it\/vredestein-amplia-la-gamma-dei-suoi-pluri-premiati-pneumatici-all-season\/"},"author":{"name":"Editorial Staff","@id":"https:\/\/www.anicecommunication.com\/it\/#\/schema\/person\/d8f9046f11c2ab1ff15f1d0d580184d8"},"headline":"Vredestein amplia la gamma dei suoi pluri premiati pneumatici all-season","datePublished":"2021-10-06T09:33:51+00:00","dateModified":"2021-10-21T13:38:25+00:00","mainEntityOfPage":{"@id":"https:\/\/www.anicecommunication.com\/it\/vredestein-amplia-la-gamma-dei-suoi-pluri-premiati-pneumatici-all-season\/"},"wordCount":834,"publisher":{"@id":"https:\/\/www.anicecommunication.com\/it\/#organization"},"image":{"@id":"https:\/\/www.anicecommunication.com\/it\/vredestein-amplia-la-gamma-dei-suoi-pluri-premiati-pneumatici-all-season\/#primaryimage"},"thumbnailUrl":"https:\/\/www.anicecommunication.com\/it\/wp-content\/uploads\/sites\/3\/2021\/10\/VR-PCT-Quatrac-product-shot_72dpi_900x900px_E_NR-11675-1.jpg","keywords":["Apollo Tyres","Comtrac","gamma pneumatici","pneumatici","pneumatici all-season","pneumatici all-seasons","quatrac","vredestein"],"articleSection":["Apollo Tyres | Vredestein","I nostri servizi","L'Ufficio Stampa","Press Room","What A Nice Blog!"],"inLanguage":"it-IT"},{"@type":"WebPage","@id":"https:\/\/www.anicecommunication.com\/it\/vredestein-amplia-la-gamma-dei-suoi-pluri-premiati-pneumatici-all-season\/","url":"https:\/\/www.anicecommunication.com\/it\/vredestein-amplia-la-gamma-dei-suoi-pluri-premiati-pneumatici-all-season\/","name":"Vredestein amplia la gamma dei suoi pluri premiati pneumatici all-season - Anice - Ufficio Stampa Vredestein Italia","isPartOf":{"@id":"https:\/\/www.anicecommunication.com\/it\/#website"},"primaryImageOfPage":{"@id":"https:\/\/www.anicecommunication.com\/it\/vredestein-amplia-la-gamma-dei-suoi-pluri-premiati-pneumatici-all-season\/#primaryimage"},"image":{"@id":"https:\/\/www.anicecommunication.com\/it\/vredestein-amplia-la-gamma-dei-suoi-pluri-premiati-pneumatici-all-season\/#primaryimage"},"thumbnailUrl":"https:\/\/www.anicecommunication.com\/it\/wp-content\/uploads\/sites\/3\/2021\/10\/VR-PCT-Quatrac-product-shot_72dpi_900x900px_E_NR-11675-1.jpg","datePublished":"2021-10-06T09:33:51+00:00","dateModified":"2021-10-21T13:38:25+00:00","description":"Vredestein amplia la gamma: Apollo Tyres aggiunge 25 nuove misure alla gamma Vredestein 4 stagioni, anche nei modelli Quatrac, Quatrac Pro e Comtrac 2 all-season+. Anice, agenzia PR e Ufficio Stampa Torino","breadcrumb":{"@id":"https:\/\/www.anicecommunication.com\/it\/vredestein-amplia-la-gamma-dei-suoi-pluri-premiati-pneumatici-all-season\/#breadcrumb"},"inLanguage":"it-IT","potentialAction":[{"@type":"ReadAction","target":["https:\/\/www.anicecommunication.com\/it\/vredestein-amplia-la-gamma-dei-suoi-pluri-premiati-pneumatici-all-season\/"]}]},{"@type":"ImageObject","inLanguage":"it-IT","@id":"https:\/\/www.anicecommunication.com\/it\/vredestein-amplia-la-gamma-dei-suoi-pluri-premiati-pneumatici-all-season\/#primaryimage","url":"https:\/\/www.anicecommunication.com\/it\/wp-content\/uploads\/sites\/3\/2021\/10\/VR-PCT-Quatrac-product-shot_72dpi_900x900px_E_NR-11675-1.jpg","contentUrl":"https:\/\/www.anicecommunication.com\/it\/wp-content\/uploads\/sites\/3\/2021\/10\/VR-PCT-Quatrac-product-shot_72dpi_900x900px_E_NR-11675-1.jpg","width":900,"height":900,"caption":"Vredestein amplia la gamma di pneumatici all season. neumatico Vredestein all-season Quatrac Pro"},{"@type":"BreadcrumbList","@id":"https:\/\/www.anicecommunication.com\/it\/vredestein-amplia-la-gamma-dei-suoi-pluri-premiati-pneumatici-all-season\/#breadcrumb","itemListElement":[{"@type":"ListItem","position":1,"name":"Home","item":"https:\/\/www.anicecommunication.com\/it\/"},{"@type":"ListItem","position":2,"name":"Vredestein amplia la gamma dei suoi pluri premiati pneumatici all-season"}]},{"@type":"WebSite","@id":"https:\/\/www.anicecommunication.com\/it\/#website","url":"https:\/\/www.anicecommunication.com\/it\/","name":"IT Anice Communication","description":"Anicecommunication agenzia di pubbliche relazioni,  ufficio stampa, media relations, automotive e mobility a livello internazionale - Torino","publisher":{"@id":"https:\/\/www.anicecommunication.com\/it\/#organization"},"potentialAction":[{"@type":"SearchAction","target":{"@type":"EntryPoint","urlTemplate":"https:\/\/www.anicecommunication.com\/it\/?s={search_term_string}"},"query-input":{"@type":"PropertyValueSpecification","valueRequired":true,"valueName":"search_term_string"}}],"inLanguage":"it-IT"},{"@type":"Organization","@id":"https:\/\/www.anicecommunication.com\/it\/#organization","name":"Anice SRL - Agenzia di comunicazione, mobility and automotive media relations & PR in Italia, Europa","alternateName":"Anicecommunication","url":"https:\/\/www.anicecommunication.com\/it\/","logo":{"@type":"ImageObject","inLanguage":"it-IT","@id":"https:\/\/www.anicecommunication.com\/it\/#\/schema\/logo\/image\/","url":"https:\/\/www.anicecommunication.com\/it\/wp-content\/uploads\/sites\/3\/2023\/06\/Anice_696x696.jpg","contentUrl":"https:\/\/www.anicecommunication.com\/it\/wp-content\/uploads\/sites\/3\/2023\/06\/Anice_696x696.jpg","width":696,"height":696,"caption":"Anice SRL - Agenzia di comunicazione, mobility and automotive media relations & PR in Italia, Europa"},"image":{"@id":"https:\/\/www.anicecommunication.com\/it\/#\/schema\/logo\/image\/"},"sameAs":["https:\/\/www.facebook.com\/anicecommunication","https:\/\/x.com\/Anicecom","https:\/\/instagram.com\/anicecom\/","https:\/\/www.linkedin.com\/company\/anice-s-r-l-"]},{"@type":"Person","@id":"https:\/\/www.anicecommunication.com\/it\/#\/schema\/person\/d8f9046f11c2ab1ff15f1d0d580184d8","name":"Editorial Staff","image":{"@type":"ImageObject","inLanguage":"it-IT","@id":"https:\/\/secure.gravatar.com\/avatar\/62128a8e64953c282b330a12e5b592d8bc5d299b46ab0e6928129ae0d79e528a?s=96&d=mm&r=g","url":"https:\/\/secure.gravatar.com\/avatar\/62128a8e64953c282b330a12e5b592d8bc5d299b46ab0e6928129ae0d79e528a?s=96&d=mm&r=g","contentUrl":"https:\/\/secure.gravatar.com\/avatar\/62128a8e64953c282b330a12e5b592d8bc5d299b46ab0e6928129ae0d79e528a?s=96&d=mm&r=g","caption":"Editorial Staff"},"description":"La redazione di Anicecommunication \u00e8 composta da giornalisti, esperti di comunicazione e marketing, content manager e storyteller.","sameAs":["http:\/\/www.anicecommunication.com","https:\/\/www.facebook.com\/anicecommunication","https:\/\/x.com\/anicecom"]}]}},"_links":{"self":[{"href":"https:\/\/www.anicecommunication.com\/it\/wp-json\/wp\/v2\/posts\/18426","targetHints":{"allow":["GET"]}}],"collection":[{"href":"https:\/\/www.anicecommunication.com\/it\/wp-json\/wp\/v2\/posts"}],"about":[{"href":"https:\/\/www.anicecommunication.com\/it\/wp-json\/wp\/v2\/types\/post"}],"author":[{"embeddable":true,"href":"https:\/\/www.anicecommunication.com\/it\/wp-json\/wp\/v2\/users\/1"}],"replies":[{"embeddable":true,"href":"https:\/\/www.anicecommunication.com\/it\/wp-json\/wp\/v2\/comments?post=18426"}],"version-history":[{"count":3,"href":"https:\/\/www.anicecommunication.com\/it\/wp-json\/wp\/v2\/posts\/18426\/revisions"}],"predecessor-version":[{"id":18434,"href":"https:\/\/www.anicecommunication.com\/it\/wp-json\/wp\/v2\/posts\/18426\/revisions\/18434"}],"wp:featuredmedia":[{"embeddable":true,"href":"https:\/\/www.anicecommunication.com\/it\/wp-json\/wp\/v2\/media\/18428"}],"wp:attachment":[{"href":"https:\/\/www.anicecommunication.com\/it\/wp-json\/wp\/v2\/media?parent=18426"}],"wp:term":[{"taxonomy":"category","embeddable":true,"href":"https:\/\/www.anicecommunication.com\/it\/wp-json\/wp\/v2\/categories?post=18426"},{"taxonomy":"post_tag","embeddable":true,"href":"https:\/\/www.anicecommunication.com\/it\/wp-json\/wp\/v2\/tags?post=18426"}],"curies":[{"name":"wp","href":"https:\/\/api.w.org\/{rel}","templated":true}]}}