{"id":18481,"date":"2021-10-22T15:21:49","date_gmt":"2021-10-22T13:21:49","guid":{"rendered":"https:\/\/www.anicecommunication.com\/it\/?p=18481"},"modified":"2022-01-10T12:10:39","modified_gmt":"2022-01-10T11:10:39","slug":"gamme-pneumatici-invernali-vredestein-maggiore-possibilita-di-scelta-e-nuovi-riconoscimenti","status":"publish","type":"post","link":"https:\/\/www.anicecommunication.com\/it\/gamme-pneumatici-invernali-vredestein-maggiore-possibilita-di-scelta-e-nuovi-riconoscimenti\/","title":{"rendered":"Gamme pneumatici invernali Vredestein: maggiore possibilit\u00e0 di scelta e nuovi riconoscimenti"},"content":{"rendered":"<p><b><i>Gamme pneumatici invernali Vredestein:\u00a0 Wintrac e Wintrac Pro sono disponibili in 23 nuove misure; pneumatici lodati per le prestazioni &#8220;esemplari&#8221;<\/i><\/b><!--more--><\/p>\n<p><b>Amsterdam, 22 ottobre 2021\u00a0<\/b>\u2013 Apollo Tyres amplia in modo significativo il portafoglio dei pluripremiati pneumatici invernali Vredestein con il lancio di 23 nuove misure di prodotti. Disponibili in diametri da 15&#8243; a 22&#8243;, i nuovi pneumatici sono adatti sia per auto compatte, family car e SUV (Wintrac), sia per auto e SUV ad alte prestazioni (Wintrac Pro). Per i pneumatici invernali Vredestein, l&#8217;arrivo delle nuove misure coincide con una serie di nuovi riconoscimenti assegnati dai principali tester europei di pneumatici.<\/p>\n<p>Il nuovo Vredestein Wintrac, presentato in 11 nuove misure, \u00e8 stato progettato per garantire una tenuta di strada sicura su fondi innevati e ghiacciati. Disponibile per ruote da 15&#8243; e 16&#8243;, il modello Wintrac \u00e8 composto da una mescola in silice ad alta densit\u00e0 di nuova generazione che prolunga la durata degli pneumatici di 10.000 km in pi\u00f9 rispetto agli stessi pneumatici della generazione precedente. La resistenza all&#8217;aquaplaning \u00e8 migliorata del 10% grazie al migliore design del battistrada e il 5% in pi\u00f9 di gomma a contatto con la strada migliora notevolmente la tenuta su fondi bagnati e innevati.<\/p>\n<p><a href=\"https:\/\/www.anicecommunication.com\/it\/wp-content\/uploads\/sites\/3\/2021\/10\/Wintrac-10794.jpg\"><img decoding=\"async\" class=\"aligncenter size-full wp-image-18482\" src=\"https:\/\/www.anicecommunication.com\/it\/wp-content\/uploads\/sites\/3\/2021\/10\/Wintrac-10794.jpg\" alt=\"Gamme pneumatici invernali Vredestein: Vredestein Wintrac\" width=\"900\" height=\"900\" srcset=\"https:\/\/www.anicecommunication.com\/it\/wp-content\/uploads\/sites\/3\/2021\/10\/Wintrac-10794-66x66.jpg 66w, https:\/\/www.anicecommunication.com\/it\/wp-content\/uploads\/sites\/3\/2021\/10\/Wintrac-10794-150x150.jpg 150w, https:\/\/www.anicecommunication.com\/it\/wp-content\/uploads\/sites\/3\/2021\/10\/Wintrac-10794-200x200.jpg 200w, https:\/\/www.anicecommunication.com\/it\/wp-content\/uploads\/sites\/3\/2021\/10\/Wintrac-10794-300x300.jpg 300w, https:\/\/www.anicecommunication.com\/it\/wp-content\/uploads\/sites\/3\/2021\/10\/Wintrac-10794-400x400.jpg 400w, https:\/\/www.anicecommunication.com\/it\/wp-content\/uploads\/sites\/3\/2021\/10\/Wintrac-10794-600x600.jpg 600w, https:\/\/www.anicecommunication.com\/it\/wp-content\/uploads\/sites\/3\/2021\/10\/Wintrac-10794-768x768.jpg 768w, https:\/\/www.anicecommunication.com\/it\/wp-content\/uploads\/sites\/3\/2021\/10\/Wintrac-10794-800x800.jpg 800w, https:\/\/www.anicecommunication.com\/it\/wp-content\/uploads\/sites\/3\/2021\/10\/Wintrac-10794.jpg 900w\" sizes=\"(max-width: 900px) 100vw, 900px\" \/><\/a><\/p>\n<p>La gamma Vredestein Wintrac Pro, che offre prestazioni senza pari nelle condizioni atmosferiche pi\u00f9 difficili a velocit\u00e0 fino a 300 km\/h, quest&#8217;anno \u00e8 stata ampliata con il lancio di 12 nuove misure per ruote da 17&#8243; e 22&#8243; di diametro. Rispetto al suo predecessore, il nuovo Wintrac Pro garantisce una manovrabilit\u00e0 migliore del 15% su fondi innevati e una frenata migliore del 10% sul bagnato, oltre a un indice di velocit\u00e0 Y per la maggior parte delle misure.<\/p>\n<p><a href=\"https:\/\/www.anicecommunication.com\/it\/wp-content\/uploads\/sites\/3\/2021\/10\/Wintrac-Pro-10794.jpg\"><img decoding=\"async\" class=\"aligncenter size-full wp-image-18483\" src=\"https:\/\/www.anicecommunication.com\/it\/wp-content\/uploads\/sites\/3\/2021\/10\/Wintrac-Pro-10794.jpg\" alt=\"Gamme pneumatici invernali Vredestein: Wintrac Pro\" width=\"1080\" height=\"1080\" srcset=\"https:\/\/www.anicecommunication.com\/it\/wp-content\/uploads\/sites\/3\/2021\/10\/Wintrac-Pro-10794-66x66.jpg 66w, https:\/\/www.anicecommunication.com\/it\/wp-content\/uploads\/sites\/3\/2021\/10\/Wintrac-Pro-10794-150x150.jpg 150w, https:\/\/www.anicecommunication.com\/it\/wp-content\/uploads\/sites\/3\/2021\/10\/Wintrac-Pro-10794-200x200.jpg 200w, https:\/\/www.anicecommunication.com\/it\/wp-content\/uploads\/sites\/3\/2021\/10\/Wintrac-Pro-10794-300x300.jpg 300w, https:\/\/www.anicecommunication.com\/it\/wp-content\/uploads\/sites\/3\/2021\/10\/Wintrac-Pro-10794-400x400.jpg 400w, https:\/\/www.anicecommunication.com\/it\/wp-content\/uploads\/sites\/3\/2021\/10\/Wintrac-Pro-10794-600x600.jpg 600w, https:\/\/www.anicecommunication.com\/it\/wp-content\/uploads\/sites\/3\/2021\/10\/Wintrac-Pro-10794-768x768.jpg 768w, https:\/\/www.anicecommunication.com\/it\/wp-content\/uploads\/sites\/3\/2021\/10\/Wintrac-Pro-10794-800x800.jpg 800w, https:\/\/www.anicecommunication.com\/it\/wp-content\/uploads\/sites\/3\/2021\/10\/Wintrac-Pro-10794-1024x1024.jpg 1024w, https:\/\/www.anicecommunication.com\/it\/wp-content\/uploads\/sites\/3\/2021\/10\/Wintrac-Pro-10794.jpg 1080w\" sizes=\"(max-width: 1080px) 100vw, 1080px\" \/><\/a><\/p>\n<p class=\"text-justify\"><b>Podi nei principali test sugli pneumatici invernali<\/b><\/p>\n<p class=\"text-justify\">Sia Wintrac che Wintrac Pro hanno dimostrato le proprie eccellenti prestazioni in numerosi test con pneumatici di marchi leader di settore, a conferma della superiorit\u00e0 di Apollo Tyres e dei suoi prodotti Vredestein in ambienti estremi.<\/p>\n<p class=\"text-justify\">Nella pi\u00f9 importante comparativa di <i>Autobild<\/i> dedicata agli pneumatici invernali, in cui sono stati testati 50 prodotti, Wintrac ha ottenuto il terzo posto assoluto; \u00e8 stato elogiato per &#8221; il talento convincente a tutto tondo con caratteristiche di guida dinamiche su fondi bagnati e asciutti, risposta precisa dello sterzo e bassa resistenza al rotolamento&#8221;.<\/p>\n<p class=\"text-justify\">Wintrac si \u00e8 inoltre classificato al terzo posto nel test invernale 2021 di <i>Auto Motor und Sport<\/i>, dove la rivista automobilistica tedesca ha premiato il noto pneumatico Vredestein in particolare per il suo rapporto &#8220;prestazioni\/prezzo&#8221;. Wintrac ha battuto molti pneumatici concorrenti di produttori leader europei e ha ricevuto una valutazione complessiva &#8220;molto buona&#8221;.<\/p>\n<p class=\"text-justify\">Wintrac Pro ha inoltre ottenuto il terzo posto assoluto nel recente test di <i>AutoBild Sportscars<\/i> dedicato agli pneumatici invernali, ricevendo la denominazione \u201cesemplare\u201d per il &#8220;talento convincente a tutto tondo con ottime qualit\u00e0 invernali e sul bagnato, maneggevolezza sul bagnato e sull&#8217;asciutto e fascia di prezzo bassa&#8221;.<\/p>\n<p class=\"text-justify\">Wintrac Pro \u00e8 arrivato al quarto posto assoluto nel recente test di <i>AutoBild Allrad<\/i> dedicato agli pneumatici invernali per SUV, in cui \u00e8 stato apprezzato come &#8220;specialista invernale con buone prestazioni su bagnato e su fondi innevati&#8221; e per i suoi &#8220;brevi spazi di frenata su neve e bagnato, elevata sicurezza in caso di aquaplaning e il suo [basso] prezzo&#8221;.<\/p>\n<p class=\"text-justify\">Entrambe le gamme di pneumatici invernali Vredestein, sono state messe a confronto con i principali concorrenti, in test realizzati in collaborazione con i club automobilistici europei, Allgemeiner Deutscher Automobil-Club (ADAC), la pi\u00f9 grande associazione automobilistica europea, e il Touring Club Suisse (TCS), il pi\u00f9 grande club svizzero per la mobilit\u00e0. Wintrac \u00e8 arrivato al quarto posto, con ottime prestazioni su fondi innevati e sul bagnato e ha ottenuto il primo posto per la tenuta su fondi ghiacciati. Etichettato come &#8220;molto consigliato&#8221; dai recensori del TCS, il modello Wintrac ha impressionato il Touring Club Suisse, che lo ha definito uno &#8220;pneumatico molto equilibrato&#8221;, per la sua durata e per il suo basso consumo di carburante rispetto ai modelli della concorrenza. Anche Wintrac Pro ha performato bene ed \u00e8 stato elogiato per le sue prestazioni sia su fondi innevati sia ghiacciati, sia su fondi asciutti sia bagnati. Come Wintrac, ha ottenuto buoni risultati nei test sul consumo di carburante.<\/p>\n<p class=\"text-justify\">Per <i>Auto Zeitung<\/i>, Wintrac Pro ha superato la concorrenza degli altri pneumatici in condizioni di bagnato e sul ghiaccio. In particolare, lo pneumatico ha impressionato i tester per la migliore trazione e decelerazione sulla neve, nonch\u00e9 per i livelli di tenuta di strada estremamente elevati sul bagnato. La rivista tedesca ha dichiarato che lo pneumatico Wintrac Pro \u00e8 &#8220;altamente raccomandato&#8221; e lo ha anche nominato &#8220;campione in termini di rapporto prezzo\/prestazioni&#8221;.<\/p>\n<p class=\"text-justify\">Daniele Lorenzetti, Chief Technology Officer di Apollo Tyres, ha dichiarato: &#8220;Il segmento invernale \u00e8 altamente competitivo e i prodotti Vredestein continuano a essere molto richiesti grazie alla nostra continua attenzione all&#8217;innovazione e alle prestazioni e agli investimenti che riserviamo alla progettazione e ai materiali. Questi nuovi pneumatici sono stati progettati per affrontare le condizioni invernali pi\u00f9 difficili ed \u00e8 molto gratificante.<\/p>\n<p class=\"text-justify\">Daniele Lorenzetti, Chief Technology Officer di Apollo Tyres, ha dichiarato: &#8220;Il segmento invernale \u00e8 altamente competitivo e i prodotti Vredestein continuano a essere molto richiesti grazie alla nostra continua attenzione all&#8217;innovazione e alle prestazioni e ai nostri investimenti nel design e nei materiali. Questi nuovi pneumatici sono stati progettati per affrontare le condizioni invernali pi\u00f9 difficili ed \u00e8 molto gratificante vedere quanto l\u2019impegno del nostro team di ricerca e sviluppo sia stato riconosciuto da parte dei principali tester di pneumatici in Europa\u201d.<\/p>\n<p class=\"text-justify\">Per ulteriori informazioni sulle gamme di pneumatici invernali Vredestein, visitare vredestein.it\/car-suv-van\/tyre-finder\/tyres\/?season=winter<\/p>\n<p><a href=\"https:\/\/www.anicecommunication.it\/Vredestein\/211022\/211022_Vredestein_gamme_invernali.zip\" target=\"_blank\" rel=\"noopener\">Scarica testi e immagini &gt;<\/a><\/p>\n<p><a href=\"https:\/\/www.anicecommunication.com\/it\/media-relations\/\">Anicecommunication Ufficio Stampa Apollo Tyres | Vredestein Italia<\/a><\/p>\n","protected":false},"excerpt":{"rendered":"<p>Gamme pneumatici invernali Vredestein:\u00a0 Wintrac e Wintrac Pro sono disponibili in 23 nuove misure; pneumatici lodati per le prestazioni &#8220;esemplari&#8221;<\/p>\n","protected":false},"author":1,"featured_media":18483,"comment_status":"closed","ping_status":"closed","sticky":false,"template":"","format":"standard","meta":{"footnotes":""},"categories":[608,467,80],"tags":[736,737,738,739],"class_list":["post-18481","post","type-post","status-publish","format-standard","has-post-thumbnail","hentry","category-apollo-vredestein","category-press_room","category-blog-anicecommunication","tag-gamme-pneumatici-invernali-vredestein","tag-pneumatici-invernali","tag-pneumatici-invernali-vredestein","tag-ufficio-stampa-italia-vredestein"],"yoast_head":"<!-- This site is optimized with the Yoast SEO plugin v27.4 - https:\/\/yoast.com\/product\/yoast-seo-wordpress\/ -->\n<title>Gamme pneumatici invernali Vredestein: le scelte possibili<\/title>\n<meta name=\"description\" content=\"Gamme pneumatici invernali Vredestein:\u00a0 Wintrac e Wintrac Pro sono disponibili in 23 nuove misure; lodate per le prestazioni &quot;esemplari&quot;\" \/>\n<meta name=\"robots\" content=\"index, follow, max-snippet:-1, max-image-preview:large, max-video-preview:-1\" \/>\n<link rel=\"canonical\" href=\"https:\/\/www.anicecommunication.com\/it\/gamme-pneumatici-invernali-vredestein-maggiore-possibilita-di-scelta-e-nuovi-riconoscimenti\/\" \/>\n<meta property=\"og:locale\" content=\"it_IT\" \/>\n<meta property=\"og:type\" content=\"article\" \/>\n<meta property=\"og:title\" content=\"Gamme pneumatici invernali Vredestein: le scelte possibili\" \/>\n<meta property=\"og:description\" content=\"Gamme pneumatici invernali Vredestein:\u00a0 Wintrac e Wintrac Pro sono disponibili in 23 nuove misure; lodate per le prestazioni &quot;esemplari&quot;\" \/>\n<meta property=\"og:url\" content=\"https:\/\/www.anicecommunication.com\/it\/gamme-pneumatici-invernali-vredestein-maggiore-possibilita-di-scelta-e-nuovi-riconoscimenti\/\" \/>\n<meta property=\"og:site_name\" content=\"IT Anice Communication\" \/>\n<meta property=\"article:publisher\" content=\"https:\/\/www.facebook.com\/anicecommunication\" \/>\n<meta property=\"article:author\" content=\"https:\/\/www.facebook.com\/anicecommunication\" \/>\n<meta property=\"article:published_time\" content=\"2021-10-22T13:21:49+00:00\" \/>\n<meta property=\"article:modified_time\" content=\"2022-01-10T11:10:39+00:00\" \/>\n<meta property=\"og:image\" content=\"https:\/\/www.anicecommunication.com\/it\/wp-content\/uploads\/sites\/3\/2021\/10\/Wintrac-Pro-10794.jpg\" \/>\n\t<meta property=\"og:image:width\" content=\"1080\" \/>\n\t<meta property=\"og:image:height\" content=\"1080\" \/>\n\t<meta property=\"og:image:type\" content=\"image\/jpeg\" \/>\n<meta name=\"author\" content=\"Editorial Staff\" \/>\n<meta name=\"twitter:label1\" content=\"Scritto da\" \/>\n\t<meta name=\"twitter:data1\" content=\"Editorial Staff\" \/>\n\t<meta name=\"twitter:label2\" content=\"Tempo di lettura stimato\" \/>\n\t<meta name=\"twitter:data2\" content=\"6 minuti\" \/>\n<script type=\"application\/ld+json\" class=\"yoast-schema-graph\">{\"@context\":\"https:\\\/\\\/schema.org\",\"@graph\":[{\"@type\":\"Article\",\"@id\":\"https:\\\/\\\/www.anicecommunication.com\\\/it\\\/gamme-pneumatici-invernali-vredestein-maggiore-possibilita-di-scelta-e-nuovi-riconoscimenti\\\/#article\",\"isPartOf\":{\"@id\":\"https:\\\/\\\/www.anicecommunication.com\\\/it\\\/gamme-pneumatici-invernali-vredestein-maggiore-possibilita-di-scelta-e-nuovi-riconoscimenti\\\/\"},\"author\":{\"name\":\"Editorial Staff\",\"@id\":\"https:\\\/\\\/www.anicecommunication.com\\\/it\\\/#\\\/schema\\\/person\\\/d8f9046f11c2ab1ff15f1d0d580184d8\"},\"headline\":\"Gamme pneumatici invernali Vredestein: maggiore possibilit\u00e0 di scelta e nuovi riconoscimenti\",\"datePublished\":\"2021-10-22T13:21:49+00:00\",\"dateModified\":\"2022-01-10T11:10:39+00:00\",\"mainEntityOfPage\":{\"@id\":\"https:\\\/\\\/www.anicecommunication.com\\\/it\\\/gamme-pneumatici-invernali-vredestein-maggiore-possibilita-di-scelta-e-nuovi-riconoscimenti\\\/\"},\"wordCount\":919,\"publisher\":{\"@id\":\"https:\\\/\\\/www.anicecommunication.com\\\/it\\\/#organization\"},\"image\":{\"@id\":\"https:\\\/\\\/www.anicecommunication.com\\\/it\\\/gamme-pneumatici-invernali-vredestein-maggiore-possibilita-di-scelta-e-nuovi-riconoscimenti\\\/#primaryimage\"},\"thumbnailUrl\":\"https:\\\/\\\/www.anicecommunication.com\\\/it\\\/wp-content\\\/uploads\\\/sites\\\/3\\\/2021\\\/10\\\/Wintrac-Pro-10794.jpg\",\"keywords\":[\"Gamme pneumatici invernali Vredestein\",\"pneumatici invernali\",\"pneumatici invernali Vredestein\",\"ufficio stampa Italia Vredestein\"],\"articleSection\":[\"Apollo Tyres | Vredestein\",\"Press Room\",\"What A Nice Blog!\"],\"inLanguage\":\"it-IT\"},{\"@type\":\"WebPage\",\"@id\":\"https:\\\/\\\/www.anicecommunication.com\\\/it\\\/gamme-pneumatici-invernali-vredestein-maggiore-possibilita-di-scelta-e-nuovi-riconoscimenti\\\/\",\"url\":\"https:\\\/\\\/www.anicecommunication.com\\\/it\\\/gamme-pneumatici-invernali-vredestein-maggiore-possibilita-di-scelta-e-nuovi-riconoscimenti\\\/\",\"name\":\"Gamme pneumatici invernali Vredestein: le scelte possibili\",\"isPartOf\":{\"@id\":\"https:\\\/\\\/www.anicecommunication.com\\\/it\\\/#website\"},\"primaryImageOfPage\":{\"@id\":\"https:\\\/\\\/www.anicecommunication.com\\\/it\\\/gamme-pneumatici-invernali-vredestein-maggiore-possibilita-di-scelta-e-nuovi-riconoscimenti\\\/#primaryimage\"},\"image\":{\"@id\":\"https:\\\/\\\/www.anicecommunication.com\\\/it\\\/gamme-pneumatici-invernali-vredestein-maggiore-possibilita-di-scelta-e-nuovi-riconoscimenti\\\/#primaryimage\"},\"thumbnailUrl\":\"https:\\\/\\\/www.anicecommunication.com\\\/it\\\/wp-content\\\/uploads\\\/sites\\\/3\\\/2021\\\/10\\\/Wintrac-Pro-10794.jpg\",\"datePublished\":\"2021-10-22T13:21:49+00:00\",\"dateModified\":\"2022-01-10T11:10:39+00:00\",\"description\":\"Gamme pneumatici invernali Vredestein:\u00a0 Wintrac e Wintrac Pro sono disponibili in 23 nuove misure; lodate per le prestazioni \\\"esemplari\\\"\",\"breadcrumb\":{\"@id\":\"https:\\\/\\\/www.anicecommunication.com\\\/it\\\/gamme-pneumatici-invernali-vredestein-maggiore-possibilita-di-scelta-e-nuovi-riconoscimenti\\\/#breadcrumb\"},\"inLanguage\":\"it-IT\",\"potentialAction\":[{\"@type\":\"ReadAction\",\"target\":[\"https:\\\/\\\/www.anicecommunication.com\\\/it\\\/gamme-pneumatici-invernali-vredestein-maggiore-possibilita-di-scelta-e-nuovi-riconoscimenti\\\/\"]}]},{\"@type\":\"ImageObject\",\"inLanguage\":\"it-IT\",\"@id\":\"https:\\\/\\\/www.anicecommunication.com\\\/it\\\/gamme-pneumatici-invernali-vredestein-maggiore-possibilita-di-scelta-e-nuovi-riconoscimenti\\\/#primaryimage\",\"url\":\"https:\\\/\\\/www.anicecommunication.com\\\/it\\\/wp-content\\\/uploads\\\/sites\\\/3\\\/2021\\\/10\\\/Wintrac-Pro-10794.jpg\",\"contentUrl\":\"https:\\\/\\\/www.anicecommunication.com\\\/it\\\/wp-content\\\/uploads\\\/sites\\\/3\\\/2021\\\/10\\\/Wintrac-Pro-10794.jpg\",\"width\":1080,\"height\":1080,\"caption\":\"Gamme pneumatici invernali Vredestein: Wintrac Pro\"},{\"@type\":\"BreadcrumbList\",\"@id\":\"https:\\\/\\\/www.anicecommunication.com\\\/it\\\/gamme-pneumatici-invernali-vredestein-maggiore-possibilita-di-scelta-e-nuovi-riconoscimenti\\\/#breadcrumb\",\"itemListElement\":[{\"@type\":\"ListItem\",\"position\":1,\"name\":\"Home\",\"item\":\"https:\\\/\\\/www.anicecommunication.com\\\/it\\\/\"},{\"@type\":\"ListItem\",\"position\":2,\"name\":\"Gamme pneumatici invernali Vredestein: maggiore possibilit\u00e0 di scelta e nuovi riconoscimenti\"}]},{\"@type\":\"WebSite\",\"@id\":\"https:\\\/\\\/www.anicecommunication.com\\\/it\\\/#website\",\"url\":\"https:\\\/\\\/www.anicecommunication.com\\\/it\\\/\",\"name\":\"IT Anice Communication\",\"description\":\"Anicecommunication agenzia di pubbliche relazioni,  ufficio stampa, media relations, automotive e mobility a livello internazionale - Torino\",\"publisher\":{\"@id\":\"https:\\\/\\\/www.anicecommunication.com\\\/it\\\/#organization\"},\"potentialAction\":[{\"@type\":\"SearchAction\",\"target\":{\"@type\":\"EntryPoint\",\"urlTemplate\":\"https:\\\/\\\/www.anicecommunication.com\\\/it\\\/?s={search_term_string}\"},\"query-input\":{\"@type\":\"PropertyValueSpecification\",\"valueRequired\":true,\"valueName\":\"search_term_string\"}}],\"inLanguage\":\"it-IT\"},{\"@type\":\"Organization\",\"@id\":\"https:\\\/\\\/www.anicecommunication.com\\\/it\\\/#organization\",\"name\":\"Anice SRL - Agenzia di comunicazione, mobility and automotive media relations & PR in Italia, Europa\",\"alternateName\":\"Anicecommunication\",\"url\":\"https:\\\/\\\/www.anicecommunication.com\\\/it\\\/\",\"logo\":{\"@type\":\"ImageObject\",\"inLanguage\":\"it-IT\",\"@id\":\"https:\\\/\\\/www.anicecommunication.com\\\/it\\\/#\\\/schema\\\/logo\\\/image\\\/\",\"url\":\"https:\\\/\\\/www.anicecommunication.com\\\/it\\\/wp-content\\\/uploads\\\/sites\\\/3\\\/2023\\\/06\\\/Anice_696x696.jpg\",\"contentUrl\":\"https:\\\/\\\/www.anicecommunication.com\\\/it\\\/wp-content\\\/uploads\\\/sites\\\/3\\\/2023\\\/06\\\/Anice_696x696.jpg\",\"width\":696,\"height\":696,\"caption\":\"Anice SRL - Agenzia di comunicazione, mobility and automotive media relations & PR in Italia, Europa\"},\"image\":{\"@id\":\"https:\\\/\\\/www.anicecommunication.com\\\/it\\\/#\\\/schema\\\/logo\\\/image\\\/\"},\"sameAs\":[\"https:\\\/\\\/www.facebook.com\\\/anicecommunication\",\"https:\\\/\\\/x.com\\\/Anicecom\",\"https:\\\/\\\/instagram.com\\\/anicecom\\\/\",\"https:\\\/\\\/www.linkedin.com\\\/company\\\/anice-s-r-l-\"]},{\"@type\":\"Person\",\"@id\":\"https:\\\/\\\/www.anicecommunication.com\\\/it\\\/#\\\/schema\\\/person\\\/d8f9046f11c2ab1ff15f1d0d580184d8\",\"name\":\"Editorial Staff\",\"image\":{\"@type\":\"ImageObject\",\"inLanguage\":\"it-IT\",\"@id\":\"https:\\\/\\\/secure.gravatar.com\\\/avatar\\\/62128a8e64953c282b330a12e5b592d8bc5d299b46ab0e6928129ae0d79e528a?s=96&d=mm&r=g\",\"url\":\"https:\\\/\\\/secure.gravatar.com\\\/avatar\\\/62128a8e64953c282b330a12e5b592d8bc5d299b46ab0e6928129ae0d79e528a?s=96&d=mm&r=g\",\"contentUrl\":\"https:\\\/\\\/secure.gravatar.com\\\/avatar\\\/62128a8e64953c282b330a12e5b592d8bc5d299b46ab0e6928129ae0d79e528a?s=96&d=mm&r=g\",\"caption\":\"Editorial Staff\"},\"description\":\"La redazione di Anicecommunication \u00e8 composta da giornalisti, esperti di comunicazione e marketing, content manager e storyteller.\",\"sameAs\":[\"http:\\\/\\\/www.anicecommunication.com\",\"https:\\\/\\\/www.facebook.com\\\/anicecommunication\",\"https:\\\/\\\/x.com\\\/anicecom\"]}]}<\/script>\n<!-- \/ Yoast SEO plugin. -->","yoast_head_json":{"title":"Gamme pneumatici invernali Vredestein: le scelte possibili","description":"Gamme pneumatici invernali Vredestein:\u00a0 Wintrac e Wintrac Pro sono disponibili in 23 nuove misure; lodate per le prestazioni \"esemplari\"","robots":{"index":"index","follow":"follow","max-snippet":"max-snippet:-1","max-image-preview":"max-image-preview:large","max-video-preview":"max-video-preview:-1"},"canonical":"https:\/\/www.anicecommunication.com\/it\/gamme-pneumatici-invernali-vredestein-maggiore-possibilita-di-scelta-e-nuovi-riconoscimenti\/","og_locale":"it_IT","og_type":"article","og_title":"Gamme pneumatici invernali Vredestein: le scelte possibili","og_description":"Gamme pneumatici invernali Vredestein:\u00a0 Wintrac e Wintrac Pro sono disponibili in 23 nuove misure; lodate per le prestazioni \"esemplari\"","og_url":"https:\/\/www.anicecommunication.com\/it\/gamme-pneumatici-invernali-vredestein-maggiore-possibilita-di-scelta-e-nuovi-riconoscimenti\/","og_site_name":"IT Anice Communication","article_publisher":"https:\/\/www.facebook.com\/anicecommunication","article_author":"https:\/\/www.facebook.com\/anicecommunication","article_published_time":"2021-10-22T13:21:49+00:00","article_modified_time":"2022-01-10T11:10:39+00:00","og_image":[{"width":1080,"height":1080,"url":"https:\/\/www.anicecommunication.com\/it\/wp-content\/uploads\/sites\/3\/2021\/10\/Wintrac-Pro-10794.jpg","type":"image\/jpeg"}],"author":"Editorial Staff","twitter_misc":{"Scritto da":"Editorial Staff","Tempo di lettura stimato":"6 minuti"},"schema":{"@context":"https:\/\/schema.org","@graph":[{"@type":"Article","@id":"https:\/\/www.anicecommunication.com\/it\/gamme-pneumatici-invernali-vredestein-maggiore-possibilita-di-scelta-e-nuovi-riconoscimenti\/#article","isPartOf":{"@id":"https:\/\/www.anicecommunication.com\/it\/gamme-pneumatici-invernali-vredestein-maggiore-possibilita-di-scelta-e-nuovi-riconoscimenti\/"},"author":{"name":"Editorial Staff","@id":"https:\/\/www.anicecommunication.com\/it\/#\/schema\/person\/d8f9046f11c2ab1ff15f1d0d580184d8"},"headline":"Gamme pneumatici invernali Vredestein: maggiore possibilit\u00e0 di scelta e nuovi riconoscimenti","datePublished":"2021-10-22T13:21:49+00:00","dateModified":"2022-01-10T11:10:39+00:00","mainEntityOfPage":{"@id":"https:\/\/www.anicecommunication.com\/it\/gamme-pneumatici-invernali-vredestein-maggiore-possibilita-di-scelta-e-nuovi-riconoscimenti\/"},"wordCount":919,"publisher":{"@id":"https:\/\/www.anicecommunication.com\/it\/#organization"},"image":{"@id":"https:\/\/www.anicecommunication.com\/it\/gamme-pneumatici-invernali-vredestein-maggiore-possibilita-di-scelta-e-nuovi-riconoscimenti\/#primaryimage"},"thumbnailUrl":"https:\/\/www.anicecommunication.com\/it\/wp-content\/uploads\/sites\/3\/2021\/10\/Wintrac-Pro-10794.jpg","keywords":["Gamme pneumatici invernali Vredestein","pneumatici invernali","pneumatici invernali Vredestein","ufficio stampa Italia Vredestein"],"articleSection":["Apollo Tyres | Vredestein","Press Room","What A Nice Blog!"],"inLanguage":"it-IT"},{"@type":"WebPage","@id":"https:\/\/www.anicecommunication.com\/it\/gamme-pneumatici-invernali-vredestein-maggiore-possibilita-di-scelta-e-nuovi-riconoscimenti\/","url":"https:\/\/www.anicecommunication.com\/it\/gamme-pneumatici-invernali-vredestein-maggiore-possibilita-di-scelta-e-nuovi-riconoscimenti\/","name":"Gamme pneumatici invernali Vredestein: le scelte possibili","isPartOf":{"@id":"https:\/\/www.anicecommunication.com\/it\/#website"},"primaryImageOfPage":{"@id":"https:\/\/www.anicecommunication.com\/it\/gamme-pneumatici-invernali-vredestein-maggiore-possibilita-di-scelta-e-nuovi-riconoscimenti\/#primaryimage"},"image":{"@id":"https:\/\/www.anicecommunication.com\/it\/gamme-pneumatici-invernali-vredestein-maggiore-possibilita-di-scelta-e-nuovi-riconoscimenti\/#primaryimage"},"thumbnailUrl":"https:\/\/www.anicecommunication.com\/it\/wp-content\/uploads\/sites\/3\/2021\/10\/Wintrac-Pro-10794.jpg","datePublished":"2021-10-22T13:21:49+00:00","dateModified":"2022-01-10T11:10:39+00:00","description":"Gamme pneumatici invernali Vredestein:\u00a0 Wintrac e Wintrac Pro sono disponibili in 23 nuove misure; lodate per le prestazioni \"esemplari\"","breadcrumb":{"@id":"https:\/\/www.anicecommunication.com\/it\/gamme-pneumatici-invernali-vredestein-maggiore-possibilita-di-scelta-e-nuovi-riconoscimenti\/#breadcrumb"},"inLanguage":"it-IT","potentialAction":[{"@type":"ReadAction","target":["https:\/\/www.anicecommunication.com\/it\/gamme-pneumatici-invernali-vredestein-maggiore-possibilita-di-scelta-e-nuovi-riconoscimenti\/"]}]},{"@type":"ImageObject","inLanguage":"it-IT","@id":"https:\/\/www.anicecommunication.com\/it\/gamme-pneumatici-invernali-vredestein-maggiore-possibilita-di-scelta-e-nuovi-riconoscimenti\/#primaryimage","url":"https:\/\/www.anicecommunication.com\/it\/wp-content\/uploads\/sites\/3\/2021\/10\/Wintrac-Pro-10794.jpg","contentUrl":"https:\/\/www.anicecommunication.com\/it\/wp-content\/uploads\/sites\/3\/2021\/10\/Wintrac-Pro-10794.jpg","width":1080,"height":1080,"caption":"Gamme pneumatici invernali Vredestein: Wintrac Pro"},{"@type":"BreadcrumbList","@id":"https:\/\/www.anicecommunication.com\/it\/gamme-pneumatici-invernali-vredestein-maggiore-possibilita-di-scelta-e-nuovi-riconoscimenti\/#breadcrumb","itemListElement":[{"@type":"ListItem","position":1,"name":"Home","item":"https:\/\/www.anicecommunication.com\/it\/"},{"@type":"ListItem","position":2,"name":"Gamme pneumatici invernali Vredestein: maggiore possibilit\u00e0 di scelta e nuovi riconoscimenti"}]},{"@type":"WebSite","@id":"https:\/\/www.anicecommunication.com\/it\/#website","url":"https:\/\/www.anicecommunication.com\/it\/","name":"IT Anice Communication","description":"Anicecommunication agenzia di pubbliche relazioni,  ufficio stampa, media relations, automotive e mobility a livello internazionale - Torino","publisher":{"@id":"https:\/\/www.anicecommunication.com\/it\/#organization"},"potentialAction":[{"@type":"SearchAction","target":{"@type":"EntryPoint","urlTemplate":"https:\/\/www.anicecommunication.com\/it\/?s={search_term_string}"},"query-input":{"@type":"PropertyValueSpecification","valueRequired":true,"valueName":"search_term_string"}}],"inLanguage":"it-IT"},{"@type":"Organization","@id":"https:\/\/www.anicecommunication.com\/it\/#organization","name":"Anice SRL - Agenzia di comunicazione, mobility and automotive media relations & PR in Italia, Europa","alternateName":"Anicecommunication","url":"https:\/\/www.anicecommunication.com\/it\/","logo":{"@type":"ImageObject","inLanguage":"it-IT","@id":"https:\/\/www.anicecommunication.com\/it\/#\/schema\/logo\/image\/","url":"https:\/\/www.anicecommunication.com\/it\/wp-content\/uploads\/sites\/3\/2023\/06\/Anice_696x696.jpg","contentUrl":"https:\/\/www.anicecommunication.com\/it\/wp-content\/uploads\/sites\/3\/2023\/06\/Anice_696x696.jpg","width":696,"height":696,"caption":"Anice SRL - Agenzia di comunicazione, mobility and automotive media relations & PR in Italia, Europa"},"image":{"@id":"https:\/\/www.anicecommunication.com\/it\/#\/schema\/logo\/image\/"},"sameAs":["https:\/\/www.facebook.com\/anicecommunication","https:\/\/x.com\/Anicecom","https:\/\/instagram.com\/anicecom\/","https:\/\/www.linkedin.com\/company\/anice-s-r-l-"]},{"@type":"Person","@id":"https:\/\/www.anicecommunication.com\/it\/#\/schema\/person\/d8f9046f11c2ab1ff15f1d0d580184d8","name":"Editorial Staff","image":{"@type":"ImageObject","inLanguage":"it-IT","@id":"https:\/\/secure.gravatar.com\/avatar\/62128a8e64953c282b330a12e5b592d8bc5d299b46ab0e6928129ae0d79e528a?s=96&d=mm&r=g","url":"https:\/\/secure.gravatar.com\/avatar\/62128a8e64953c282b330a12e5b592d8bc5d299b46ab0e6928129ae0d79e528a?s=96&d=mm&r=g","contentUrl":"https:\/\/secure.gravatar.com\/avatar\/62128a8e64953c282b330a12e5b592d8bc5d299b46ab0e6928129ae0d79e528a?s=96&d=mm&r=g","caption":"Editorial Staff"},"description":"La redazione di Anicecommunication \u00e8 composta da giornalisti, esperti di comunicazione e marketing, content manager e storyteller.","sameAs":["http:\/\/www.anicecommunication.com","https:\/\/www.facebook.com\/anicecommunication","https:\/\/x.com\/anicecom"]}]}},"_links":{"self":[{"href":"https:\/\/www.anicecommunication.com\/it\/wp-json\/wp\/v2\/posts\/18481","targetHints":{"allow":["GET"]}}],"collection":[{"href":"https:\/\/www.anicecommunication.com\/it\/wp-json\/wp\/v2\/posts"}],"about":[{"href":"https:\/\/www.anicecommunication.com\/it\/wp-json\/wp\/v2\/types\/post"}],"author":[{"embeddable":true,"href":"https:\/\/www.anicecommunication.com\/it\/wp-json\/wp\/v2\/users\/1"}],"replies":[{"embeddable":true,"href":"https:\/\/www.anicecommunication.com\/it\/wp-json\/wp\/v2\/comments?post=18481"}],"version-history":[{"count":3,"href":"https:\/\/www.anicecommunication.com\/it\/wp-json\/wp\/v2\/posts\/18481\/revisions"}],"predecessor-version":[{"id":18690,"href":"https:\/\/www.anicecommunication.com\/it\/wp-json\/wp\/v2\/posts\/18481\/revisions\/18690"}],"wp:featuredmedia":[{"embeddable":true,"href":"https:\/\/www.anicecommunication.com\/it\/wp-json\/wp\/v2\/media\/18483"}],"wp:attachment":[{"href":"https:\/\/www.anicecommunication.com\/it\/wp-json\/wp\/v2\/media?parent=18481"}],"wp:term":[{"taxonomy":"category","embeddable":true,"href":"https:\/\/www.anicecommunication.com\/it\/wp-json\/wp\/v2\/categories?post=18481"},{"taxonomy":"post_tag","embeddable":true,"href":"https:\/\/www.anicecommunication.com\/it\/wp-json\/wp\/v2\/tags?post=18481"}],"curies":[{"name":"wp","href":"https:\/\/api.w.org\/{rel}","templated":true}]}}