{"id":18781,"date":"2022-01-27T10:55:08","date_gmt":"2022-01-27T09:55:08","guid":{"rendered":"https:\/\/www.anicecommunication.com\/it\/?p=18781"},"modified":"2022-01-28T11:54:08","modified_gmt":"2022-01-28T10:54:08","slug":"omologazione-degli-pneumatici-vredestein-sulle-pale-gommate-liebherr","status":"publish","type":"post","link":"https:\/\/www.anicecommunication.com\/it\/omologazione-degli-pneumatici-vredestein-sulle-pale-gommate-liebherr\/","title":{"rendered":"Pneumatici Vredestein omologati sulle pale gommate Liebherr"},"content":{"rendered":"<p>Liebherr, una delle aziende leader a livello mondiale nel settore delle attrezzature per l&#8217;edilizia, ha concluso un accordo con Apollo Tyres Ltd. per la fornitura di pneumatici Vredestein per diversi modelli di pale gommate. Gli pneumatici Vredestein Endurion e Flotation Trac sono stati omologati per le pale gommate compatte Liebherr L 504, L 506 ed L 508.<!--more--><\/p>\n<p>Il rinomato pneumatico Vredestein Endurion \u00e8 imbattibile sui terreni duri. La carcassa estremamente resistente e il robusto battistrada offrono la massima stabilit\u00e0 radiale e laterale e un comfort ottimale. Inoltre, la durata eccezionale di Vredstein Endurion consentir\u00e0 di ridurre notevolmente il costo totale di gestione.<\/p>\n<p><a href=\"https:\/\/www.anicecommunication.com\/it\/wp-content\/uploads\/sites\/3\/2022\/01\/Liebherr-L509-tele-snow-plough_1200px.jpg\"><img decoding=\"async\" class=\"aligncenter size-full wp-image-18783\" src=\"https:\/\/www.anicecommunication.com\/it\/wp-content\/uploads\/sites\/3\/2022\/01\/Liebherr-L509-tele-snow-plough_1200px.jpg\" alt=\"Vredestein e Liebherr\" width=\"1200\" height=\"900\" srcset=\"https:\/\/www.anicecommunication.com\/it\/wp-content\/uploads\/sites\/3\/2022\/01\/Liebherr-L509-tele-snow-plough_1200px-200x150.jpg 200w, https:\/\/www.anicecommunication.com\/it\/wp-content\/uploads\/sites\/3\/2022\/01\/Liebherr-L509-tele-snow-plough_1200px-300x225.jpg 300w, https:\/\/www.anicecommunication.com\/it\/wp-content\/uploads\/sites\/3\/2022\/01\/Liebherr-L509-tele-snow-plough_1200px-400x300.jpg 400w, https:\/\/www.anicecommunication.com\/it\/wp-content\/uploads\/sites\/3\/2022\/01\/Liebherr-L509-tele-snow-plough_1200px-600x450.jpg 600w, https:\/\/www.anicecommunication.com\/it\/wp-content\/uploads\/sites\/3\/2022\/01\/Liebherr-L509-tele-snow-plough_1200px-768x576.jpg 768w, https:\/\/www.anicecommunication.com\/it\/wp-content\/uploads\/sites\/3\/2022\/01\/Liebherr-L509-tele-snow-plough_1200px-800x600.jpg 800w, https:\/\/www.anicecommunication.com\/it\/wp-content\/uploads\/sites\/3\/2022\/01\/Liebherr-L509-tele-snow-plough_1200px-1024x768.jpg 1024w, https:\/\/www.anicecommunication.com\/it\/wp-content\/uploads\/sites\/3\/2022\/01\/Liebherr-L509-tele-snow-plough_1200px.jpg 1200w\" sizes=\"(max-width: 1200px) 100vw, 1200px\" \/><\/a><\/p>\n<p style=\"text-align: center;\"><em>Spazzaneve Liebherr L509 Tele<\/em><\/p>\n<p>Per la pala gommata telescopica L\u00a0509 Tele di Liebherr, sono stati omologati gli pneumatici Flotation Trac di Vredestein, progettati con esclusivi tasselli trasversali non paralleli che garantiscono una trazione continua, anche nelle condizioni pi\u00f9 difficili. La sezione centrale rinforzata con gomma disposta nella direzione di marcia assicura un comportamento di guida stabile e una lunga durata degli pneumatici. Inoltre, grazie alla robusta struttura del tallone, \u00e8 possibile garantire un elevato grado di affidabilit\u00e0, e quindi una produttivit\u00e0 ottimale.<\/p>\n<table class=\" aligncenter\" style=\"height: 391px;\" width=\"657\">\n<tbody>\n<tr>\n<td width=\"321\"><a href=\"https:\/\/www.anicecommunication.com\/it\/wp-content\/uploads\/sites\/3\/2022\/01\/Vredestein-Flotation-Trac_1024px.jpg\"><img decoding=\"async\" class=\"size-full wp-image-18782 aligncenter\" src=\"https:\/\/www.anicecommunication.com\/it\/wp-content\/uploads\/sites\/3\/2022\/01\/Vredestein-Flotation-Trac_1024px.jpg\" alt=\"Vredestein e Liebherr\" width=\"1024\" height=\"1024\" srcset=\"https:\/\/www.anicecommunication.com\/it\/wp-content\/uploads\/sites\/3\/2022\/01\/Vredestein-Flotation-Trac_1024px-66x66.jpg 66w, https:\/\/www.anicecommunication.com\/it\/wp-content\/uploads\/sites\/3\/2022\/01\/Vredestein-Flotation-Trac_1024px-150x150.jpg 150w, https:\/\/www.anicecommunication.com\/it\/wp-content\/uploads\/sites\/3\/2022\/01\/Vredestein-Flotation-Trac_1024px-200x200.jpg 200w, https:\/\/www.anicecommunication.com\/it\/wp-content\/uploads\/sites\/3\/2022\/01\/Vredestein-Flotation-Trac_1024px-300x300.jpg 300w, https:\/\/www.anicecommunication.com\/it\/wp-content\/uploads\/sites\/3\/2022\/01\/Vredestein-Flotation-Trac_1024px-400x400.jpg 400w, https:\/\/www.anicecommunication.com\/it\/wp-content\/uploads\/sites\/3\/2022\/01\/Vredestein-Flotation-Trac_1024px-600x600.jpg 600w, https:\/\/www.anicecommunication.com\/it\/wp-content\/uploads\/sites\/3\/2022\/01\/Vredestein-Flotation-Trac_1024px-768x768.jpg 768w, https:\/\/www.anicecommunication.com\/it\/wp-content\/uploads\/sites\/3\/2022\/01\/Vredestein-Flotation-Trac_1024px-800x800.jpg 800w, https:\/\/www.anicecommunication.com\/it\/wp-content\/uploads\/sites\/3\/2022\/01\/Vredestein-Flotation-Trac_1024px.jpg 1024w\" sizes=\"(max-width: 1024px) 100vw, 1024px\" \/><\/a><\/td>\n<td style=\"text-align: center;\" width=\"321\"><a href=\"https:\/\/www.anicecommunication.com\/it\/wp-content\/uploads\/sites\/3\/2022\/01\/Vredestein-Endurion_1024px.jpg\"><img decoding=\"async\" class=\"aligncenter size-full wp-image-18784\" src=\"https:\/\/www.anicecommunication.com\/it\/wp-content\/uploads\/sites\/3\/2022\/01\/Vredestein-Endurion_1024px.jpg\" alt=\"Vredestein e Liebherr\" width=\"1024\" height=\"1024\" srcset=\"https:\/\/www.anicecommunication.com\/it\/wp-content\/uploads\/sites\/3\/2022\/01\/Vredestein-Endurion_1024px-66x66.jpg 66w, https:\/\/www.anicecommunication.com\/it\/wp-content\/uploads\/sites\/3\/2022\/01\/Vredestein-Endurion_1024px-150x150.jpg 150w, https:\/\/www.anicecommunication.com\/it\/wp-content\/uploads\/sites\/3\/2022\/01\/Vredestein-Endurion_1024px-200x200.jpg 200w, https:\/\/www.anicecommunication.com\/it\/wp-content\/uploads\/sites\/3\/2022\/01\/Vredestein-Endurion_1024px-300x300.jpg 300w, https:\/\/www.anicecommunication.com\/it\/wp-content\/uploads\/sites\/3\/2022\/01\/Vredestein-Endurion_1024px-400x400.jpg 400w, https:\/\/www.anicecommunication.com\/it\/wp-content\/uploads\/sites\/3\/2022\/01\/Vredestein-Endurion_1024px-600x600.jpg 600w, https:\/\/www.anicecommunication.com\/it\/wp-content\/uploads\/sites\/3\/2022\/01\/Vredestein-Endurion_1024px-768x768.jpg 768w, https:\/\/www.anicecommunication.com\/it\/wp-content\/uploads\/sites\/3\/2022\/01\/Vredestein-Endurion_1024px-800x800.jpg 800w, https:\/\/www.anicecommunication.com\/it\/wp-content\/uploads\/sites\/3\/2022\/01\/Vredestein-Endurion_1024px.jpg 1024w\" sizes=\"(max-width: 1024px) 100vw, 1024px\" \/><\/a><\/td>\n<\/tr>\n<\/tbody>\n<\/table>\n<p style=\"text-align: center;\"><em>Da SX: Vredestein Flotation Trac e\u00a0Vredestein Endurion<\/em><\/p>\n<p>Le pale compatte Liebherr sono note al pubblico per essere macchine sicure, affidabili e adatte all\u2019impiego in vari settori. Grazie alla loro potenza e versatilit\u00e0, sono in grado di gestire un&#8217;ampia gamma di materiali diversi favorendo un elevato livello di produttivit\u00e0. Le pale gommate compatte Liebherr sono prodotte a Bischofshofen, in Austria, sede del centro di competenza Liebherr per questo tipo di prodotto.<\/p>\n<p>Le prime pale gommate compatte Liebherr dotate di pneumatici Vredestein saranno disponibili sul mercato a partire da inizio 2022.<\/p>\n<p><a href=\"https:\/\/www.anicecommunication.it\/Vredestein\/220127\/220127_Omologazione_pneumatici_Vredestein_su_pale_gommate_Liebherr.zip\" target=\"_blank\" rel=\"noopener\">Scarica testi e immagini &gt;<\/a><\/p>\n<p><a href=\"https:\/\/www.anicecommunication.com\/it\/media-relations\/\">Anicecommunication Ufficio Stampa Apollo Tyres | Vredestein Italia<\/a><\/p>\n","protected":false},"excerpt":{"rendered":"<p>Liebherr, una delle aziende leader a livello mondiale nel settore delle attrezzature per l&#8217;edilizia, ha concluso un accordo con Apollo Tyres Ltd. per la fornitura di pneumatici Vredestein per diversi modelli di pale gommate. Gli pneumatici Vredestein Endurion e Flotation Trac sono stati omologati per le pale gommate compatte Liebherr L 504, L 506 ed  [&#8230;]<\/p>\n","protected":false},"author":1,"featured_media":18783,"comment_status":"closed","ping_status":"closed","sticky":false,"template":"","format":"standard","meta":{"footnotes":""},"categories":[608,467,80],"tags":[719,813,771,812],"class_list":["post-18781","post","type-post","status-publish","format-standard","has-post-thumbnail","hentry","category-apollo-vredestein","category-press_room","category-blog-anicecommunication","tag-apollo-tyres","tag-pale-gommate-liebherr","tag-pneumatici-vredestein","tag-vredestein-e-liebherr"],"yoast_head":"<!-- This site is optimized with the Yoast SEO plugin v27.4 - https:\/\/yoast.com\/product\/yoast-seo-wordpress\/ -->\n<title>Pneumatici Vredestein omologati sulle pale gommate Liebherr<\/title>\n<meta name=\"description\" content=\"Liebherr e Apollo Tyres Ltd. hanno concluso un accordo per la fornitura di pneumatici Vredestein per diversi modelli di pale gommate\" \/>\n<meta name=\"robots\" content=\"index, follow, max-snippet:-1, max-image-preview:large, max-video-preview:-1\" \/>\n<link rel=\"canonical\" href=\"https:\/\/www.anicecommunication.com\/it\/omologazione-degli-pneumatici-vredestein-sulle-pale-gommate-liebherr\/\" \/>\n<meta property=\"og:locale\" content=\"it_IT\" \/>\n<meta property=\"og:type\" content=\"article\" \/>\n<meta property=\"og:title\" content=\"Pneumatici Vredestein omologati sulle pale gommate Liebherr\" \/>\n<meta property=\"og:description\" content=\"Liebherr e Apollo Tyres Ltd. hanno concluso un accordo per la fornitura di pneumatici Vredestein per diversi modelli di pale gommate\" \/>\n<meta property=\"og:url\" content=\"https:\/\/www.anicecommunication.com\/it\/omologazione-degli-pneumatici-vredestein-sulle-pale-gommate-liebherr\/\" \/>\n<meta property=\"og:site_name\" content=\"IT Anice Communication\" \/>\n<meta property=\"article:publisher\" content=\"https:\/\/www.facebook.com\/anicecommunication\" \/>\n<meta property=\"article:author\" content=\"https:\/\/www.facebook.com\/anicecommunication\" \/>\n<meta property=\"article:published_time\" content=\"2022-01-27T09:55:08+00:00\" \/>\n<meta property=\"article:modified_time\" content=\"2022-01-28T10:54:08+00:00\" \/>\n<meta property=\"og:image\" content=\"https:\/\/www.anicecommunication.com\/it\/wp-content\/uploads\/sites\/3\/2022\/01\/Liebherr-L509-tele-snow-plough_1200px.jpg\" \/>\n\t<meta property=\"og:image:width\" content=\"1200\" \/>\n\t<meta property=\"og:image:height\" content=\"900\" \/>\n\t<meta property=\"og:image:type\" content=\"image\/jpeg\" \/>\n<meta name=\"author\" content=\"Editorial Staff\" \/>\n<meta name=\"twitter:label1\" content=\"Scritto da\" \/>\n\t<meta name=\"twitter:data1\" content=\"Editorial Staff\" \/>\n\t<meta name=\"twitter:label2\" content=\"Tempo di lettura stimato\" \/>\n\t<meta name=\"twitter:data2\" content=\"3 minuti\" \/>\n<script type=\"application\/ld+json\" class=\"yoast-schema-graph\">{\"@context\":\"https:\\\/\\\/schema.org\",\"@graph\":[{\"@type\":\"Article\",\"@id\":\"https:\\\/\\\/www.anicecommunication.com\\\/it\\\/omologazione-degli-pneumatici-vredestein-sulle-pale-gommate-liebherr\\\/#article\",\"isPartOf\":{\"@id\":\"https:\\\/\\\/www.anicecommunication.com\\\/it\\\/omologazione-degli-pneumatici-vredestein-sulle-pale-gommate-liebherr\\\/\"},\"author\":{\"name\":\"Editorial Staff\",\"@id\":\"https:\\\/\\\/www.anicecommunication.com\\\/it\\\/#\\\/schema\\\/person\\\/d8f9046f11c2ab1ff15f1d0d580184d8\"},\"headline\":\"Pneumatici Vredestein omologati sulle pale gommate Liebherr\",\"datePublished\":\"2022-01-27T09:55:08+00:00\",\"dateModified\":\"2022-01-28T10:54:08+00:00\",\"mainEntityOfPage\":{\"@id\":\"https:\\\/\\\/www.anicecommunication.com\\\/it\\\/omologazione-degli-pneumatici-vredestein-sulle-pale-gommate-liebherr\\\/\"},\"wordCount\":290,\"publisher\":{\"@id\":\"https:\\\/\\\/www.anicecommunication.com\\\/it\\\/#organization\"},\"image\":{\"@id\":\"https:\\\/\\\/www.anicecommunication.com\\\/it\\\/omologazione-degli-pneumatici-vredestein-sulle-pale-gommate-liebherr\\\/#primaryimage\"},\"thumbnailUrl\":\"https:\\\/\\\/www.anicecommunication.com\\\/it\\\/wp-content\\\/uploads\\\/sites\\\/3\\\/2022\\\/01\\\/Liebherr-L509-tele-snow-plough_1200px.jpg\",\"keywords\":[\"Apollo Tyres\",\"pale gommate Liebherr\",\"pneumatici Vredestein\",\"Vredestein e Liebherr\"],\"articleSection\":[\"Apollo Tyres | Vredestein\",\"Press Room\",\"What A Nice Blog!\"],\"inLanguage\":\"it-IT\"},{\"@type\":\"WebPage\",\"@id\":\"https:\\\/\\\/www.anicecommunication.com\\\/it\\\/omologazione-degli-pneumatici-vredestein-sulle-pale-gommate-liebherr\\\/\",\"url\":\"https:\\\/\\\/www.anicecommunication.com\\\/it\\\/omologazione-degli-pneumatici-vredestein-sulle-pale-gommate-liebherr\\\/\",\"name\":\"Pneumatici Vredestein omologati sulle pale gommate Liebherr\",\"isPartOf\":{\"@id\":\"https:\\\/\\\/www.anicecommunication.com\\\/it\\\/#website\"},\"primaryImageOfPage\":{\"@id\":\"https:\\\/\\\/www.anicecommunication.com\\\/it\\\/omologazione-degli-pneumatici-vredestein-sulle-pale-gommate-liebherr\\\/#primaryimage\"},\"image\":{\"@id\":\"https:\\\/\\\/www.anicecommunication.com\\\/it\\\/omologazione-degli-pneumatici-vredestein-sulle-pale-gommate-liebherr\\\/#primaryimage\"},\"thumbnailUrl\":\"https:\\\/\\\/www.anicecommunication.com\\\/it\\\/wp-content\\\/uploads\\\/sites\\\/3\\\/2022\\\/01\\\/Liebherr-L509-tele-snow-plough_1200px.jpg\",\"datePublished\":\"2022-01-27T09:55:08+00:00\",\"dateModified\":\"2022-01-28T10:54:08+00:00\",\"description\":\"Liebherr e Apollo Tyres Ltd. hanno concluso un accordo per la fornitura di pneumatici Vredestein per diversi modelli di pale gommate\",\"breadcrumb\":{\"@id\":\"https:\\\/\\\/www.anicecommunication.com\\\/it\\\/omologazione-degli-pneumatici-vredestein-sulle-pale-gommate-liebherr\\\/#breadcrumb\"},\"inLanguage\":\"it-IT\",\"potentialAction\":[{\"@type\":\"ReadAction\",\"target\":[\"https:\\\/\\\/www.anicecommunication.com\\\/it\\\/omologazione-degli-pneumatici-vredestein-sulle-pale-gommate-liebherr\\\/\"]}]},{\"@type\":\"ImageObject\",\"inLanguage\":\"it-IT\",\"@id\":\"https:\\\/\\\/www.anicecommunication.com\\\/it\\\/omologazione-degli-pneumatici-vredestein-sulle-pale-gommate-liebherr\\\/#primaryimage\",\"url\":\"https:\\\/\\\/www.anicecommunication.com\\\/it\\\/wp-content\\\/uploads\\\/sites\\\/3\\\/2022\\\/01\\\/Liebherr-L509-tele-snow-plough_1200px.jpg\",\"contentUrl\":\"https:\\\/\\\/www.anicecommunication.com\\\/it\\\/wp-content\\\/uploads\\\/sites\\\/3\\\/2022\\\/01\\\/Liebherr-L509-tele-snow-plough_1200px.jpg\",\"width\":1200,\"height\":900,\"caption\":\"Vredestein e Liebherr\"},{\"@type\":\"BreadcrumbList\",\"@id\":\"https:\\\/\\\/www.anicecommunication.com\\\/it\\\/omologazione-degli-pneumatici-vredestein-sulle-pale-gommate-liebherr\\\/#breadcrumb\",\"itemListElement\":[{\"@type\":\"ListItem\",\"position\":1,\"name\":\"Home\",\"item\":\"https:\\\/\\\/www.anicecommunication.com\\\/it\\\/\"},{\"@type\":\"ListItem\",\"position\":2,\"name\":\"Pneumatici Vredestein omologati sulle pale gommate Liebherr\"}]},{\"@type\":\"WebSite\",\"@id\":\"https:\\\/\\\/www.anicecommunication.com\\\/it\\\/#website\",\"url\":\"https:\\\/\\\/www.anicecommunication.com\\\/it\\\/\",\"name\":\"IT Anice Communication\",\"description\":\"Anicecommunication agenzia di pubbliche relazioni,  ufficio stampa, media relations, automotive e mobility a livello internazionale - Torino\",\"publisher\":{\"@id\":\"https:\\\/\\\/www.anicecommunication.com\\\/it\\\/#organization\"},\"potentialAction\":[{\"@type\":\"SearchAction\",\"target\":{\"@type\":\"EntryPoint\",\"urlTemplate\":\"https:\\\/\\\/www.anicecommunication.com\\\/it\\\/?s={search_term_string}\"},\"query-input\":{\"@type\":\"PropertyValueSpecification\",\"valueRequired\":true,\"valueName\":\"search_term_string\"}}],\"inLanguage\":\"it-IT\"},{\"@type\":\"Organization\",\"@id\":\"https:\\\/\\\/www.anicecommunication.com\\\/it\\\/#organization\",\"name\":\"Anice SRL - Agenzia di comunicazione, mobility and automotive media relations & PR in Italia, Europa\",\"alternateName\":\"Anicecommunication\",\"url\":\"https:\\\/\\\/www.anicecommunication.com\\\/it\\\/\",\"logo\":{\"@type\":\"ImageObject\",\"inLanguage\":\"it-IT\",\"@id\":\"https:\\\/\\\/www.anicecommunication.com\\\/it\\\/#\\\/schema\\\/logo\\\/image\\\/\",\"url\":\"https:\\\/\\\/www.anicecommunication.com\\\/it\\\/wp-content\\\/uploads\\\/sites\\\/3\\\/2023\\\/06\\\/Anice_696x696.jpg\",\"contentUrl\":\"https:\\\/\\\/www.anicecommunication.com\\\/it\\\/wp-content\\\/uploads\\\/sites\\\/3\\\/2023\\\/06\\\/Anice_696x696.jpg\",\"width\":696,\"height\":696,\"caption\":\"Anice SRL - Agenzia di comunicazione, mobility and automotive media relations & PR in Italia, Europa\"},\"image\":{\"@id\":\"https:\\\/\\\/www.anicecommunication.com\\\/it\\\/#\\\/schema\\\/logo\\\/image\\\/\"},\"sameAs\":[\"https:\\\/\\\/www.facebook.com\\\/anicecommunication\",\"https:\\\/\\\/x.com\\\/Anicecom\",\"https:\\\/\\\/instagram.com\\\/anicecom\\\/\",\"https:\\\/\\\/www.linkedin.com\\\/company\\\/anice-s-r-l-\"]},{\"@type\":\"Person\",\"@id\":\"https:\\\/\\\/www.anicecommunication.com\\\/it\\\/#\\\/schema\\\/person\\\/d8f9046f11c2ab1ff15f1d0d580184d8\",\"name\":\"Editorial Staff\",\"image\":{\"@type\":\"ImageObject\",\"inLanguage\":\"it-IT\",\"@id\":\"https:\\\/\\\/secure.gravatar.com\\\/avatar\\\/62128a8e64953c282b330a12e5b592d8bc5d299b46ab0e6928129ae0d79e528a?s=96&d=mm&r=g\",\"url\":\"https:\\\/\\\/secure.gravatar.com\\\/avatar\\\/62128a8e64953c282b330a12e5b592d8bc5d299b46ab0e6928129ae0d79e528a?s=96&d=mm&r=g\",\"contentUrl\":\"https:\\\/\\\/secure.gravatar.com\\\/avatar\\\/62128a8e64953c282b330a12e5b592d8bc5d299b46ab0e6928129ae0d79e528a?s=96&d=mm&r=g\",\"caption\":\"Editorial Staff\"},\"description\":\"La redazione di Anicecommunication \u00e8 composta da giornalisti, esperti di comunicazione e marketing, content manager e storyteller.\",\"sameAs\":[\"http:\\\/\\\/www.anicecommunication.com\",\"https:\\\/\\\/www.facebook.com\\\/anicecommunication\",\"https:\\\/\\\/x.com\\\/anicecom\"]}]}<\/script>\n<!-- \/ Yoast SEO plugin. -->","yoast_head_json":{"title":"Pneumatici Vredestein omologati sulle pale gommate Liebherr","description":"Liebherr e Apollo Tyres Ltd. hanno concluso un accordo per la fornitura di pneumatici Vredestein per diversi modelli di pale gommate","robots":{"index":"index","follow":"follow","max-snippet":"max-snippet:-1","max-image-preview":"max-image-preview:large","max-video-preview":"max-video-preview:-1"},"canonical":"https:\/\/www.anicecommunication.com\/it\/omologazione-degli-pneumatici-vredestein-sulle-pale-gommate-liebherr\/","og_locale":"it_IT","og_type":"article","og_title":"Pneumatici Vredestein omologati sulle pale gommate Liebherr","og_description":"Liebherr e Apollo Tyres Ltd. hanno concluso un accordo per la fornitura di pneumatici Vredestein per diversi modelli di pale gommate","og_url":"https:\/\/www.anicecommunication.com\/it\/omologazione-degli-pneumatici-vredestein-sulle-pale-gommate-liebherr\/","og_site_name":"IT Anice Communication","article_publisher":"https:\/\/www.facebook.com\/anicecommunication","article_author":"https:\/\/www.facebook.com\/anicecommunication","article_published_time":"2022-01-27T09:55:08+00:00","article_modified_time":"2022-01-28T10:54:08+00:00","og_image":[{"width":1200,"height":900,"url":"https:\/\/www.anicecommunication.com\/it\/wp-content\/uploads\/sites\/3\/2022\/01\/Liebherr-L509-tele-snow-plough_1200px.jpg","type":"image\/jpeg"}],"author":"Editorial Staff","twitter_misc":{"Scritto da":"Editorial Staff","Tempo di lettura stimato":"3 minuti"},"schema":{"@context":"https:\/\/schema.org","@graph":[{"@type":"Article","@id":"https:\/\/www.anicecommunication.com\/it\/omologazione-degli-pneumatici-vredestein-sulle-pale-gommate-liebherr\/#article","isPartOf":{"@id":"https:\/\/www.anicecommunication.com\/it\/omologazione-degli-pneumatici-vredestein-sulle-pale-gommate-liebherr\/"},"author":{"name":"Editorial Staff","@id":"https:\/\/www.anicecommunication.com\/it\/#\/schema\/person\/d8f9046f11c2ab1ff15f1d0d580184d8"},"headline":"Pneumatici Vredestein omologati sulle pale gommate Liebherr","datePublished":"2022-01-27T09:55:08+00:00","dateModified":"2022-01-28T10:54:08+00:00","mainEntityOfPage":{"@id":"https:\/\/www.anicecommunication.com\/it\/omologazione-degli-pneumatici-vredestein-sulle-pale-gommate-liebherr\/"},"wordCount":290,"publisher":{"@id":"https:\/\/www.anicecommunication.com\/it\/#organization"},"image":{"@id":"https:\/\/www.anicecommunication.com\/it\/omologazione-degli-pneumatici-vredestein-sulle-pale-gommate-liebherr\/#primaryimage"},"thumbnailUrl":"https:\/\/www.anicecommunication.com\/it\/wp-content\/uploads\/sites\/3\/2022\/01\/Liebherr-L509-tele-snow-plough_1200px.jpg","keywords":["Apollo Tyres","pale gommate Liebherr","pneumatici Vredestein","Vredestein e Liebherr"],"articleSection":["Apollo Tyres | Vredestein","Press Room","What A Nice Blog!"],"inLanguage":"it-IT"},{"@type":"WebPage","@id":"https:\/\/www.anicecommunication.com\/it\/omologazione-degli-pneumatici-vredestein-sulle-pale-gommate-liebherr\/","url":"https:\/\/www.anicecommunication.com\/it\/omologazione-degli-pneumatici-vredestein-sulle-pale-gommate-liebherr\/","name":"Pneumatici Vredestein omologati sulle pale gommate Liebherr","isPartOf":{"@id":"https:\/\/www.anicecommunication.com\/it\/#website"},"primaryImageOfPage":{"@id":"https:\/\/www.anicecommunication.com\/it\/omologazione-degli-pneumatici-vredestein-sulle-pale-gommate-liebherr\/#primaryimage"},"image":{"@id":"https:\/\/www.anicecommunication.com\/it\/omologazione-degli-pneumatici-vredestein-sulle-pale-gommate-liebherr\/#primaryimage"},"thumbnailUrl":"https:\/\/www.anicecommunication.com\/it\/wp-content\/uploads\/sites\/3\/2022\/01\/Liebherr-L509-tele-snow-plough_1200px.jpg","datePublished":"2022-01-27T09:55:08+00:00","dateModified":"2022-01-28T10:54:08+00:00","description":"Liebherr e Apollo Tyres Ltd. hanno concluso un accordo per la fornitura di pneumatici Vredestein per diversi modelli di pale gommate","breadcrumb":{"@id":"https:\/\/www.anicecommunication.com\/it\/omologazione-degli-pneumatici-vredestein-sulle-pale-gommate-liebherr\/#breadcrumb"},"inLanguage":"it-IT","potentialAction":[{"@type":"ReadAction","target":["https:\/\/www.anicecommunication.com\/it\/omologazione-degli-pneumatici-vredestein-sulle-pale-gommate-liebherr\/"]}]},{"@type":"ImageObject","inLanguage":"it-IT","@id":"https:\/\/www.anicecommunication.com\/it\/omologazione-degli-pneumatici-vredestein-sulle-pale-gommate-liebherr\/#primaryimage","url":"https:\/\/www.anicecommunication.com\/it\/wp-content\/uploads\/sites\/3\/2022\/01\/Liebherr-L509-tele-snow-plough_1200px.jpg","contentUrl":"https:\/\/www.anicecommunication.com\/it\/wp-content\/uploads\/sites\/3\/2022\/01\/Liebherr-L509-tele-snow-plough_1200px.jpg","width":1200,"height":900,"caption":"Vredestein e Liebherr"},{"@type":"BreadcrumbList","@id":"https:\/\/www.anicecommunication.com\/it\/omologazione-degli-pneumatici-vredestein-sulle-pale-gommate-liebherr\/#breadcrumb","itemListElement":[{"@type":"ListItem","position":1,"name":"Home","item":"https:\/\/www.anicecommunication.com\/it\/"},{"@type":"ListItem","position":2,"name":"Pneumatici Vredestein omologati sulle pale gommate Liebherr"}]},{"@type":"WebSite","@id":"https:\/\/www.anicecommunication.com\/it\/#website","url":"https:\/\/www.anicecommunication.com\/it\/","name":"IT Anice Communication","description":"Anicecommunication agenzia di pubbliche relazioni,  ufficio stampa, media relations, automotive e mobility a livello internazionale - Torino","publisher":{"@id":"https:\/\/www.anicecommunication.com\/it\/#organization"},"potentialAction":[{"@type":"SearchAction","target":{"@type":"EntryPoint","urlTemplate":"https:\/\/www.anicecommunication.com\/it\/?s={search_term_string}"},"query-input":{"@type":"PropertyValueSpecification","valueRequired":true,"valueName":"search_term_string"}}],"inLanguage":"it-IT"},{"@type":"Organization","@id":"https:\/\/www.anicecommunication.com\/it\/#organization","name":"Anice SRL - Agenzia di comunicazione, mobility and automotive media relations & PR in Italia, Europa","alternateName":"Anicecommunication","url":"https:\/\/www.anicecommunication.com\/it\/","logo":{"@type":"ImageObject","inLanguage":"it-IT","@id":"https:\/\/www.anicecommunication.com\/it\/#\/schema\/logo\/image\/","url":"https:\/\/www.anicecommunication.com\/it\/wp-content\/uploads\/sites\/3\/2023\/06\/Anice_696x696.jpg","contentUrl":"https:\/\/www.anicecommunication.com\/it\/wp-content\/uploads\/sites\/3\/2023\/06\/Anice_696x696.jpg","width":696,"height":696,"caption":"Anice SRL - Agenzia di comunicazione, mobility and automotive media relations & PR in Italia, Europa"},"image":{"@id":"https:\/\/www.anicecommunication.com\/it\/#\/schema\/logo\/image\/"},"sameAs":["https:\/\/www.facebook.com\/anicecommunication","https:\/\/x.com\/Anicecom","https:\/\/instagram.com\/anicecom\/","https:\/\/www.linkedin.com\/company\/anice-s-r-l-"]},{"@type":"Person","@id":"https:\/\/www.anicecommunication.com\/it\/#\/schema\/person\/d8f9046f11c2ab1ff15f1d0d580184d8","name":"Editorial Staff","image":{"@type":"ImageObject","inLanguage":"it-IT","@id":"https:\/\/secure.gravatar.com\/avatar\/62128a8e64953c282b330a12e5b592d8bc5d299b46ab0e6928129ae0d79e528a?s=96&d=mm&r=g","url":"https:\/\/secure.gravatar.com\/avatar\/62128a8e64953c282b330a12e5b592d8bc5d299b46ab0e6928129ae0d79e528a?s=96&d=mm&r=g","contentUrl":"https:\/\/secure.gravatar.com\/avatar\/62128a8e64953c282b330a12e5b592d8bc5d299b46ab0e6928129ae0d79e528a?s=96&d=mm&r=g","caption":"Editorial Staff"},"description":"La redazione di Anicecommunication \u00e8 composta da giornalisti, esperti di comunicazione e marketing, content manager e storyteller.","sameAs":["http:\/\/www.anicecommunication.com","https:\/\/www.facebook.com\/anicecommunication","https:\/\/x.com\/anicecom"]}]}},"_links":{"self":[{"href":"https:\/\/www.anicecommunication.com\/it\/wp-json\/wp\/v2\/posts\/18781","targetHints":{"allow":["GET"]}}],"collection":[{"href":"https:\/\/www.anicecommunication.com\/it\/wp-json\/wp\/v2\/posts"}],"about":[{"href":"https:\/\/www.anicecommunication.com\/it\/wp-json\/wp\/v2\/types\/post"}],"author":[{"embeddable":true,"href":"https:\/\/www.anicecommunication.com\/it\/wp-json\/wp\/v2\/users\/1"}],"replies":[{"embeddable":true,"href":"https:\/\/www.anicecommunication.com\/it\/wp-json\/wp\/v2\/comments?post=18781"}],"version-history":[{"count":8,"href":"https:\/\/www.anicecommunication.com\/it\/wp-json\/wp\/v2\/posts\/18781\/revisions"}],"predecessor-version":[{"id":18796,"href":"https:\/\/www.anicecommunication.com\/it\/wp-json\/wp\/v2\/posts\/18781\/revisions\/18796"}],"wp:featuredmedia":[{"embeddable":true,"href":"https:\/\/www.anicecommunication.com\/it\/wp-json\/wp\/v2\/media\/18783"}],"wp:attachment":[{"href":"https:\/\/www.anicecommunication.com\/it\/wp-json\/wp\/v2\/media?parent=18781"}],"wp:term":[{"taxonomy":"category","embeddable":true,"href":"https:\/\/www.anicecommunication.com\/it\/wp-json\/wp\/v2\/categories?post=18781"},{"taxonomy":"post_tag","embeddable":true,"href":"https:\/\/www.anicecommunication.com\/it\/wp-json\/wp\/v2\/tags?post=18781"}],"curies":[{"name":"wp","href":"https:\/\/api.w.org\/{rel}","templated":true}]}}