{"id":19190,"date":"2022-04-29T19:01:03","date_gmt":"2022-04-29T17:01:03","guid":{"rendered":"https:\/\/www.anicecommunication.com\/it\/?p=19190"},"modified":"2022-05-04T10:10:58","modified_gmt":"2022-05-04T08:10:58","slug":"u6ion-il-concept-suv-coupe-di-aiways-fa-tappa-in-13-citta-italiane","status":"publish","type":"post","link":"https:\/\/www.anicecommunication.com\/it\/u6ion-il-concept-suv-coupe-di-aiways-fa-tappa-in-13-citta-italiane\/","title":{"rendered":"U6ion: il concept SUV Coup\u00e9 di Aiways fa tappa in 13 citt\u00e0 italiane"},"content":{"rendered":"<ul>\n<li><strong>Dopo il Belgio e la Germania, il roadshow europeo di U6ion arriva in Italia, dal 2 al 19 maggio.<\/strong><\/li>\n<li><strong>Il tour di Aiways U6ion si concluder\u00e0 all\u2019Automotive Dealer Day di Verona (17-19 maggio).<\/strong><\/li>\n<li><strong>U6ion \u00e8 caratterizzato da design esterno dalle linee sportive e muscolose, interni d\u2019impatto e contenuti tecnologici all\u2019avanguardia.<\/strong><\/li>\n<li><strong>Il concept U6ion anticipa il prossimo modello Aiways U6, che arriver\u00e0 in Europa entro fine anno.<\/strong><\/li>\n<\/ul>\n<p><!--more--><\/p>\n<p><strong>Milano, 29 aprile 2022<\/strong> \u2013 Arriva in Italia il tour europeo dedicato al concept SUV Coup\u00e9 a zero emissioni U6ion di Aiways, fornitore di mobilit\u00e0 personale con sede a Shanghai e sede europea a Monaco di Baviera, in Germania.<\/p>\n<p>Dopo il Belgio e la Germania, il nostro paese \u00e8 infatti il prossimo mercato a ospitare il roadshow, offrendo ai potenziali acquirenti di veicoli elettrici l\u2019opportunit\u00e0 di ammirare e conoscere da vicino il concept che anticipa Aiways U6, il secondo modello elettrico del marchio, che debutter\u00e0 in Europa entro la fine di quest\u2019anno.<\/p>\n<p><a href=\"https:\/\/www.anicecommunication.com\/it\/wp-content\/uploads\/sites\/3\/2022\/04\/Aiways-U6ion-Finn-Auto-Premiere-6-April-2022_2.jpg\"><img decoding=\"async\" class=\"aligncenter size-full wp-image-19071\" src=\"https:\/\/www.anicecommunication.com\/it\/wp-content\/uploads\/sites\/3\/2022\/04\/Aiways-U6ion-Finn-Auto-Premiere-6-April-2022_2.jpg\" alt=\"Aiways U6ion\" width=\"1280\" height=\"871\" srcset=\"https:\/\/www.anicecommunication.com\/it\/wp-content\/uploads\/sites\/3\/2022\/04\/Aiways-U6ion-Finn-Auto-Premiere-6-April-2022_2-200x136.jpg 200w, https:\/\/www.anicecommunication.com\/it\/wp-content\/uploads\/sites\/3\/2022\/04\/Aiways-U6ion-Finn-Auto-Premiere-6-April-2022_2-300x204.jpg 300w, https:\/\/www.anicecommunication.com\/it\/wp-content\/uploads\/sites\/3\/2022\/04\/Aiways-U6ion-Finn-Auto-Premiere-6-April-2022_2-400x272.jpg 400w, https:\/\/www.anicecommunication.com\/it\/wp-content\/uploads\/sites\/3\/2022\/04\/Aiways-U6ion-Finn-Auto-Premiere-6-April-2022_2-600x408.jpg 600w, https:\/\/www.anicecommunication.com\/it\/wp-content\/uploads\/sites\/3\/2022\/04\/Aiways-U6ion-Finn-Auto-Premiere-6-April-2022_2-768x523.jpg 768w, https:\/\/www.anicecommunication.com\/it\/wp-content\/uploads\/sites\/3\/2022\/04\/Aiways-U6ion-Finn-Auto-Premiere-6-April-2022_2-800x544.jpg 800w, https:\/\/www.anicecommunication.com\/it\/wp-content\/uploads\/sites\/3\/2022\/04\/Aiways-U6ion-Finn-Auto-Premiere-6-April-2022_2-1024x697.jpg 1024w, https:\/\/www.anicecommunication.com\/it\/wp-content\/uploads\/sites\/3\/2022\/04\/Aiways-U6ion-Finn-Auto-Premiere-6-April-2022_2-1200x817.jpg 1200w, https:\/\/www.anicecommunication.com\/it\/wp-content\/uploads\/sites\/3\/2022\/04\/Aiways-U6ion-Finn-Auto-Premiere-6-April-2022_2.jpg 1280w\" sizes=\"(max-width: 1280px) 100vw, 1280px\" \/><\/a><\/p>\n<p>Per la presentazione itinerante, il Gruppo Koelliker, che in Italia distribuisce in esclusiva i veicoli nativi elettrici Aiways, ha predisposto, in collaborazione con i suoi partner commerciali, un calendario di 13 appuntamenti che toccher\u00e0 altrettante citt\u00e0 italiane, da nord a sud, partir\u00e0 il 2 maggio da Monza e terminer\u00e0 all\u2019Automotive Dealer Day, a calendario a Veronafiere dal 17 al 19 maggio prossimi.<\/p>\n<p><strong>Date e citt\u00e0 del tour italiano del concept Aiways U6ion:<\/strong><\/p>\n<p><strong>2 maggio \u2013 Monza, GP Car<\/strong><\/p>\n<p><strong>3 maggio \u2013 Cuneo, Cuneotre<\/strong><\/p>\n<p><strong>4 maggio \u2013 Torino, Locautodue<\/strong><\/p>\n<p><strong>5 maggio \u2013 Parma, Scai Motor<\/strong><\/p>\n<p><strong>6 maggio \u2013 Modena, Pelloni Auto<\/strong><\/p>\n<p><strong>7 maggio &#8211; Bari, My Car<\/strong><\/p>\n<p><strong>8 maggio \u2013 Civitanova Marche, Tombolini Motor Company<\/strong><\/p>\n<p><strong>9 maggio &#8211; Rimini, Errepi\u00f9<\/strong><\/p>\n<p><strong>10 maggio &#8211; Bergamo, Arricar<\/strong><\/p>\n<p><strong>11 maggio \u2013 Brescia, Sinauto<\/strong><\/p>\n<p><strong>12 maggio \u2013 Pordenone, Ricci Group<\/strong><\/p>\n<p><strong>13 maggio \u2013 Treviso, Mar-Auto<\/strong><\/p>\n<p><strong>14 maggio \u2013 Verona, Tomasi Auto<\/strong><\/p>\n<p><strong>17 \u2013 19 maggio \u2013 Veronafiere, Automotive Dealer Day<\/strong><\/p>\n<p>&nbsp;<\/p>\n<p>\u201c<em>\u00c8 per noi e per la nostra rete di concessionari un onore ospitare il roadshow europeo U6ion di Aiways e contribuire ad accelerare la transizione verso una mobilit\u00e0 pi\u00f9 sostenibile e accessibile. Aiways, che distribuiamo in Italia dall\u2019anno scorso, \u00e8 un marchio che nel suo stesso nome coniuga il concetto di Intelligenza Artificiale (AI) con quello di strade (Ways). U5, il D-SUV 100% elettrico, primo modello del brand a essere introdotto, \u00e8 stato accolto in modo molto positivo<\/em>\u201d, commenta <strong>Marco Saltalamacchia, Presidente<\/strong> <strong>Esecutivo del Gruppo Koelliker<\/strong>. \u201c<em>U6, il secondo modello che Aiways lancer\u00e0 sul mercato, si preannuncia rivoluzionario sia dal punto di vista del design sia per la tecnologia. La concept car U6ion, protagonista del tour, di fatto ne anticipa le peculiarit\u00e0, proponendo contenuti molto simili alla versione di serie. Per questo, ritengo che la possibilit\u00e0 di ammirarla dal vivo rappresenti un\u2019opportunit\u00e0 da non perdere\u201d.<\/em><\/p>\n<p>Il roadshow di Aiways U6ion proseguir\u00e0 in altri cinque mercati europei.<\/p>\n<p><strong>U6ion, il Concept SUV Coup\u00e9 di Aiways<\/strong><\/p>\n<p>Progettato fin dall\u2019inizio per essere uno Sport Utility Vehicle dalle linee sportive, U6ion \u00e8 caratterizzato da un aspetto dinamico e muscoloso. Aerodinamica migliore del segmento, la morbida curvatura del tetto in stile fastback integra una superficie con un\u2019ampia vetratura che termina con un montante C dalle linee affilate. Le fiancate posteriori che si allargano conferiscono un forte impatto visivo cos\u00ec come il paraurti anteriore slanciato e definito, che incorpora una serie di elementi aerodinamici funzionali. I fari a LED dallo stile unico sono abbinati a un sistema di illuminazione per la marcia diurna che include le luci di posizione e gli indicatori di direzione. Sotto ogni faro \u00e8 presente una presa d\u2019aria indipendente che orienta il flusso di raffreddamento verso l\u2019impianto frenante.<\/p>\n<p>Le prestazioni aerodinamiche hanno rappresentato una priorit\u00e0 per il team di progettazione di Aiways. Il paraurti posteriore e i passaruota assecondano i principi di ingegneria degli pneumatici. Le parti superiori del cofano definiscono il carattere della vettura ispirandosi al muso filante di uno squalo, con modanature in evidenza che garantiscono una netta separazione del flusso d\u2019aria, riducendo cos\u00ec la resistenza aerodinamica. Nella parte posteriore della vettura troviamo uno spoiler curvo a due colori che sottolinea il design slanciato di U6ion. I cerchi bicolor sportivi da 21\u201d non solo vantano un aspetto distintivo ma offrono anche un\u2019ottima dissipazione del calore oltre a una bassa resistenza aerodinamica, pur essendo relativamente leggeri.<\/p>\n<p>Il volante sportivo multifunzione dalle linee squadrate e il cambio dal design unico, ispirato alle leve dell&#8217;acceleratore degli yacht pi\u00f9 potenti, chiariscono fin da subito quali sono le potenzialit\u00e0 e lo stile di questo SUV Coup\u00e9. Le maniglie &#8220;a laccetto&#8221; in stile racing completano i quattro sedili sportivi integrati.<\/p>\n<p>Quando Aiways ha progettato gli interni di U6ion si \u00e8 focalizzata su una tecnologia innovativa. Tra le dotazioni spicca il pannello strumenti flottante da 7 pollici, che fornisce importanti informazioni sulla guida e sui sistemi tecnologici di bordo.<\/p>\n<p><a href=\"https:\/\/www.anicecommunication.it\/aiways\/220427\/220427_Aiways_sondaggio_Chinese_Automobile_Quality_Network.zip\">Scarica testo e immagini&gt;&gt;&gt;<\/a><\/p>\n<p><strong><b><a href=\"https:\/\/www.anicecommunication.com\/it\/media-relations\/\">Ufficio Stampa<\/a>\u00a0Aiways Italia \u2013\u00a0<a href=\"https:\/\/www.anicecommunication.com\/it\/agenzia-di-comunicazione\/\">Anicecommunication<\/a><\/b><\/strong><\/p>\n","protected":false},"excerpt":{"rendered":"<p>Dopo il Belgio e la Germania, il roadshow europeo di U6ion arriva in Italia, dal 2 al 19 maggio. Il tour di Aiways U6ion si concluder\u00e0 all\u2019Automotive Dealer Day di Verona (17-19 maggio). U6ion \u00e8 caratterizzato da design esterno dalle linee sportive e muscolose, interni d\u2019impatto e contenuti tecnologici all\u2019avanguardia. Il concept U6ion anticipa il  [&#8230;]<\/p>\n","protected":false},"author":1,"featured_media":19071,"comment_status":"closed","ping_status":"closed","sticky":false,"template":"","format":"standard","meta":{"footnotes":""},"categories":[609,173,467,80],"tags":[870,763,833,886],"class_list":["post-19190","post","type-post","status-publish","format-standard","has-post-thumbnail","hentry","category-aiways","category-eventi-blog","category-press_room","category-blog-anicecommunication","tag-aiways-auto-elettriche","tag-aiways-elettrica","tag-aiways-u6ion","tag-u6ion-concept-suv-coupe"],"yoast_head":"<!-- This site is optimized with the Yoast SEO plugin v27.4 - https:\/\/yoast.com\/product\/yoast-seo-wordpress\/ -->\n<title>U6ion: il concept SUV Coup\u00e9 di Aiways fa tappa in 13 citt\u00e0 italiane<\/title>\n<meta name=\"description\" content=\"Arriva in Italia il tour europeo dedicato al concept SUV Coup\u00e9 a zero emissioni U6ion di Aiways. Partenza i 2 maggio da Monza\" \/>\n<meta name=\"robots\" content=\"index, follow, max-snippet:-1, max-image-preview:large, max-video-preview:-1\" \/>\n<link rel=\"canonical\" href=\"https:\/\/www.anicecommunication.com\/it\/u6ion-il-concept-suv-coupe-di-aiways-fa-tappa-in-13-citta-italiane\/\" \/>\n<meta property=\"og:locale\" content=\"it_IT\" \/>\n<meta property=\"og:type\" content=\"article\" \/>\n<meta property=\"og:title\" content=\"U6ion: il concept SUV Coup\u00e9 di Aiways fa tappa in 13 citt\u00e0 italiane\" \/>\n<meta property=\"og:description\" content=\"Arriva in Italia il tour europeo dedicato al concept SUV Coup\u00e9 a zero emissioni U6ion di Aiways. Partenza i 2 maggio da Monza\" \/>\n<meta property=\"og:url\" content=\"https:\/\/www.anicecommunication.com\/it\/u6ion-il-concept-suv-coupe-di-aiways-fa-tappa-in-13-citta-italiane\/\" \/>\n<meta property=\"og:site_name\" content=\"IT Anice Communication\" \/>\n<meta property=\"article:publisher\" content=\"https:\/\/www.facebook.com\/anicecommunication\" \/>\n<meta property=\"article:author\" content=\"https:\/\/www.facebook.com\/anicecommunication\" \/>\n<meta property=\"article:published_time\" content=\"2022-04-29T17:01:03+00:00\" \/>\n<meta property=\"article:modified_time\" content=\"2022-05-04T08:10:58+00:00\" \/>\n<meta property=\"og:image\" content=\"https:\/\/www.anicecommunication.com\/it\/wp-content\/uploads\/sites\/3\/2022\/04\/Aiways-U6ion-Finn-Auto-Premiere-6-April-2022_2.jpg\" \/>\n\t<meta property=\"og:image:width\" content=\"1280\" \/>\n\t<meta property=\"og:image:height\" content=\"871\" \/>\n\t<meta property=\"og:image:type\" content=\"image\/jpeg\" \/>\n<meta name=\"author\" content=\"Editorial Staff\" \/>\n<meta name=\"twitter:label1\" content=\"Scritto da\" \/>\n\t<meta name=\"twitter:data1\" content=\"Editorial Staff\" \/>\n\t<meta name=\"twitter:label2\" content=\"Tempo di lettura stimato\" \/>\n\t<meta name=\"twitter:data2\" content=\"4 minuti\" \/>\n<script type=\"application\/ld+json\" class=\"yoast-schema-graph\">{\"@context\":\"https:\\\/\\\/schema.org\",\"@graph\":[{\"@type\":\"Article\",\"@id\":\"https:\\\/\\\/www.anicecommunication.com\\\/it\\\/u6ion-il-concept-suv-coupe-di-aiways-fa-tappa-in-13-citta-italiane\\\/#article\",\"isPartOf\":{\"@id\":\"https:\\\/\\\/www.anicecommunication.com\\\/it\\\/u6ion-il-concept-suv-coupe-di-aiways-fa-tappa-in-13-citta-italiane\\\/\"},\"author\":{\"name\":\"Editorial Staff\",\"@id\":\"https:\\\/\\\/www.anicecommunication.com\\\/it\\\/#\\\/schema\\\/person\\\/d8f9046f11c2ab1ff15f1d0d580184d8\"},\"headline\":\"U6ion: il concept SUV Coup\u00e9 di Aiways fa tappa in 13 citt\u00e0 italiane\",\"datePublished\":\"2022-04-29T17:01:03+00:00\",\"dateModified\":\"2022-05-04T08:10:58+00:00\",\"mainEntityOfPage\":{\"@id\":\"https:\\\/\\\/www.anicecommunication.com\\\/it\\\/u6ion-il-concept-suv-coupe-di-aiways-fa-tappa-in-13-citta-italiane\\\/\"},\"wordCount\":801,\"publisher\":{\"@id\":\"https:\\\/\\\/www.anicecommunication.com\\\/it\\\/#organization\"},\"image\":{\"@id\":\"https:\\\/\\\/www.anicecommunication.com\\\/it\\\/u6ion-il-concept-suv-coupe-di-aiways-fa-tappa-in-13-citta-italiane\\\/#primaryimage\"},\"thumbnailUrl\":\"https:\\\/\\\/www.anicecommunication.com\\\/it\\\/wp-content\\\/uploads\\\/sites\\\/3\\\/2022\\\/04\\\/Aiways-U6ion-Finn-Auto-Premiere-6-April-2022_2.jpg\",\"keywords\":[\"Aiways auto elettriche\",\"Aiways elettrica\",\"Aiways U6ion\",\"U6ion concept SUV Coup\u00e9\"],\"articleSection\":[\"Aiways\",\"Eventi\",\"Press Room\",\"What A Nice Blog!\"],\"inLanguage\":\"it-IT\"},{\"@type\":\"WebPage\",\"@id\":\"https:\\\/\\\/www.anicecommunication.com\\\/it\\\/u6ion-il-concept-suv-coupe-di-aiways-fa-tappa-in-13-citta-italiane\\\/\",\"url\":\"https:\\\/\\\/www.anicecommunication.com\\\/it\\\/u6ion-il-concept-suv-coupe-di-aiways-fa-tappa-in-13-citta-italiane\\\/\",\"name\":\"U6ion: il concept SUV Coup\u00e9 di Aiways fa tappa in 13 citt\u00e0 italiane\",\"isPartOf\":{\"@id\":\"https:\\\/\\\/www.anicecommunication.com\\\/it\\\/#website\"},\"primaryImageOfPage\":{\"@id\":\"https:\\\/\\\/www.anicecommunication.com\\\/it\\\/u6ion-il-concept-suv-coupe-di-aiways-fa-tappa-in-13-citta-italiane\\\/#primaryimage\"},\"image\":{\"@id\":\"https:\\\/\\\/www.anicecommunication.com\\\/it\\\/u6ion-il-concept-suv-coupe-di-aiways-fa-tappa-in-13-citta-italiane\\\/#primaryimage\"},\"thumbnailUrl\":\"https:\\\/\\\/www.anicecommunication.com\\\/it\\\/wp-content\\\/uploads\\\/sites\\\/3\\\/2022\\\/04\\\/Aiways-U6ion-Finn-Auto-Premiere-6-April-2022_2.jpg\",\"datePublished\":\"2022-04-29T17:01:03+00:00\",\"dateModified\":\"2022-05-04T08:10:58+00:00\",\"description\":\"Arriva in Italia il tour europeo dedicato al concept SUV Coup\u00e9 a zero emissioni U6ion di Aiways. Partenza i 2 maggio da Monza\",\"breadcrumb\":{\"@id\":\"https:\\\/\\\/www.anicecommunication.com\\\/it\\\/u6ion-il-concept-suv-coupe-di-aiways-fa-tappa-in-13-citta-italiane\\\/#breadcrumb\"},\"inLanguage\":\"it-IT\",\"potentialAction\":[{\"@type\":\"ReadAction\",\"target\":[\"https:\\\/\\\/www.anicecommunication.com\\\/it\\\/u6ion-il-concept-suv-coupe-di-aiways-fa-tappa-in-13-citta-italiane\\\/\"]}]},{\"@type\":\"ImageObject\",\"inLanguage\":\"it-IT\",\"@id\":\"https:\\\/\\\/www.anicecommunication.com\\\/it\\\/u6ion-il-concept-suv-coupe-di-aiways-fa-tappa-in-13-citta-italiane\\\/#primaryimage\",\"url\":\"https:\\\/\\\/www.anicecommunication.com\\\/it\\\/wp-content\\\/uploads\\\/sites\\\/3\\\/2022\\\/04\\\/Aiways-U6ion-Finn-Auto-Premiere-6-April-2022_2.jpg\",\"contentUrl\":\"https:\\\/\\\/www.anicecommunication.com\\\/it\\\/wp-content\\\/uploads\\\/sites\\\/3\\\/2022\\\/04\\\/Aiways-U6ion-Finn-Auto-Premiere-6-April-2022_2.jpg\",\"width\":1280,\"height\":871,\"caption\":\"Aiways U6ion\"},{\"@type\":\"BreadcrumbList\",\"@id\":\"https:\\\/\\\/www.anicecommunication.com\\\/it\\\/u6ion-il-concept-suv-coupe-di-aiways-fa-tappa-in-13-citta-italiane\\\/#breadcrumb\",\"itemListElement\":[{\"@type\":\"ListItem\",\"position\":1,\"name\":\"Home\",\"item\":\"https:\\\/\\\/www.anicecommunication.com\\\/it\\\/\"},{\"@type\":\"ListItem\",\"position\":2,\"name\":\"U6ion: il concept SUV Coup\u00e9 di Aiways fa tappa in 13 citt\u00e0 italiane\"}]},{\"@type\":\"WebSite\",\"@id\":\"https:\\\/\\\/www.anicecommunication.com\\\/it\\\/#website\",\"url\":\"https:\\\/\\\/www.anicecommunication.com\\\/it\\\/\",\"name\":\"IT Anice Communication\",\"description\":\"Anicecommunication agenzia di pubbliche relazioni,  ufficio stampa, media relations, automotive e mobility a livello internazionale - Torino\",\"publisher\":{\"@id\":\"https:\\\/\\\/www.anicecommunication.com\\\/it\\\/#organization\"},\"potentialAction\":[{\"@type\":\"SearchAction\",\"target\":{\"@type\":\"EntryPoint\",\"urlTemplate\":\"https:\\\/\\\/www.anicecommunication.com\\\/it\\\/?s={search_term_string}\"},\"query-input\":{\"@type\":\"PropertyValueSpecification\",\"valueRequired\":true,\"valueName\":\"search_term_string\"}}],\"inLanguage\":\"it-IT\"},{\"@type\":\"Organization\",\"@id\":\"https:\\\/\\\/www.anicecommunication.com\\\/it\\\/#organization\",\"name\":\"Anice SRL - Agenzia di comunicazione, mobility and automotive media relations & PR in Italia, Europa\",\"alternateName\":\"Anicecommunication\",\"url\":\"https:\\\/\\\/www.anicecommunication.com\\\/it\\\/\",\"logo\":{\"@type\":\"ImageObject\",\"inLanguage\":\"it-IT\",\"@id\":\"https:\\\/\\\/www.anicecommunication.com\\\/it\\\/#\\\/schema\\\/logo\\\/image\\\/\",\"url\":\"https:\\\/\\\/www.anicecommunication.com\\\/it\\\/wp-content\\\/uploads\\\/sites\\\/3\\\/2023\\\/06\\\/Anice_696x696.jpg\",\"contentUrl\":\"https:\\\/\\\/www.anicecommunication.com\\\/it\\\/wp-content\\\/uploads\\\/sites\\\/3\\\/2023\\\/06\\\/Anice_696x696.jpg\",\"width\":696,\"height\":696,\"caption\":\"Anice SRL - Agenzia di comunicazione, mobility and automotive media relations & PR in Italia, Europa\"},\"image\":{\"@id\":\"https:\\\/\\\/www.anicecommunication.com\\\/it\\\/#\\\/schema\\\/logo\\\/image\\\/\"},\"sameAs\":[\"https:\\\/\\\/www.facebook.com\\\/anicecommunication\",\"https:\\\/\\\/x.com\\\/Anicecom\",\"https:\\\/\\\/instagram.com\\\/anicecom\\\/\",\"https:\\\/\\\/www.linkedin.com\\\/company\\\/anice-s-r-l-\"]},{\"@type\":\"Person\",\"@id\":\"https:\\\/\\\/www.anicecommunication.com\\\/it\\\/#\\\/schema\\\/person\\\/d8f9046f11c2ab1ff15f1d0d580184d8\",\"name\":\"Editorial Staff\",\"image\":{\"@type\":\"ImageObject\",\"inLanguage\":\"it-IT\",\"@id\":\"https:\\\/\\\/secure.gravatar.com\\\/avatar\\\/62128a8e64953c282b330a12e5b592d8bc5d299b46ab0e6928129ae0d79e528a?s=96&d=mm&r=g\",\"url\":\"https:\\\/\\\/secure.gravatar.com\\\/avatar\\\/62128a8e64953c282b330a12e5b592d8bc5d299b46ab0e6928129ae0d79e528a?s=96&d=mm&r=g\",\"contentUrl\":\"https:\\\/\\\/secure.gravatar.com\\\/avatar\\\/62128a8e64953c282b330a12e5b592d8bc5d299b46ab0e6928129ae0d79e528a?s=96&d=mm&r=g\",\"caption\":\"Editorial Staff\"},\"description\":\"La redazione di Anicecommunication \u00e8 composta da giornalisti, esperti di comunicazione e marketing, content manager e storyteller.\",\"sameAs\":[\"http:\\\/\\\/www.anicecommunication.com\",\"https:\\\/\\\/www.facebook.com\\\/anicecommunication\",\"https:\\\/\\\/x.com\\\/anicecom\"]}]}<\/script>\n<!-- \/ Yoast SEO plugin. -->","yoast_head_json":{"title":"U6ion: il concept SUV Coup\u00e9 di Aiways fa tappa in 13 citt\u00e0 italiane","description":"Arriva in Italia il tour europeo dedicato al concept SUV Coup\u00e9 a zero emissioni U6ion di Aiways. Partenza i 2 maggio da Monza","robots":{"index":"index","follow":"follow","max-snippet":"max-snippet:-1","max-image-preview":"max-image-preview:large","max-video-preview":"max-video-preview:-1"},"canonical":"https:\/\/www.anicecommunication.com\/it\/u6ion-il-concept-suv-coupe-di-aiways-fa-tappa-in-13-citta-italiane\/","og_locale":"it_IT","og_type":"article","og_title":"U6ion: il concept SUV Coup\u00e9 di Aiways fa tappa in 13 citt\u00e0 italiane","og_description":"Arriva in Italia il tour europeo dedicato al concept SUV Coup\u00e9 a zero emissioni U6ion di Aiways. Partenza i 2 maggio da Monza","og_url":"https:\/\/www.anicecommunication.com\/it\/u6ion-il-concept-suv-coupe-di-aiways-fa-tappa-in-13-citta-italiane\/","og_site_name":"IT Anice Communication","article_publisher":"https:\/\/www.facebook.com\/anicecommunication","article_author":"https:\/\/www.facebook.com\/anicecommunication","article_published_time":"2022-04-29T17:01:03+00:00","article_modified_time":"2022-05-04T08:10:58+00:00","og_image":[{"width":1280,"height":871,"url":"https:\/\/www.anicecommunication.com\/it\/wp-content\/uploads\/sites\/3\/2022\/04\/Aiways-U6ion-Finn-Auto-Premiere-6-April-2022_2.jpg","type":"image\/jpeg"}],"author":"Editorial Staff","twitter_misc":{"Scritto da":"Editorial Staff","Tempo di lettura stimato":"4 minuti"},"schema":{"@context":"https:\/\/schema.org","@graph":[{"@type":"Article","@id":"https:\/\/www.anicecommunication.com\/it\/u6ion-il-concept-suv-coupe-di-aiways-fa-tappa-in-13-citta-italiane\/#article","isPartOf":{"@id":"https:\/\/www.anicecommunication.com\/it\/u6ion-il-concept-suv-coupe-di-aiways-fa-tappa-in-13-citta-italiane\/"},"author":{"name":"Editorial Staff","@id":"https:\/\/www.anicecommunication.com\/it\/#\/schema\/person\/d8f9046f11c2ab1ff15f1d0d580184d8"},"headline":"U6ion: il concept SUV Coup\u00e9 di Aiways fa tappa in 13 citt\u00e0 italiane","datePublished":"2022-04-29T17:01:03+00:00","dateModified":"2022-05-04T08:10:58+00:00","mainEntityOfPage":{"@id":"https:\/\/www.anicecommunication.com\/it\/u6ion-il-concept-suv-coupe-di-aiways-fa-tappa-in-13-citta-italiane\/"},"wordCount":801,"publisher":{"@id":"https:\/\/www.anicecommunication.com\/it\/#organization"},"image":{"@id":"https:\/\/www.anicecommunication.com\/it\/u6ion-il-concept-suv-coupe-di-aiways-fa-tappa-in-13-citta-italiane\/#primaryimage"},"thumbnailUrl":"https:\/\/www.anicecommunication.com\/it\/wp-content\/uploads\/sites\/3\/2022\/04\/Aiways-U6ion-Finn-Auto-Premiere-6-April-2022_2.jpg","keywords":["Aiways auto elettriche","Aiways elettrica","Aiways U6ion","U6ion concept SUV Coup\u00e9"],"articleSection":["Aiways","Eventi","Press Room","What A Nice Blog!"],"inLanguage":"it-IT"},{"@type":"WebPage","@id":"https:\/\/www.anicecommunication.com\/it\/u6ion-il-concept-suv-coupe-di-aiways-fa-tappa-in-13-citta-italiane\/","url":"https:\/\/www.anicecommunication.com\/it\/u6ion-il-concept-suv-coupe-di-aiways-fa-tappa-in-13-citta-italiane\/","name":"U6ion: il concept SUV Coup\u00e9 di Aiways fa tappa in 13 citt\u00e0 italiane","isPartOf":{"@id":"https:\/\/www.anicecommunication.com\/it\/#website"},"primaryImageOfPage":{"@id":"https:\/\/www.anicecommunication.com\/it\/u6ion-il-concept-suv-coupe-di-aiways-fa-tappa-in-13-citta-italiane\/#primaryimage"},"image":{"@id":"https:\/\/www.anicecommunication.com\/it\/u6ion-il-concept-suv-coupe-di-aiways-fa-tappa-in-13-citta-italiane\/#primaryimage"},"thumbnailUrl":"https:\/\/www.anicecommunication.com\/it\/wp-content\/uploads\/sites\/3\/2022\/04\/Aiways-U6ion-Finn-Auto-Premiere-6-April-2022_2.jpg","datePublished":"2022-04-29T17:01:03+00:00","dateModified":"2022-05-04T08:10:58+00:00","description":"Arriva in Italia il tour europeo dedicato al concept SUV Coup\u00e9 a zero emissioni U6ion di Aiways. Partenza i 2 maggio da Monza","breadcrumb":{"@id":"https:\/\/www.anicecommunication.com\/it\/u6ion-il-concept-suv-coupe-di-aiways-fa-tappa-in-13-citta-italiane\/#breadcrumb"},"inLanguage":"it-IT","potentialAction":[{"@type":"ReadAction","target":["https:\/\/www.anicecommunication.com\/it\/u6ion-il-concept-suv-coupe-di-aiways-fa-tappa-in-13-citta-italiane\/"]}]},{"@type":"ImageObject","inLanguage":"it-IT","@id":"https:\/\/www.anicecommunication.com\/it\/u6ion-il-concept-suv-coupe-di-aiways-fa-tappa-in-13-citta-italiane\/#primaryimage","url":"https:\/\/www.anicecommunication.com\/it\/wp-content\/uploads\/sites\/3\/2022\/04\/Aiways-U6ion-Finn-Auto-Premiere-6-April-2022_2.jpg","contentUrl":"https:\/\/www.anicecommunication.com\/it\/wp-content\/uploads\/sites\/3\/2022\/04\/Aiways-U6ion-Finn-Auto-Premiere-6-April-2022_2.jpg","width":1280,"height":871,"caption":"Aiways U6ion"},{"@type":"BreadcrumbList","@id":"https:\/\/www.anicecommunication.com\/it\/u6ion-il-concept-suv-coupe-di-aiways-fa-tappa-in-13-citta-italiane\/#breadcrumb","itemListElement":[{"@type":"ListItem","position":1,"name":"Home","item":"https:\/\/www.anicecommunication.com\/it\/"},{"@type":"ListItem","position":2,"name":"U6ion: il concept SUV Coup\u00e9 di Aiways fa tappa in 13 citt\u00e0 italiane"}]},{"@type":"WebSite","@id":"https:\/\/www.anicecommunication.com\/it\/#website","url":"https:\/\/www.anicecommunication.com\/it\/","name":"IT Anice Communication","description":"Anicecommunication agenzia di pubbliche relazioni,  ufficio stampa, media relations, automotive e mobility a livello internazionale - Torino","publisher":{"@id":"https:\/\/www.anicecommunication.com\/it\/#organization"},"potentialAction":[{"@type":"SearchAction","target":{"@type":"EntryPoint","urlTemplate":"https:\/\/www.anicecommunication.com\/it\/?s={search_term_string}"},"query-input":{"@type":"PropertyValueSpecification","valueRequired":true,"valueName":"search_term_string"}}],"inLanguage":"it-IT"},{"@type":"Organization","@id":"https:\/\/www.anicecommunication.com\/it\/#organization","name":"Anice SRL - Agenzia di comunicazione, mobility and automotive media relations & PR in Italia, Europa","alternateName":"Anicecommunication","url":"https:\/\/www.anicecommunication.com\/it\/","logo":{"@type":"ImageObject","inLanguage":"it-IT","@id":"https:\/\/www.anicecommunication.com\/it\/#\/schema\/logo\/image\/","url":"https:\/\/www.anicecommunication.com\/it\/wp-content\/uploads\/sites\/3\/2023\/06\/Anice_696x696.jpg","contentUrl":"https:\/\/www.anicecommunication.com\/it\/wp-content\/uploads\/sites\/3\/2023\/06\/Anice_696x696.jpg","width":696,"height":696,"caption":"Anice SRL - Agenzia di comunicazione, mobility and automotive media relations & PR in Italia, Europa"},"image":{"@id":"https:\/\/www.anicecommunication.com\/it\/#\/schema\/logo\/image\/"},"sameAs":["https:\/\/www.facebook.com\/anicecommunication","https:\/\/x.com\/Anicecom","https:\/\/instagram.com\/anicecom\/","https:\/\/www.linkedin.com\/company\/anice-s-r-l-"]},{"@type":"Person","@id":"https:\/\/www.anicecommunication.com\/it\/#\/schema\/person\/d8f9046f11c2ab1ff15f1d0d580184d8","name":"Editorial Staff","image":{"@type":"ImageObject","inLanguage":"it-IT","@id":"https:\/\/secure.gravatar.com\/avatar\/62128a8e64953c282b330a12e5b592d8bc5d299b46ab0e6928129ae0d79e528a?s=96&d=mm&r=g","url":"https:\/\/secure.gravatar.com\/avatar\/62128a8e64953c282b330a12e5b592d8bc5d299b46ab0e6928129ae0d79e528a?s=96&d=mm&r=g","contentUrl":"https:\/\/secure.gravatar.com\/avatar\/62128a8e64953c282b330a12e5b592d8bc5d299b46ab0e6928129ae0d79e528a?s=96&d=mm&r=g","caption":"Editorial Staff"},"description":"La redazione di Anicecommunication \u00e8 composta da giornalisti, esperti di comunicazione e marketing, content manager e storyteller.","sameAs":["http:\/\/www.anicecommunication.com","https:\/\/www.facebook.com\/anicecommunication","https:\/\/x.com\/anicecom"]}]}},"_links":{"self":[{"href":"https:\/\/www.anicecommunication.com\/it\/wp-json\/wp\/v2\/posts\/19190","targetHints":{"allow":["GET"]}}],"collection":[{"href":"https:\/\/www.anicecommunication.com\/it\/wp-json\/wp\/v2\/posts"}],"about":[{"href":"https:\/\/www.anicecommunication.com\/it\/wp-json\/wp\/v2\/types\/post"}],"author":[{"embeddable":true,"href":"https:\/\/www.anicecommunication.com\/it\/wp-json\/wp\/v2\/users\/1"}],"replies":[{"embeddable":true,"href":"https:\/\/www.anicecommunication.com\/it\/wp-json\/wp\/v2\/comments?post=19190"}],"version-history":[{"count":3,"href":"https:\/\/www.anicecommunication.com\/it\/wp-json\/wp\/v2\/posts\/19190\/revisions"}],"predecessor-version":[{"id":19218,"href":"https:\/\/www.anicecommunication.com\/it\/wp-json\/wp\/v2\/posts\/19190\/revisions\/19218"}],"wp:featuredmedia":[{"embeddable":true,"href":"https:\/\/www.anicecommunication.com\/it\/wp-json\/wp\/v2\/media\/19071"}],"wp:attachment":[{"href":"https:\/\/www.anicecommunication.com\/it\/wp-json\/wp\/v2\/media?parent=19190"}],"wp:term":[{"taxonomy":"category","embeddable":true,"href":"https:\/\/www.anicecommunication.com\/it\/wp-json\/wp\/v2\/categories?post=19190"},{"taxonomy":"post_tag","embeddable":true,"href":"https:\/\/www.anicecommunication.com\/it\/wp-json\/wp\/v2\/tags?post=19190"}],"curies":[{"name":"wp","href":"https:\/\/api.w.org\/{rel}","templated":true}]}}