{"id":19854,"date":"2022-09-09T11:15:13","date_gmt":"2022-09-09T09:15:13","guid":{"rendered":"https:\/\/www.anicecommunication.com\/it\/?p=19854"},"modified":"2022-09-09T11:15:13","modified_gmt":"2022-09-09T09:15:13","slug":"world-ev-day-aiways-svela-le-prime-immagini-del-suv-coupe-u6-di-serie","status":"publish","type":"post","link":"https:\/\/www.anicecommunication.com\/it\/world-ev-day-aiways-svela-le-prime-immagini-del-suv-coupe-u6-di-serie\/","title":{"rendered":"World EV Day: Aiways svela le prime immagini del SUV-Coup\u00e9 U6 di serie"},"content":{"rendered":"<ul>\n<li>Il 9 settembre 2022 \u00e8 la Giornata Mondiale dei Veicoli Elettrici (World EV Day) e Aiways festeggia con un&#8217;anteprima speciale<!--more--><\/li>\n<li>Le prime immagini delle linee definitive della versione europea della Aiways U6 mettono in risalto il profilo caratteristico e le luci distintive<\/li>\n<li>Il dinamico SUV Coup\u00e9 sar\u00e0 lanciato in Europa entro la fine dell&#8217;anno con molte novit\u00e0, nuove funzionalit\u00e0 e tecnologie<\/li>\n<\/ul>\n<p>Milano, 9 settembre 2022 &#8211; Nell&#8217;ambito della Giornata Mondiale dei Veicoli Elettrici (World EV Day) U6, il nuovo SUV-Coup\u00e9 di Aiways, celebra l\u2019anteprima europea con alcune immagini teaser della versione di serie. Il secondo modello scaturito dalla piattaforma MAS, specificatamente concepita per la realizzazione di veicoli elettrici, \u00e8 perfetto per chi \u00e8 alla ricerca di uno stile di vita moderno e ricco di emozioni.<\/p>\n<p>In Cina, Aiways, fornitore di soluzioni di mobilit\u00e0 individuale con sede a Shanghai, ha gi\u00e0 presentato ufficialmente l&#8217;U6 SUV-Coup\u00e9 ai media riscuotendo un grande successo di preordini. L\u2019introduzione nel mercato europeo \u00e8 ormai imminente. Le prime unit\u00e0 sono gi\u00e0 arrivate alla sede di Monaco per le preparazioni finali. Oggi, 9 settembre, per la prima volta, quattro immagini in anteprima delle linee esclusive del SUV-Coup\u00e9 U6 vengono rilasciate proprio per contribuire ai festeggiamenti della Giornata Mondiale dei Veicoli Elettrici (World EV Day).<\/p>\n<p><a href=\"https:\/\/www.anicecommunication.com\/it\/wp-content\/uploads\/sites\/3\/2022\/09\/Aiways_U6_Teaser_Front_sito.jpg\"><img decoding=\"async\" class=\"aligncenter size-full wp-image-19856\" src=\"https:\/\/www.anicecommunication.com\/it\/wp-content\/uploads\/sites\/3\/2022\/09\/Aiways_U6_Teaser_Front_sito.jpg\" alt=\"World EV Day Aiways\" width=\"1800\" height=\"1200\" srcset=\"https:\/\/www.anicecommunication.com\/it\/wp-content\/uploads\/sites\/3\/2022\/09\/Aiways_U6_Teaser_Front_sito-200x133.jpg 200w, https:\/\/www.anicecommunication.com\/it\/wp-content\/uploads\/sites\/3\/2022\/09\/Aiways_U6_Teaser_Front_sito-300x200.jpg 300w, https:\/\/www.anicecommunication.com\/it\/wp-content\/uploads\/sites\/3\/2022\/09\/Aiways_U6_Teaser_Front_sito-400x267.jpg 400w, https:\/\/www.anicecommunication.com\/it\/wp-content\/uploads\/sites\/3\/2022\/09\/Aiways_U6_Teaser_Front_sito-600x400.jpg 600w, https:\/\/www.anicecommunication.com\/it\/wp-content\/uploads\/sites\/3\/2022\/09\/Aiways_U6_Teaser_Front_sito-768x512.jpg 768w, https:\/\/www.anicecommunication.com\/it\/wp-content\/uploads\/sites\/3\/2022\/09\/Aiways_U6_Teaser_Front_sito-800x533.jpg 800w, https:\/\/www.anicecommunication.com\/it\/wp-content\/uploads\/sites\/3\/2022\/09\/Aiways_U6_Teaser_Front_sito-1024x683.jpg 1024w, https:\/\/www.anicecommunication.com\/it\/wp-content\/uploads\/sites\/3\/2022\/09\/Aiways_U6_Teaser_Front_sito-1200x800.jpg 1200w, https:\/\/www.anicecommunication.com\/it\/wp-content\/uploads\/sites\/3\/2022\/09\/Aiways_U6_Teaser_Front_sito-1536x1024.jpg 1536w, https:\/\/www.anicecommunication.com\/it\/wp-content\/uploads\/sites\/3\/2022\/09\/Aiways_U6_Teaser_Front_sito.jpg 1800w\" sizes=\"(max-width: 1800px) 100vw, 1800px\" \/><\/a><\/p>\n<p><strong>\u00a0Dinamico ed emozionante: il nuovo linguaggio del design<\/strong><\/p>\n<p>Il SUV-Coup\u00e9 U6 \u00e8 il secondo modello derivato dalla piattaforma per veicoli elettrici MAS (More Adaptable Structure), una struttura altamente modulare sviluppata da Aiways. U6 combina il design moderno, dinamico ed emozionale della concept car U6ion, con lo spazio impareggiabile e la spiccata funzionalit\u00e0 del SUV U5 gi\u00e0 in vendita. Le immagini mostrano per la prima volta i tratti che caratterizzano la versione di serie europea. Il design delle luci, che mantiene molti degli elementi della fase di studio, sottolinea l\u2019esclusivit\u00e0.<\/p>\n<p><a href=\"https:\/\/www.anicecommunication.com\/it\/wp-content\/uploads\/sites\/3\/2022\/09\/Aiways_U6_Teaser_Profil_sito.jpg\"><img decoding=\"async\" class=\"aligncenter size-full wp-image-19858\" src=\"https:\/\/www.anicecommunication.com\/it\/wp-content\/uploads\/sites\/3\/2022\/09\/Aiways_U6_Teaser_Profil_sito.jpg\" alt=\"World EV Day Aiways\" width=\"1800\" height=\"1200\" srcset=\"https:\/\/www.anicecommunication.com\/it\/wp-content\/uploads\/sites\/3\/2022\/09\/Aiways_U6_Teaser_Profil_sito-200x133.jpg 200w, https:\/\/www.anicecommunication.com\/it\/wp-content\/uploads\/sites\/3\/2022\/09\/Aiways_U6_Teaser_Profil_sito-300x200.jpg 300w, https:\/\/www.anicecommunication.com\/it\/wp-content\/uploads\/sites\/3\/2022\/09\/Aiways_U6_Teaser_Profil_sito-400x267.jpg 400w, https:\/\/www.anicecommunication.com\/it\/wp-content\/uploads\/sites\/3\/2022\/09\/Aiways_U6_Teaser_Profil_sito-600x400.jpg 600w, https:\/\/www.anicecommunication.com\/it\/wp-content\/uploads\/sites\/3\/2022\/09\/Aiways_U6_Teaser_Profil_sito-768x512.jpg 768w, https:\/\/www.anicecommunication.com\/it\/wp-content\/uploads\/sites\/3\/2022\/09\/Aiways_U6_Teaser_Profil_sito-800x533.jpg 800w, https:\/\/www.anicecommunication.com\/it\/wp-content\/uploads\/sites\/3\/2022\/09\/Aiways_U6_Teaser_Profil_sito-1024x683.jpg 1024w, https:\/\/www.anicecommunication.com\/it\/wp-content\/uploads\/sites\/3\/2022\/09\/Aiways_U6_Teaser_Profil_sito-1200x800.jpg 1200w, https:\/\/www.anicecommunication.com\/it\/wp-content\/uploads\/sites\/3\/2022\/09\/Aiways_U6_Teaser_Profil_sito-1536x1024.jpg 1536w, https:\/\/www.anicecommunication.com\/it\/wp-content\/uploads\/sites\/3\/2022\/09\/Aiways_U6_Teaser_Profil_sito.jpg 1800w\" sizes=\"(max-width: 1800px) 100vw, 1800px\" \/><\/a><\/p>\n<p><strong>\u00a0Adattivo e innovativo: il teaser mette in evidenza il design delle luci<\/strong><\/p>\n<p>I proiettori a LED e l&#8217;inconfondibile luce diurna caratterizzano il gruppo fari anteriore del nuovo SUV-Coup\u00e9 U6 di Aiways. Il sistema di illuminazione adattivo a LED rappresenta un\u2019ulteriore evoluzione dal punto di vista del design e delle funzionalit\u00e0. Esattamente come per le luci di coda. La striscia luminosa a LED integrata nel portellone posteriore abbraccia il veicolo sull&#8217;intera larghezza e non \u00e8 solo un punto di forza tecnologico, ma colpisce anche per la disposizione dinamica delle funzioni di illuminazione.<\/p>\n<p><a href=\"https:\/\/www.anicecommunication.com\/it\/wp-content\/uploads\/sites\/3\/2022\/09\/Aiways_U6_Teaser_Front_Detail_sito-scaled.jpg\"><img decoding=\"async\" class=\"aligncenter size-full wp-image-19855\" src=\"https:\/\/www.anicecommunication.com\/it\/wp-content\/uploads\/sites\/3\/2022\/09\/Aiways_U6_Teaser_Front_Detail_sito-scaled.jpg\" alt=\"World EV Day Aiways\" width=\"800\" height=\"1200\" srcset=\"https:\/\/www.anicecommunication.com\/it\/wp-content\/uploads\/sites\/3\/2022\/09\/Aiways_U6_Teaser_Front_Detail_sito-200x300.jpg 200w, https:\/\/www.anicecommunication.com\/it\/wp-content\/uploads\/sites\/3\/2022\/09\/Aiways_U6_Teaser_Front_Detail_sito-400x600.jpg 400w, https:\/\/www.anicecommunication.com\/it\/wp-content\/uploads\/sites\/3\/2022\/09\/Aiways_U6_Teaser_Front_Detail_sito-600x900.jpg 600w, https:\/\/www.anicecommunication.com\/it\/wp-content\/uploads\/sites\/3\/2022\/09\/Aiways_U6_Teaser_Front_Detail_sito-683x1024.jpg 683w, https:\/\/www.anicecommunication.com\/it\/wp-content\/uploads\/sites\/3\/2022\/09\/Aiways_U6_Teaser_Front_Detail_sito-768x1152.jpg 768w, https:\/\/www.anicecommunication.com\/it\/wp-content\/uploads\/sites\/3\/2022\/09\/Aiways_U6_Teaser_Front_Detail_sito-scaled.jpg 800w, https:\/\/www.anicecommunication.com\/it\/wp-content\/uploads\/sites\/3\/2022\/09\/Aiways_U6_Teaser_Front_Detail_sito-1024x1536.jpg 1024w, https:\/\/www.anicecommunication.com\/it\/wp-content\/uploads\/sites\/3\/2022\/09\/Aiways_U6_Teaser_Front_Detail_sito-1200x1800.jpg 1200w, https:\/\/www.anicecommunication.com\/it\/wp-content\/uploads\/sites\/3\/2022\/09\/Aiways_U6_Teaser_Front_Detail_sito-1365x2048.jpg 1365w\" sizes=\"(max-width: 800px) 100vw, 800px\" \/><\/a><\/p>\n<p><strong>Alto livello di innovazione e nuove tecnologie: AI-Tech dimostra l\u2019esperienza<\/strong><\/p>\n<p>&#8220;<em>Il SUV-Coup\u00e9 U6 di Aiways mostra un nuovo linguaggio non solo in termini di tecnologia dell&#8217;illuminazione e design. Come \u00e8 normale in ogni processo evolutivo, il nuovo modello \u00e8 stato accuratamente perfezionato in tutte le aree chiave a testimonianza della forza innovativa che caratterizza il nostro giovane marchio<\/em>&#8220;, spiega Alexander Klose, Executive Vice President Overseas Operations di Aiways. \u201cO<em>ltre all\u2019utilizzo di nuove tecnologie, anche i riscontri dei clienti hanno avuto un grosso peso nella progettazione del nuovo SUV-Coup\u00e9 U6. \u00c8 da questa sintesi che nasce il concetto Ai-Tech, un condensato di esperienze nello sviluppo di veicoli elettrici che ha trovato applicazione proprio sul nuovo nato dei modelli Aiways<\/em>\u201d.<\/p>\n<p><a href=\"https:\/\/www.anicecommunication.com\/it\/wp-content\/uploads\/sites\/3\/2022\/09\/Aiways_U6_Teaser_Heck_Detail_sito.jpg\"><img decoding=\"async\" class=\"aligncenter size-full wp-image-19857\" src=\"https:\/\/www.anicecommunication.com\/it\/wp-content\/uploads\/sites\/3\/2022\/09\/Aiways_U6_Teaser_Heck_Detail_sito.jpg\" alt=\"World EV Day Aiways\" width=\"1800\" height=\"1200\" srcset=\"https:\/\/www.anicecommunication.com\/it\/wp-content\/uploads\/sites\/3\/2022\/09\/Aiways_U6_Teaser_Heck_Detail_sito-200x133.jpg 200w, https:\/\/www.anicecommunication.com\/it\/wp-content\/uploads\/sites\/3\/2022\/09\/Aiways_U6_Teaser_Heck_Detail_sito-300x200.jpg 300w, https:\/\/www.anicecommunication.com\/it\/wp-content\/uploads\/sites\/3\/2022\/09\/Aiways_U6_Teaser_Heck_Detail_sito-400x267.jpg 400w, https:\/\/www.anicecommunication.com\/it\/wp-content\/uploads\/sites\/3\/2022\/09\/Aiways_U6_Teaser_Heck_Detail_sito-600x400.jpg 600w, https:\/\/www.anicecommunication.com\/it\/wp-content\/uploads\/sites\/3\/2022\/09\/Aiways_U6_Teaser_Heck_Detail_sito-768x512.jpg 768w, https:\/\/www.anicecommunication.com\/it\/wp-content\/uploads\/sites\/3\/2022\/09\/Aiways_U6_Teaser_Heck_Detail_sito-800x533.jpg 800w, https:\/\/www.anicecommunication.com\/it\/wp-content\/uploads\/sites\/3\/2022\/09\/Aiways_U6_Teaser_Heck_Detail_sito-1024x683.jpg 1024w, https:\/\/www.anicecommunication.com\/it\/wp-content\/uploads\/sites\/3\/2022\/09\/Aiways_U6_Teaser_Heck_Detail_sito-1200x800.jpg 1200w, https:\/\/www.anicecommunication.com\/it\/wp-content\/uploads\/sites\/3\/2022\/09\/Aiways_U6_Teaser_Heck_Detail_sito-1536x1024.jpg 1536w, https:\/\/www.anicecommunication.com\/it\/wp-content\/uploads\/sites\/3\/2022\/09\/Aiways_U6_Teaser_Heck_Detail_sito.jpg 1800w\" sizes=\"(max-width: 1800px) 100vw, 1800px\" \/><\/a><\/p>\n<p><strong>\u00a0Occasione ideale per l&#8217;anteprima: il World EV Day<\/strong><\/p>\n<p>La Giornata Mondiale dei Veicoli Elettrici (World EV Day) rappresenta un movimento globale che lavora per promuovere un cambiamento. \u00c8 sostenuta dalle aziende, dalla politica, ma soprattutto dai pionieri della guida di auto elettriche. \u00c8 un giorno per celebrare la mobilit\u00e0 elettrica e il passaggio a un trasporto sostenibile. Comunque lo si viva, \u00e8 un modo per incontrare persone con una visione comune, magari presso una stazione di ricarica o in compagnia di amici: la Giornata Mondiale dei Veicoli Elettrici porta l&#8217;elettromobilit\u00e0 al centro della conversazione. Per sostenerla, Aiways ha quindi volutamente scelto il 9 settembre 2022 per diffondere per la prima volta in Europa alcune immagini che svelano le linee del nuovo SUV-Coup\u00e9 U6 di serie.<\/p>\n<p style=\"text-align: center;\">-Fine-<\/p>\n<p><a href=\"https:\/\/www.anicecommunication.it\/koelliker\/Aiways\/220909\/220909_Aiways_U6_EV_Day.zip\" target=\"_blank\" rel=\"noopener\">Scarica testo e immagini del comunicato&gt;&gt;&gt;<\/a><\/p>\n<p><a href=\"https:\/\/www.anicecommunication.com\/it\/anice-experience\/aiways-italia-ufficio-stampa-e-pr\/\">Anicecommunication Ufficio Stampa Aiways Italia<\/a><\/p>\n","protected":false},"excerpt":{"rendered":"<p>Il 9 settembre 2022 \u00e8 la Giornata Mondiale dei Veicoli Elettrici (World EV Day) e Aiways festeggia con un&#8217;anteprima speciale<\/p>\n","protected":false},"author":1,"featured_media":19858,"comment_status":"closed","ping_status":"closed","sticky":false,"template":"","format":"standard","meta":{"footnotes":""},"categories":[609,467,80],"tags":[674,855,1107,676,1106],"class_list":["post-19854","post","type-post","status-publish","format-standard","has-post-thumbnail","hentry","category-aiways","category-press_room","category-blog-anicecommunication","tag-aiways","tag-aiways-u6","tag-teaser-aiways-u6","tag-ufficio-stampa-aiways-italia","tag-world-ev-day"],"yoast_head":"<!-- This site is optimized with the Yoast SEO plugin v27.4 - https:\/\/yoast.com\/product\/yoast-seo-wordpress\/ -->\n<title>World EV Day: Aiways svela le prime immagini del SUV-Coup\u00e9 U6<\/title>\n<meta name=\"description\" content=\"Il 9 settembre 2022 \u00e8 la Giornata Mondiale dei Veicoli Elettrici (World EV Day) e Aiways festeggia con un&#039;anteprima speciale\" \/>\n<meta name=\"robots\" content=\"index, follow, max-snippet:-1, max-image-preview:large, max-video-preview:-1\" \/>\n<link rel=\"canonical\" href=\"https:\/\/www.anicecommunication.com\/it\/world-ev-day-aiways-svela-le-prime-immagini-del-suv-coupe-u6-di-serie\/\" \/>\n<meta property=\"og:locale\" content=\"it_IT\" \/>\n<meta property=\"og:type\" content=\"article\" \/>\n<meta property=\"og:title\" content=\"World EV Day: Aiways svela le prime immagini del SUV-Coup\u00e9 U6\" \/>\n<meta property=\"og:description\" content=\"Il 9 settembre 2022 \u00e8 la Giornata Mondiale dei Veicoli Elettrici (World EV Day) e Aiways festeggia con un&#039;anteprima speciale\" \/>\n<meta property=\"og:url\" content=\"https:\/\/www.anicecommunication.com\/it\/world-ev-day-aiways-svela-le-prime-immagini-del-suv-coupe-u6-di-serie\/\" \/>\n<meta property=\"og:site_name\" content=\"IT Anice Communication\" \/>\n<meta property=\"article:publisher\" content=\"https:\/\/www.facebook.com\/anicecommunication\" \/>\n<meta property=\"article:author\" content=\"https:\/\/www.facebook.com\/anicecommunication\" \/>\n<meta property=\"article:published_time\" content=\"2022-09-09T09:15:13+00:00\" \/>\n<meta property=\"og:image\" content=\"https:\/\/www.anicecommunication.com\/it\/wp-content\/uploads\/sites\/3\/2022\/09\/Aiways_U6_Teaser_Profil_sito.jpg\" \/>\n\t<meta property=\"og:image:width\" content=\"1800\" \/>\n\t<meta property=\"og:image:height\" content=\"1200\" \/>\n\t<meta property=\"og:image:type\" content=\"image\/jpeg\" \/>\n<meta name=\"author\" content=\"Editorial Staff\" \/>\n<meta name=\"twitter:label1\" content=\"Scritto da\" \/>\n\t<meta name=\"twitter:data1\" content=\"Editorial Staff\" \/>\n\t<meta name=\"twitter:label2\" content=\"Tempo di lettura stimato\" \/>\n\t<meta name=\"twitter:data2\" content=\"5 minuti\" \/>\n<script type=\"application\/ld+json\" class=\"yoast-schema-graph\">{\"@context\":\"https:\\\/\\\/schema.org\",\"@graph\":[{\"@type\":\"Article\",\"@id\":\"https:\\\/\\\/www.anicecommunication.com\\\/it\\\/world-ev-day-aiways-svela-le-prime-immagini-del-suv-coupe-u6-di-serie\\\/#article\",\"isPartOf\":{\"@id\":\"https:\\\/\\\/www.anicecommunication.com\\\/it\\\/world-ev-day-aiways-svela-le-prime-immagini-del-suv-coupe-u6-di-serie\\\/\"},\"author\":{\"name\":\"Editorial Staff\",\"@id\":\"https:\\\/\\\/www.anicecommunication.com\\\/it\\\/#\\\/schema\\\/person\\\/d8f9046f11c2ab1ff15f1d0d580184d8\"},\"headline\":\"World EV Day: Aiways svela le prime immagini del SUV-Coup\u00e9 U6 di serie\",\"datePublished\":\"2022-09-09T09:15:13+00:00\",\"mainEntityOfPage\":{\"@id\":\"https:\\\/\\\/www.anicecommunication.com\\\/it\\\/world-ev-day-aiways-svela-le-prime-immagini-del-suv-coupe-u6-di-serie\\\/\"},\"wordCount\":654,\"publisher\":{\"@id\":\"https:\\\/\\\/www.anicecommunication.com\\\/it\\\/#organization\"},\"image\":{\"@id\":\"https:\\\/\\\/www.anicecommunication.com\\\/it\\\/world-ev-day-aiways-svela-le-prime-immagini-del-suv-coupe-u6-di-serie\\\/#primaryimage\"},\"thumbnailUrl\":\"https:\\\/\\\/www.anicecommunication.com\\\/it\\\/wp-content\\\/uploads\\\/sites\\\/3\\\/2022\\\/09\\\/Aiways_U6_Teaser_Profil_sito.jpg\",\"keywords\":[\"aiways\",\"Aiways U6\",\"teaser Aiways U6\",\"ufficio stampa aiways italia\",\"World EV Day\"],\"articleSection\":[\"Aiways\",\"Press Room\",\"What A Nice Blog!\"],\"inLanguage\":\"it-IT\"},{\"@type\":\"WebPage\",\"@id\":\"https:\\\/\\\/www.anicecommunication.com\\\/it\\\/world-ev-day-aiways-svela-le-prime-immagini-del-suv-coupe-u6-di-serie\\\/\",\"url\":\"https:\\\/\\\/www.anicecommunication.com\\\/it\\\/world-ev-day-aiways-svela-le-prime-immagini-del-suv-coupe-u6-di-serie\\\/\",\"name\":\"World EV Day: Aiways svela le prime immagini del SUV-Coup\u00e9 U6\",\"isPartOf\":{\"@id\":\"https:\\\/\\\/www.anicecommunication.com\\\/it\\\/#website\"},\"primaryImageOfPage\":{\"@id\":\"https:\\\/\\\/www.anicecommunication.com\\\/it\\\/world-ev-day-aiways-svela-le-prime-immagini-del-suv-coupe-u6-di-serie\\\/#primaryimage\"},\"image\":{\"@id\":\"https:\\\/\\\/www.anicecommunication.com\\\/it\\\/world-ev-day-aiways-svela-le-prime-immagini-del-suv-coupe-u6-di-serie\\\/#primaryimage\"},\"thumbnailUrl\":\"https:\\\/\\\/www.anicecommunication.com\\\/it\\\/wp-content\\\/uploads\\\/sites\\\/3\\\/2022\\\/09\\\/Aiways_U6_Teaser_Profil_sito.jpg\",\"datePublished\":\"2022-09-09T09:15:13+00:00\",\"description\":\"Il 9 settembre 2022 \u00e8 la Giornata Mondiale dei Veicoli Elettrici (World EV Day) e Aiways festeggia con un'anteprima speciale\",\"breadcrumb\":{\"@id\":\"https:\\\/\\\/www.anicecommunication.com\\\/it\\\/world-ev-day-aiways-svela-le-prime-immagini-del-suv-coupe-u6-di-serie\\\/#breadcrumb\"},\"inLanguage\":\"it-IT\",\"potentialAction\":[{\"@type\":\"ReadAction\",\"target\":[\"https:\\\/\\\/www.anicecommunication.com\\\/it\\\/world-ev-day-aiways-svela-le-prime-immagini-del-suv-coupe-u6-di-serie\\\/\"]}]},{\"@type\":\"ImageObject\",\"inLanguage\":\"it-IT\",\"@id\":\"https:\\\/\\\/www.anicecommunication.com\\\/it\\\/world-ev-day-aiways-svela-le-prime-immagini-del-suv-coupe-u6-di-serie\\\/#primaryimage\",\"url\":\"https:\\\/\\\/www.anicecommunication.com\\\/it\\\/wp-content\\\/uploads\\\/sites\\\/3\\\/2022\\\/09\\\/Aiways_U6_Teaser_Profil_sito.jpg\",\"contentUrl\":\"https:\\\/\\\/www.anicecommunication.com\\\/it\\\/wp-content\\\/uploads\\\/sites\\\/3\\\/2022\\\/09\\\/Aiways_U6_Teaser_Profil_sito.jpg\",\"width\":1800,\"height\":1200,\"caption\":\"World EV Day Aiways U6\"},{\"@type\":\"BreadcrumbList\",\"@id\":\"https:\\\/\\\/www.anicecommunication.com\\\/it\\\/world-ev-day-aiways-svela-le-prime-immagini-del-suv-coupe-u6-di-serie\\\/#breadcrumb\",\"itemListElement\":[{\"@type\":\"ListItem\",\"position\":1,\"name\":\"Home\",\"item\":\"https:\\\/\\\/www.anicecommunication.com\\\/it\\\/\"},{\"@type\":\"ListItem\",\"position\":2,\"name\":\"World EV Day: Aiways svela le prime immagini del SUV-Coup\u00e9 U6 di serie\"}]},{\"@type\":\"WebSite\",\"@id\":\"https:\\\/\\\/www.anicecommunication.com\\\/it\\\/#website\",\"url\":\"https:\\\/\\\/www.anicecommunication.com\\\/it\\\/\",\"name\":\"IT Anice Communication\",\"description\":\"Anicecommunication agenzia di pubbliche relazioni,  ufficio stampa, media relations, automotive e mobility a livello internazionale - Torino\",\"publisher\":{\"@id\":\"https:\\\/\\\/www.anicecommunication.com\\\/it\\\/#organization\"},\"potentialAction\":[{\"@type\":\"SearchAction\",\"target\":{\"@type\":\"EntryPoint\",\"urlTemplate\":\"https:\\\/\\\/www.anicecommunication.com\\\/it\\\/?s={search_term_string}\"},\"query-input\":{\"@type\":\"PropertyValueSpecification\",\"valueRequired\":true,\"valueName\":\"search_term_string\"}}],\"inLanguage\":\"it-IT\"},{\"@type\":\"Organization\",\"@id\":\"https:\\\/\\\/www.anicecommunication.com\\\/it\\\/#organization\",\"name\":\"Anice SRL - Agenzia di comunicazione, mobility and automotive media relations & PR in Italia, Europa\",\"alternateName\":\"Anicecommunication\",\"url\":\"https:\\\/\\\/www.anicecommunication.com\\\/it\\\/\",\"logo\":{\"@type\":\"ImageObject\",\"inLanguage\":\"it-IT\",\"@id\":\"https:\\\/\\\/www.anicecommunication.com\\\/it\\\/#\\\/schema\\\/logo\\\/image\\\/\",\"url\":\"https:\\\/\\\/www.anicecommunication.com\\\/it\\\/wp-content\\\/uploads\\\/sites\\\/3\\\/2023\\\/06\\\/Anice_696x696.jpg\",\"contentUrl\":\"https:\\\/\\\/www.anicecommunication.com\\\/it\\\/wp-content\\\/uploads\\\/sites\\\/3\\\/2023\\\/06\\\/Anice_696x696.jpg\",\"width\":696,\"height\":696,\"caption\":\"Anice SRL - Agenzia di comunicazione, mobility and automotive media relations & PR in Italia, Europa\"},\"image\":{\"@id\":\"https:\\\/\\\/www.anicecommunication.com\\\/it\\\/#\\\/schema\\\/logo\\\/image\\\/\"},\"sameAs\":[\"https:\\\/\\\/www.facebook.com\\\/anicecommunication\",\"https:\\\/\\\/x.com\\\/Anicecom\",\"https:\\\/\\\/instagram.com\\\/anicecom\\\/\",\"https:\\\/\\\/www.linkedin.com\\\/company\\\/anice-s-r-l-\"]},{\"@type\":\"Person\",\"@id\":\"https:\\\/\\\/www.anicecommunication.com\\\/it\\\/#\\\/schema\\\/person\\\/d8f9046f11c2ab1ff15f1d0d580184d8\",\"name\":\"Editorial Staff\",\"image\":{\"@type\":\"ImageObject\",\"inLanguage\":\"it-IT\",\"@id\":\"https:\\\/\\\/secure.gravatar.com\\\/avatar\\\/62128a8e64953c282b330a12e5b592d8bc5d299b46ab0e6928129ae0d79e528a?s=96&d=mm&r=g\",\"url\":\"https:\\\/\\\/secure.gravatar.com\\\/avatar\\\/62128a8e64953c282b330a12e5b592d8bc5d299b46ab0e6928129ae0d79e528a?s=96&d=mm&r=g\",\"contentUrl\":\"https:\\\/\\\/secure.gravatar.com\\\/avatar\\\/62128a8e64953c282b330a12e5b592d8bc5d299b46ab0e6928129ae0d79e528a?s=96&d=mm&r=g\",\"caption\":\"Editorial Staff\"},\"description\":\"La redazione di Anicecommunication \u00e8 composta da giornalisti, esperti di comunicazione e marketing, content manager e storyteller.\",\"sameAs\":[\"http:\\\/\\\/www.anicecommunication.com\",\"https:\\\/\\\/www.facebook.com\\\/anicecommunication\",\"https:\\\/\\\/x.com\\\/anicecom\"]}]}<\/script>\n<!-- \/ Yoast SEO plugin. -->","yoast_head_json":{"title":"World EV Day: Aiways svela le prime immagini del SUV-Coup\u00e9 U6","description":"Il 9 settembre 2022 \u00e8 la Giornata Mondiale dei Veicoli Elettrici (World EV Day) e Aiways festeggia con un'anteprima speciale","robots":{"index":"index","follow":"follow","max-snippet":"max-snippet:-1","max-image-preview":"max-image-preview:large","max-video-preview":"max-video-preview:-1"},"canonical":"https:\/\/www.anicecommunication.com\/it\/world-ev-day-aiways-svela-le-prime-immagini-del-suv-coupe-u6-di-serie\/","og_locale":"it_IT","og_type":"article","og_title":"World EV Day: Aiways svela le prime immagini del SUV-Coup\u00e9 U6","og_description":"Il 9 settembre 2022 \u00e8 la Giornata Mondiale dei Veicoli Elettrici (World EV Day) e Aiways festeggia con un'anteprima speciale","og_url":"https:\/\/www.anicecommunication.com\/it\/world-ev-day-aiways-svela-le-prime-immagini-del-suv-coupe-u6-di-serie\/","og_site_name":"IT Anice Communication","article_publisher":"https:\/\/www.facebook.com\/anicecommunication","article_author":"https:\/\/www.facebook.com\/anicecommunication","article_published_time":"2022-09-09T09:15:13+00:00","og_image":[{"width":1800,"height":1200,"url":"https:\/\/www.anicecommunication.com\/it\/wp-content\/uploads\/sites\/3\/2022\/09\/Aiways_U6_Teaser_Profil_sito.jpg","type":"image\/jpeg"}],"author":"Editorial Staff","twitter_misc":{"Scritto da":"Editorial Staff","Tempo di lettura stimato":"5 minuti"},"schema":{"@context":"https:\/\/schema.org","@graph":[{"@type":"Article","@id":"https:\/\/www.anicecommunication.com\/it\/world-ev-day-aiways-svela-le-prime-immagini-del-suv-coupe-u6-di-serie\/#article","isPartOf":{"@id":"https:\/\/www.anicecommunication.com\/it\/world-ev-day-aiways-svela-le-prime-immagini-del-suv-coupe-u6-di-serie\/"},"author":{"name":"Editorial Staff","@id":"https:\/\/www.anicecommunication.com\/it\/#\/schema\/person\/d8f9046f11c2ab1ff15f1d0d580184d8"},"headline":"World EV Day: Aiways svela le prime immagini del SUV-Coup\u00e9 U6 di serie","datePublished":"2022-09-09T09:15:13+00:00","mainEntityOfPage":{"@id":"https:\/\/www.anicecommunication.com\/it\/world-ev-day-aiways-svela-le-prime-immagini-del-suv-coupe-u6-di-serie\/"},"wordCount":654,"publisher":{"@id":"https:\/\/www.anicecommunication.com\/it\/#organization"},"image":{"@id":"https:\/\/www.anicecommunication.com\/it\/world-ev-day-aiways-svela-le-prime-immagini-del-suv-coupe-u6-di-serie\/#primaryimage"},"thumbnailUrl":"https:\/\/www.anicecommunication.com\/it\/wp-content\/uploads\/sites\/3\/2022\/09\/Aiways_U6_Teaser_Profil_sito.jpg","keywords":["aiways","Aiways U6","teaser Aiways U6","ufficio stampa aiways italia","World EV Day"],"articleSection":["Aiways","Press Room","What A Nice Blog!"],"inLanguage":"it-IT"},{"@type":"WebPage","@id":"https:\/\/www.anicecommunication.com\/it\/world-ev-day-aiways-svela-le-prime-immagini-del-suv-coupe-u6-di-serie\/","url":"https:\/\/www.anicecommunication.com\/it\/world-ev-day-aiways-svela-le-prime-immagini-del-suv-coupe-u6-di-serie\/","name":"World EV Day: Aiways svela le prime immagini del SUV-Coup\u00e9 U6","isPartOf":{"@id":"https:\/\/www.anicecommunication.com\/it\/#website"},"primaryImageOfPage":{"@id":"https:\/\/www.anicecommunication.com\/it\/world-ev-day-aiways-svela-le-prime-immagini-del-suv-coupe-u6-di-serie\/#primaryimage"},"image":{"@id":"https:\/\/www.anicecommunication.com\/it\/world-ev-day-aiways-svela-le-prime-immagini-del-suv-coupe-u6-di-serie\/#primaryimage"},"thumbnailUrl":"https:\/\/www.anicecommunication.com\/it\/wp-content\/uploads\/sites\/3\/2022\/09\/Aiways_U6_Teaser_Profil_sito.jpg","datePublished":"2022-09-09T09:15:13+00:00","description":"Il 9 settembre 2022 \u00e8 la Giornata Mondiale dei Veicoli Elettrici (World EV Day) e Aiways festeggia con un'anteprima speciale","breadcrumb":{"@id":"https:\/\/www.anicecommunication.com\/it\/world-ev-day-aiways-svela-le-prime-immagini-del-suv-coupe-u6-di-serie\/#breadcrumb"},"inLanguage":"it-IT","potentialAction":[{"@type":"ReadAction","target":["https:\/\/www.anicecommunication.com\/it\/world-ev-day-aiways-svela-le-prime-immagini-del-suv-coupe-u6-di-serie\/"]}]},{"@type":"ImageObject","inLanguage":"it-IT","@id":"https:\/\/www.anicecommunication.com\/it\/world-ev-day-aiways-svela-le-prime-immagini-del-suv-coupe-u6-di-serie\/#primaryimage","url":"https:\/\/www.anicecommunication.com\/it\/wp-content\/uploads\/sites\/3\/2022\/09\/Aiways_U6_Teaser_Profil_sito.jpg","contentUrl":"https:\/\/www.anicecommunication.com\/it\/wp-content\/uploads\/sites\/3\/2022\/09\/Aiways_U6_Teaser_Profil_sito.jpg","width":1800,"height":1200,"caption":"World EV Day Aiways U6"},{"@type":"BreadcrumbList","@id":"https:\/\/www.anicecommunication.com\/it\/world-ev-day-aiways-svela-le-prime-immagini-del-suv-coupe-u6-di-serie\/#breadcrumb","itemListElement":[{"@type":"ListItem","position":1,"name":"Home","item":"https:\/\/www.anicecommunication.com\/it\/"},{"@type":"ListItem","position":2,"name":"World EV Day: Aiways svela le prime immagini del SUV-Coup\u00e9 U6 di serie"}]},{"@type":"WebSite","@id":"https:\/\/www.anicecommunication.com\/it\/#website","url":"https:\/\/www.anicecommunication.com\/it\/","name":"IT Anice Communication","description":"Anicecommunication agenzia di pubbliche relazioni,  ufficio stampa, media relations, automotive e mobility a livello internazionale - Torino","publisher":{"@id":"https:\/\/www.anicecommunication.com\/it\/#organization"},"potentialAction":[{"@type":"SearchAction","target":{"@type":"EntryPoint","urlTemplate":"https:\/\/www.anicecommunication.com\/it\/?s={search_term_string}"},"query-input":{"@type":"PropertyValueSpecification","valueRequired":true,"valueName":"search_term_string"}}],"inLanguage":"it-IT"},{"@type":"Organization","@id":"https:\/\/www.anicecommunication.com\/it\/#organization","name":"Anice SRL - Agenzia di comunicazione, mobility and automotive media relations & PR in Italia, Europa","alternateName":"Anicecommunication","url":"https:\/\/www.anicecommunication.com\/it\/","logo":{"@type":"ImageObject","inLanguage":"it-IT","@id":"https:\/\/www.anicecommunication.com\/it\/#\/schema\/logo\/image\/","url":"https:\/\/www.anicecommunication.com\/it\/wp-content\/uploads\/sites\/3\/2023\/06\/Anice_696x696.jpg","contentUrl":"https:\/\/www.anicecommunication.com\/it\/wp-content\/uploads\/sites\/3\/2023\/06\/Anice_696x696.jpg","width":696,"height":696,"caption":"Anice SRL - Agenzia di comunicazione, mobility and automotive media relations & PR in Italia, Europa"},"image":{"@id":"https:\/\/www.anicecommunication.com\/it\/#\/schema\/logo\/image\/"},"sameAs":["https:\/\/www.facebook.com\/anicecommunication","https:\/\/x.com\/Anicecom","https:\/\/instagram.com\/anicecom\/","https:\/\/www.linkedin.com\/company\/anice-s-r-l-"]},{"@type":"Person","@id":"https:\/\/www.anicecommunication.com\/it\/#\/schema\/person\/d8f9046f11c2ab1ff15f1d0d580184d8","name":"Editorial Staff","image":{"@type":"ImageObject","inLanguage":"it-IT","@id":"https:\/\/secure.gravatar.com\/avatar\/62128a8e64953c282b330a12e5b592d8bc5d299b46ab0e6928129ae0d79e528a?s=96&d=mm&r=g","url":"https:\/\/secure.gravatar.com\/avatar\/62128a8e64953c282b330a12e5b592d8bc5d299b46ab0e6928129ae0d79e528a?s=96&d=mm&r=g","contentUrl":"https:\/\/secure.gravatar.com\/avatar\/62128a8e64953c282b330a12e5b592d8bc5d299b46ab0e6928129ae0d79e528a?s=96&d=mm&r=g","caption":"Editorial Staff"},"description":"La redazione di Anicecommunication \u00e8 composta da giornalisti, esperti di comunicazione e marketing, content manager e storyteller.","sameAs":["http:\/\/www.anicecommunication.com","https:\/\/www.facebook.com\/anicecommunication","https:\/\/x.com\/anicecom"]}]}},"_links":{"self":[{"href":"https:\/\/www.anicecommunication.com\/it\/wp-json\/wp\/v2\/posts\/19854","targetHints":{"allow":["GET"]}}],"collection":[{"href":"https:\/\/www.anicecommunication.com\/it\/wp-json\/wp\/v2\/posts"}],"about":[{"href":"https:\/\/www.anicecommunication.com\/it\/wp-json\/wp\/v2\/types\/post"}],"author":[{"embeddable":true,"href":"https:\/\/www.anicecommunication.com\/it\/wp-json\/wp\/v2\/users\/1"}],"replies":[{"embeddable":true,"href":"https:\/\/www.anicecommunication.com\/it\/wp-json\/wp\/v2\/comments?post=19854"}],"version-history":[{"count":1,"href":"https:\/\/www.anicecommunication.com\/it\/wp-json\/wp\/v2\/posts\/19854\/revisions"}],"predecessor-version":[{"id":19859,"href":"https:\/\/www.anicecommunication.com\/it\/wp-json\/wp\/v2\/posts\/19854\/revisions\/19859"}],"wp:featuredmedia":[{"embeddable":true,"href":"https:\/\/www.anicecommunication.com\/it\/wp-json\/wp\/v2\/media\/19858"}],"wp:attachment":[{"href":"https:\/\/www.anicecommunication.com\/it\/wp-json\/wp\/v2\/media?parent=19854"}],"wp:term":[{"taxonomy":"category","embeddable":true,"href":"https:\/\/www.anicecommunication.com\/it\/wp-json\/wp\/v2\/categories?post=19854"},{"taxonomy":"post_tag","embeddable":true,"href":"https:\/\/www.anicecommunication.com\/it\/wp-json\/wp\/v2\/tags?post=19854"}],"curies":[{"name":"wp","href":"https:\/\/api.w.org\/{rel}","templated":true}]}}