{"id":19964,"date":"2022-09-28T12:57:20","date_gmt":"2022-09-28T10:57:20","guid":{"rendered":"https:\/\/www.anicecommunication.com\/it\/?p=19964"},"modified":"2022-09-28T13:19:00","modified_gmt":"2022-09-28T11:19:00","slug":"byd-annuncia-i-prezzi-della-gamma-europea-di-autovetture","status":"publish","type":"post","link":"https:\/\/www.anicecommunication.com\/it\/byd-annuncia-i-prezzi-della-gamma-europea-di-autovetture\/","title":{"rendered":"BYD annuncia i prezzi della gamma europea di autovetture"},"content":{"rendered":"<ul>\n<li><strong>BYD sbarca in Europa con una gamma di auto elettriche<\/strong><!--more--><\/li>\n<li><strong>In Germania, BYD ATTO 3, SUV del segmento C, pu\u00f2 essere ordinata al prezzo di 38.000 euro, mentre BYD HAN e BYD TANG a 72.000 euro<\/strong><\/li>\n<li><strong>I prezzi definitivi e le specifiche dei veicoli saranno annunciati al Salone dell&#8217;Automobile di Parigi in ottobre<\/strong><\/li>\n<li><strong>Per assistere alla presentazione della gamma BYD Europe: <\/strong><a href=\"https:\/\/byd-event.com\/live\" target=\"_blank\" rel=\"noopener\"><strong>byd.com<\/strong><\/a><\/li>\n<\/ul>\n<p><strong>Rotterdam (Paesi Bassi), 28 settembre 2022 \u2013 <\/strong>BYD annuncia i prezzi a cui \u00e8 possibile ordinare la sua nuova gamma di autovetture per l\u2019Europa. Il prezzo comunicato \u00e8 relativo alla Germania e pu\u00f2 essere un primo riferimento per gli altri paesi interessati dall\u2019avvio della commercializzazione, tenendo conto tasse e altri costi di acquisto possono incidere sul valore finale.<\/p>\n<p>BYD, leader mondiale nella produzione di veicoli elettrici e di batterie, introduce nel Vecchio Continente tre autovetture completamente elettriche che saranno ordinabili fin da subito in Norvegia, Svezia, Danimarca, Paesi Bassi, Belgio, Lussemburgo e Germania. I clienti di Francia e Regno Unito avranno accesso ai veicoli a zero emissioni di BYD entro la fine dell&#8217;anno. In seguito, a supporto dei piani di BYD, saranno nominati altri concessionari che andranno a coprire tutti i principali mercati europei, tra cui Italia e Spagna.<\/p>\n<p>BYD ATTO 3 sar\u00e0 ordinabile in Germania al prezzo di 38.000 euro mentre la berlina sportiva HAN e il SUV a 7 posti TANG saranno disponibili a partire da 72.000 euro.<\/p>\n<p>I tre veicoli BYD completamente elettrici sono tecnologicamente avanzati e si adattano alle aspettative e alle esigenze dei clienti europei. BYD HAN, BYD TANG e BYD ATTO 3 saranno esposte al Salone dell&#8217;Automobile di Parigi di quest&#8217;anno, in ottobre.<\/p>\n<p><a href=\"https:\/\/www.anicecommunication.com\/it\/wp-content\/uploads\/sites\/3\/2022\/09\/BYD_Europe-Product_Premiere-2022_sito.jpg\"><img decoding=\"async\" class=\"aligncenter size-full wp-image-19969\" src=\"https:\/\/www.anicecommunication.com\/it\/wp-content\/uploads\/sites\/3\/2022\/09\/BYD_Europe-Product_Premiere-2022_sito.jpg\" alt=\"BYD prezzi gamma europea\" width=\"1280\" height=\"720\" srcset=\"https:\/\/www.anicecommunication.com\/it\/wp-content\/uploads\/sites\/3\/2022\/09\/BYD_Europe-Product_Premiere-2022_sito-200x113.jpg 200w, https:\/\/www.anicecommunication.com\/it\/wp-content\/uploads\/sites\/3\/2022\/09\/BYD_Europe-Product_Premiere-2022_sito-300x169.jpg 300w, https:\/\/www.anicecommunication.com\/it\/wp-content\/uploads\/sites\/3\/2022\/09\/BYD_Europe-Product_Premiere-2022_sito-400x225.jpg 400w, https:\/\/www.anicecommunication.com\/it\/wp-content\/uploads\/sites\/3\/2022\/09\/BYD_Europe-Product_Premiere-2022_sito-600x338.jpg 600w, https:\/\/www.anicecommunication.com\/it\/wp-content\/uploads\/sites\/3\/2022\/09\/BYD_Europe-Product_Premiere-2022_sito-768x432.jpg 768w, https:\/\/www.anicecommunication.com\/it\/wp-content\/uploads\/sites\/3\/2022\/09\/BYD_Europe-Product_Premiere-2022_sito-800x450.jpg 800w, https:\/\/www.anicecommunication.com\/it\/wp-content\/uploads\/sites\/3\/2022\/09\/BYD_Europe-Product_Premiere-2022_sito-1024x576.jpg 1024w, https:\/\/www.anicecommunication.com\/it\/wp-content\/uploads\/sites\/3\/2022\/09\/BYD_Europe-Product_Premiere-2022_sito-1200x675.jpg 1200w, https:\/\/www.anicecommunication.com\/it\/wp-content\/uploads\/sites\/3\/2022\/09\/BYD_Europe-Product_Premiere-2022_sito.jpg 1280w\" sizes=\"(max-width: 1280px) 100vw, 1280px\" \/><\/a><\/p>\n<p style=\"text-align: center;\"><em>BYD Europe Product Premiere 2022<\/em><\/p>\n<p>Per il presidente di BYD, Wang Chuanfu, che ha fondato l&#8217;azienda nel 1995, il lancio sul mercato europeo delle autovetture del marchio \u00e8 una delle pietre miliari pi\u00f9 importanti. &#8220;L&#8217;Europa \u00e8 la culla dell&#8217;industria automobilistica e ha un forte spirito di innovazione. Gli europei stanno compiendo un grande, comune sforzo per accelerare l&#8217;elettrificazione dell&#8217;automobile e l&#8217;Europa rappresenta il principale mercato trainante per il progresso dei veicoli elettrici. Siamo quindi orgogliosi che BYD possa iniziare a contribuire all&#8217;adozione di automobili a zero emissioni in cos\u00ec tanti mercati locali, pressoch\u00e9 contemporaneamente. Non vediamo l&#8217;ora di collaborare con i migliori concessionari europei e partner industriali per creare prodotti di alta qualit\u00e0 con tecnologia rispettosa dell\u2019ambiente e offrire scelte ed esperienze diversificate a un maggior numero di consumatori&#8221;.<\/p>\n<p><strong>Progettate pensando al cliente europeo<\/strong><\/p>\n<p>La tecnologia avanzata \u00e8 alla base di ogni veicolo BYD, l&#8217;attenzione ai dettagli e i riferimenti culturali sono fondamentali per l&#8217;etica del design del marchio che fonde la millenaria cultura cinese con quella europea. Questo linguaggio di design distintivo si combina con caratteristiche eleganti e tecnologia innovativa per soddisfare le aspettative dello stile di vita moderno.<\/p>\n<p>BYD inizier\u00e0 il lancio in Europa con tre veicoli completamente elettrici. ATTO 3, lo spazioso SUV di categoria C, \u00e8 stato progettato pensando proprio al cliente europeo ed \u00e8 il primo SUV costruito sull\u2019avanzata piattaforma e-Platform 3.0 del brand. ATTO 3 porta l&#8217;innovazione BYD negli EV grazie alla pompa di calore di serie combinando estetica, intelligenza ed efficienza con una serie di caratteristiche di sicurezza, tra cui la rivoluzionaria Blade Battery. L&#8217;interno dell&#8217;abitacolo offre un&#8217;esperienza realmente digitale e connessa. Il Global Designer di BYD, Wolfgang Egger, e il suo team hanno creato un design espressivo e divertente, con un tocco di novit\u00e0. ATTO 3, con la sua silhouette distintiva e i cerchi in lega non passa certo inosservata nella sua categoria. \u00c8 una scelta versatile e interessante per molti consumatori europei. ATTO 3 dispone di una batteria da 60,48 kWh e offre una confortante autonomia di 420 chilometri (WLTP).<\/p>\n<p><a href=\"https:\/\/www.anicecommunication.com\/it\/wp-content\/uploads\/sites\/3\/2022\/09\/BYD_ATTO_3_sito.jpg\"><img decoding=\"async\" class=\"aligncenter size-full wp-image-19972\" src=\"https:\/\/www.anicecommunication.com\/it\/wp-content\/uploads\/sites\/3\/2022\/09\/BYD_ATTO_3_sito.jpg\" alt=\"BYD prezzi gamma europea - BYD ATTO 3\" width=\"1920\" height=\"1187\" srcset=\"https:\/\/www.anicecommunication.com\/it\/wp-content\/uploads\/sites\/3\/2022\/09\/BYD_ATTO_3_sito-200x124.jpg 200w, https:\/\/www.anicecommunication.com\/it\/wp-content\/uploads\/sites\/3\/2022\/09\/BYD_ATTO_3_sito-300x185.jpg 300w, https:\/\/www.anicecommunication.com\/it\/wp-content\/uploads\/sites\/3\/2022\/09\/BYD_ATTO_3_sito-400x247.jpg 400w, https:\/\/www.anicecommunication.com\/it\/wp-content\/uploads\/sites\/3\/2022\/09\/BYD_ATTO_3_sito-600x371.jpg 600w, https:\/\/www.anicecommunication.com\/it\/wp-content\/uploads\/sites\/3\/2022\/09\/BYD_ATTO_3_sito-768x475.jpg 768w, https:\/\/www.anicecommunication.com\/it\/wp-content\/uploads\/sites\/3\/2022\/09\/BYD_ATTO_3_sito-800x495.jpg 800w, https:\/\/www.anicecommunication.com\/it\/wp-content\/uploads\/sites\/3\/2022\/09\/BYD_ATTO_3_sito-1024x633.jpg 1024w, https:\/\/www.anicecommunication.com\/it\/wp-content\/uploads\/sites\/3\/2022\/09\/BYD_ATTO_3_sito-1200x742.jpg 1200w, https:\/\/www.anicecommunication.com\/it\/wp-content\/uploads\/sites\/3\/2022\/09\/BYD_ATTO_3_sito-1536x950.jpg 1536w, https:\/\/www.anicecommunication.com\/it\/wp-content\/uploads\/sites\/3\/2022\/09\/BYD_ATTO_3_sito.jpg 1920w\" sizes=\"(max-width: 1920px) 100vw, 1920px\" \/><\/a><\/p>\n<p style=\"text-align: center;\"><em>BYD ATTO 3, il primo SUV costruito sulla e-Platform 3.0 di BYD<\/em><\/p>\n<p>BYD HAN attira lo sguardo da ogni angolo la si guardi. L\u2019elegante e sportiva berlina di segmento E interpreta al meglio lo stile, con finiture di pregio all&#8217;interno e all&#8217;esterno, offrendo al contempo prestazioni di guida esaltanti e una reattivit\u00e0 superba. HAN \u00e8 dotata di due motori elettrici che generano un vero e proprio sistema di trazione integrale per garantire sicurezza e maneggevolezza. La potenza combinata del sistema a doppio motore fornisce un&#8217;impressionante potenza di 380 kW (516 CV) con un tempo di accelerazione da 0 a 100 km\/h di soli 3,9 secondi. HAN offre un&#8217;esperienza high-tech di prim&#8217;ordine che beneficia di alcune delle tecnologie pi\u00f9 avanzate del settore EV, tra cui l\u2019innovativa batteria a lama.<\/p>\n<p><a href=\"https:\/\/www.anicecommunication.com\/it\/wp-content\/uploads\/sites\/3\/2022\/09\/BYD_HAN_EV_sito.jpg\"><img decoding=\"async\" class=\"aligncenter size-full wp-image-19970\" src=\"https:\/\/www.anicecommunication.com\/it\/wp-content\/uploads\/sites\/3\/2022\/09\/BYD_HAN_EV_sito.jpg\" alt=\"BYD prezzi gamma europea - BYD HAN EV\" width=\"1920\" height=\"1020\" srcset=\"https:\/\/www.anicecommunication.com\/it\/wp-content\/uploads\/sites\/3\/2022\/09\/BYD_HAN_EV_sito-200x106.jpg 200w, https:\/\/www.anicecommunication.com\/it\/wp-content\/uploads\/sites\/3\/2022\/09\/BYD_HAN_EV_sito-300x159.jpg 300w, https:\/\/www.anicecommunication.com\/it\/wp-content\/uploads\/sites\/3\/2022\/09\/BYD_HAN_EV_sito-400x213.jpg 400w, https:\/\/www.anicecommunication.com\/it\/wp-content\/uploads\/sites\/3\/2022\/09\/BYD_HAN_EV_sito-600x319.jpg 600w, https:\/\/www.anicecommunication.com\/it\/wp-content\/uploads\/sites\/3\/2022\/09\/BYD_HAN_EV_sito-768x408.jpg 768w, https:\/\/www.anicecommunication.com\/it\/wp-content\/uploads\/sites\/3\/2022\/09\/BYD_HAN_EV_sito-800x425.jpg 800w, https:\/\/www.anicecommunication.com\/it\/wp-content\/uploads\/sites\/3\/2022\/09\/BYD_HAN_EV_sito-1024x544.jpg 1024w, https:\/\/www.anicecommunication.com\/it\/wp-content\/uploads\/sites\/3\/2022\/09\/BYD_HAN_EV_sito-1200x638.jpg 1200w, https:\/\/www.anicecommunication.com\/it\/wp-content\/uploads\/sites\/3\/2022\/09\/BYD_HAN_EV_sito-1536x816.jpg 1536w, https:\/\/www.anicecommunication.com\/it\/wp-content\/uploads\/sites\/3\/2022\/09\/BYD_HAN_EV_sito.jpg 1920w\" sizes=\"(max-width: 1920px) 100vw, 1920px\" \/><\/a><\/p>\n<p style=\"text-align: center;\"><em>BYD HAN EV, la berlina alto di gamma BYD<\/em><\/p>\n<p>BYD TANG, \u00e8 un SUV familiare a 7 posti che offre un&#8217;esperienza premium. Dotato di trazione integrale, \u00e8 entrato in grande stile nel competitivo segmento di mercato degli Sport Utility Vehicle elettrici fin dal suo lancio nel mercato pilota norvegese, lo scorso anno. TANG combina prestazioni entusiasmanti con comfort, spazio, efficienza e sicurezza e un\u2019esperienza di classe superiore a tutto tondo, grazie alle pi\u00f9 elevate e complete specifiche disponibili di serie. Anche TANG \u00e8 dotato della Blade Battery, l\u2019accumulatore all\u2019avanguardia e ultrasicuro, progettato per garantire sicurezza, durata ed efficienza ottimali ma anche prestazioni: passando da 0 a 100 km\/h in soli 4,6 secondi l&#8217;accelerazione \u00e8 davvero entusiasmante.<\/p>\n<p style=\"text-align: center;\"><a href=\"https:\/\/www.anicecommunication.com\/it\/wp-content\/uploads\/sites\/3\/2022\/09\/BYD_TANG_7_posti_sito.jpg\"><img decoding=\"async\" class=\"aligncenter size-full wp-image-19971\" src=\"https:\/\/www.anicecommunication.com\/it\/wp-content\/uploads\/sites\/3\/2022\/09\/BYD_TANG_7_posti_sito.jpg\" alt=\"BYD prezzi gamma europea - BYD TANG 7 posti\" width=\"1830\" height=\"1200\" srcset=\"https:\/\/www.anicecommunication.com\/it\/wp-content\/uploads\/sites\/3\/2022\/09\/BYD_TANG_7_posti_sito-200x131.jpg 200w, https:\/\/www.anicecommunication.com\/it\/wp-content\/uploads\/sites\/3\/2022\/09\/BYD_TANG_7_posti_sito-300x197.jpg 300w, https:\/\/www.anicecommunication.com\/it\/wp-content\/uploads\/sites\/3\/2022\/09\/BYD_TANG_7_posti_sito-400x262.jpg 400w, https:\/\/www.anicecommunication.com\/it\/wp-content\/uploads\/sites\/3\/2022\/09\/BYD_TANG_7_posti_sito-600x393.jpg 600w, https:\/\/www.anicecommunication.com\/it\/wp-content\/uploads\/sites\/3\/2022\/09\/BYD_TANG_7_posti_sito-768x504.jpg 768w, https:\/\/www.anicecommunication.com\/it\/wp-content\/uploads\/sites\/3\/2022\/09\/BYD_TANG_7_posti_sito-800x525.jpg 800w, https:\/\/www.anicecommunication.com\/it\/wp-content\/uploads\/sites\/3\/2022\/09\/BYD_TANG_7_posti_sito-1024x671.jpg 1024w, https:\/\/www.anicecommunication.com\/it\/wp-content\/uploads\/sites\/3\/2022\/09\/BYD_TANG_7_posti_sito-1200x787.jpg 1200w, https:\/\/www.anicecommunication.com\/it\/wp-content\/uploads\/sites\/3\/2022\/09\/BYD_TANG_7_posti_sito-1536x1007.jpg 1536w, https:\/\/www.anicecommunication.com\/it\/wp-content\/uploads\/sites\/3\/2022\/09\/BYD_TANG_7_posti_sito.jpg 1830w\" sizes=\"(max-width: 1830px) 100vw, 1830px\" \/><\/a><em>Il SUV 7 posti full electric a trazione integrale BYD TANG<\/em><\/p>\n<p>&#8220;Il design di BYD \u00e8 incisivo ed emozionale, oltre che pulito e stimolante&#8221;, afferma il Global Designer di BYD Wolfgang Egger. &#8220;Per la progettazione della gamma BYD ci siamo ispirati al volto del drago, un\u2019icona immaginifica del Regno di Mezzo. BYD HAN si distingue per le linee filanti che caratterizzano le auto sportive europee mentre TANG punta a una sofisticata concretezza. Un altro elemento caratteristico \u00e8 la purezza: ci siamo impegnati a dare forma a questa sensazione combinando uno stile 3D con un tocco classico. Con il design della BYD ATTO 3 desideriamo trasmettere freschezza, spaziosit\u00e0 e modernit\u00e0, un mix capace di soddisfare i giovani e le famiglie. ATTO 3 \u00e8 caratterizzata da uno stile che abbiamo denominato &#8220;Dragon Face Design&#8221;. I caratteristici baffi, la pelle e gli occhi da drago sono tutti elementi che trovano rappresentazione nella ATTO 3. L&#8217;ispirazione per alcuni dettagli interni l&#8217;abbiamo trovata in palestra e nella musica. Ad esempio, le maniglie delle portiere, i braccioli e i parafanghi ricordano i bilancieri e diversi attrezzi per il fitness. Nei pannelli delle porte abbiamo invece integrato delle corde che se toccate suonano come un basso. Oltre a essere piuttosto divertenti, hanno una funzione pratica per lo stoccaggio di accessori&#8221;.<\/p>\n<p><a href=\"https:\/\/www.anicecommunication.com\/it\/wp-content\/uploads\/sites\/3\/2022\/09\/BYD_gamma.png\"><img decoding=\"async\" class=\"aligncenter size-full wp-image-19974\" src=\"https:\/\/www.anicecommunication.com\/it\/wp-content\/uploads\/sites\/3\/2022\/09\/BYD_gamma.png\" alt=\"BYD prezzi gamma europea\" width=\"1269\" height=\"713\" srcset=\"https:\/\/www.anicecommunication.com\/it\/wp-content\/uploads\/sites\/3\/2022\/09\/BYD_gamma-200x112.png 200w, https:\/\/www.anicecommunication.com\/it\/wp-content\/uploads\/sites\/3\/2022\/09\/BYD_gamma-300x169.png 300w, https:\/\/www.anicecommunication.com\/it\/wp-content\/uploads\/sites\/3\/2022\/09\/BYD_gamma-400x225.png 400w, https:\/\/www.anicecommunication.com\/it\/wp-content\/uploads\/sites\/3\/2022\/09\/BYD_gamma-600x337.png 600w, https:\/\/www.anicecommunication.com\/it\/wp-content\/uploads\/sites\/3\/2022\/09\/BYD_gamma-768x432.png 768w, https:\/\/www.anicecommunication.com\/it\/wp-content\/uploads\/sites\/3\/2022\/09\/BYD_gamma-800x449.png 800w, https:\/\/www.anicecommunication.com\/it\/wp-content\/uploads\/sites\/3\/2022\/09\/BYD_gamma-1024x575.png 1024w, https:\/\/www.anicecommunication.com\/it\/wp-content\/uploads\/sites\/3\/2022\/09\/BYD_gamma-1200x674.png 1200w, https:\/\/www.anicecommunication.com\/it\/wp-content\/uploads\/sites\/3\/2022\/09\/BYD_gamma.png 1269w\" sizes=\"(max-width: 1269px) 100vw, 1269px\" \/><\/a><\/p>\n<p style=\"text-align: center;\"><em>BYD annuncia i prezzi della gamma europea di autovetture <i>(riferiti al\u00a0<\/i><i>mercato tedesco)<\/i><i><br \/>\n<\/i><\/em><\/p>\n<p><strong>La competenza di BYD nella realizzazione di batterie di alimentazione e nella EV Core Technology all&#8217;avanguardia<\/strong><\/p>\n<p>L&#8217;innovazione tecnologica di BYD, riconosciuta a livello mondiale, \u00e8 parte integrante delle sue autovetture elettriche. Negli ultimi decenni, BYD si \u00e8 dedicata ad acquisire piena padronanza nelle tecnologie avanzate delle batterie al litio ferro fosfato prive di cobalto, dei motori elettrici, dei sistemi di controllo elettronico e dei chip per il settore automobilistico.<\/p>\n<p>Da questo considerevole lavoro di ricerca e sviluppo \u00e8 nata l&#8217;innovativa Blade Battery, che sta rivoluzionando la sicurezza, la durata e le prestazioni del settore dei veicoli elettrici. Questa expertise svolge un\u2019azione sinergica con la competenza di BYD nello sviluppo di propulsori elettrici per ottenere il massimo dell&#8217;efficienza del sistema e dell&#8217;intelligenza integrata del veicolo. La risposta di BYD \u00e8 la e-Platform 3.0 ultra-intelligente di nuova generazione, capace di offrire prestazioni ottimali e una migliore esperienza di guida. BYD dispone infatti della catena di fornitura verticale per la realizzazione di veicoli elettrici e si giova cos\u00ec di un&#8217;integrazione perfetta e di un controllo totale della produzione, compresa quella di semiconduttori.<\/p>\n<p><strong>BYD offre una garanzia di 8 anni sulle batterie di alimentazione<\/strong><\/p>\n<p>Michael Shu, General Manager e Managing Director della BYD Europe and International Cooperation Division, ha dichiarato: &#8220;L&#8217;innovazione tecnologica deve essere sicura, affidabile, confortevole e accessibile. \u00c8 questo il nostro obiettivo. Nei primi otto mesi di quest&#8217;anno, BYD ha prodotto 1 milione di EV, una cifra mai raggiunta finora nel settore. I clienti europei sono molto esigenti per quanto riguarda le soluzioni di mobilit\u00e0 e per questo abbiamo preparato con cura il nostro lancio sul mercato. BYD arriva in Europa con una gamma completa di nuove auto elettriche, all&#8217;altezza delle elevate aspettative dei clienti. Presentiamo veicoli affidabili, pratici e confortevoli con dotazioni di serie di alto livello. La fiducia nella nostra tecnologia e nella qualit\u00e0 dei nostri veicoli \u00e8 tale che le nostre auto vengono fornite con una garanzia sulla batteria di alimentazione di 8 anni&#8221;.<\/p>\n<p>BYD desidera condividere i vantaggi delle proprie auto elettriche con i consumatori europei. &#8220;Abbiamo un grande rispetto per l&#8217;industria automobilistica europea e per il suo ecosistema \u2013 continua Shu \u2013 che comprende gli ambiti di progettazione, R&amp;S, produzione, vendite, rete post-vendita e servizi. La nostra strategia consiste nel collaborare con rivenditori locali affermati e stimati che condividono la nostra visione, per fornire un servizio clienti di alto livello&#8221;.<\/p>\n<p><strong>Punti di forza dei prodotti BYD<\/strong><\/p>\n<p><strong>Gamma BYD<\/strong><\/p>\n<table width=\"576\">\n<tbody>\n<tr>\n<td width=\"151\"><strong>Caratteristiche<\/strong><\/td>\n<td width=\"142\"><strong>BYD ATTO 3<\/strong><\/td>\n<td width=\"142\"><strong>BYD TANG<\/strong><\/td>\n<td width=\"142\"><strong>BYD HAN<\/strong><\/td>\n<\/tr>\n<tr>\n<td width=\"151\">Dimensioni (L\/P\/A) (mm)<\/td>\n<td width=\"142\">4455\/1875\/1615<\/td>\n<td width=\"142\">4870\/1950\/1725<\/td>\n<td width=\"142\">4995\/1910\/1495<\/td>\n<\/tr>\n<tr>\n<td width=\"151\">Passo (mm)<\/td>\n<td width=\"142\">2720<\/td>\n<td width=\"142\">2820<\/td>\n<td width=\"142\">2920<\/td>\n<\/tr>\n<tr>\n<td width=\"151\">Trazione<\/td>\n<td width=\"142\">anteriore<\/td>\n<td width=\"142\">integrale<\/td>\n<td width=\"142\">integrale<\/td>\n<\/tr>\n<tr>\n<td width=\"151\">Velocit\u00e0 max (km\/h)<\/td>\n<td width=\"142\">160<\/td>\n<td width=\"142\">180<\/td>\n<td width=\"142\">180<\/td>\n<\/tr>\n<tr>\n<td width=\"151\">Potenza (kW)<\/td>\n<td width=\"142\">150<\/td>\n<td width=\"142\">380<\/td>\n<td width=\"142\">380<\/td>\n<\/tr>\n<tr>\n<td width=\"151\">Accelerazione 0-100km\/h\u00a0(s)<\/td>\n<td width=\"142\">7,3<\/td>\n<td width=\"142\">4,6<\/td>\n<td width=\"142\">3,9<\/td>\n<\/tr>\n<tr>\n<td width=\"151\">Dimensioni ruote (pollici)<\/td>\n<td width=\"142\">18\u201d<\/td>\n<td width=\"142\">22\u201c<\/td>\n<td width=\"142\">19\u201d<\/td>\n<\/tr>\n<tr>\n<td width=\"151\">Autonomia (km)<\/td>\n<td width=\"142\">420\u00a0(combinato WLTP)<\/td>\n<td width=\"142\">400\u00a0(combinato WLTP)<\/td>\n<td width=\"142\">521\u00a0(combinato WLTP)<\/td>\n<\/tr>\n<tr>\n<td width=\"151\">Bagagliaio (l)<\/td>\n<td width=\"142\">440\/1338<\/td>\n<td width=\"142\">235\/940\/1655<\/td>\n<td width=\"142\">410<\/td>\n<\/tr>\n<tr>\n<td width=\"151\">Posti a sedere (occupanti)<\/td>\n<td width=\"142\">5<\/td>\n<td width=\"142\">7<\/td>\n<td width=\"142\">5<\/td>\n<\/tr>\n<tr>\n<td width=\"151\">Tipo di batteria<\/td>\n<td width=\"142\">Blade Battery BYD (LFP)<\/td>\n<td width=\"142\">Blade Battery BYD (LFP)<\/td>\n<td width=\"142\">Blade Battery BYD (LFP)<\/td>\n<\/tr>\n<tr>\n<td width=\"151\">Capacit\u00e0 nominale (kWh)<\/td>\n<td width=\"142\">60,48<\/td>\n<td width=\"142\">86,4<\/td>\n<td width=\"142\">85,4<\/td>\n<\/tr>\n<tr>\n<td width=\"151\">Ricarica CC, (30-80% min)<\/td>\n<td width=\"142\">29<\/td>\n<td width=\"142\">30<\/td>\n<td width=\"142\">30<\/td>\n<\/tr>\n<tr>\n<td width=\"151\">Tettuccio panoramico<\/td>\n<td width=\"142\">Standard<\/td>\n<td width=\"142\">Standard<\/td>\n<td width=\"142\">Standard<\/td>\n<\/tr>\n<\/tbody>\n<\/table>\n<p><em>Le specifiche dettagliate saranno annunciate in prossimit\u00e0 della presentazione ufficiale al Salone dell\u2019Automobile di Parigi.<\/em><\/p>\n<p><a href=\"https:\/\/www.anicecommunication.com\/it\/media-relations\/\">Ufficio Stampa\u00a0<\/a>\u2013\u00a0<a href=\"https:\/\/www.anicecommunication.com\/it\/agenzia-di-comunicazione\/\">Anicecommunication<\/a><\/p>\n","protected":false},"excerpt":{"rendered":"<p>BYD sbarca in Europa con una gamma di auto elettriche<\/p>\n","protected":false},"author":1,"featured_media":19969,"comment_status":"closed","ping_status":"closed","sticky":false,"template":"","format":"standard","meta":{"footnotes":""},"categories":[990,467,80],"tags":[1092,921,1090,1151,1091],"class_list":["post-19964","post","type-post","status-publish","format-standard","has-post-thumbnail","hentry","category-byd","category-press_room","category-blog-anicecommunication","tag-byd-atto-3","tag-byd-auto-elettriche","tag-byd-han","tag-byd-prezzi-gamma-europea","tag-byd-tang"],"yoast_head":"<!-- This site is optimized with the Yoast SEO plugin v27.4 - https:\/\/yoast.com\/product\/yoast-seo-wordpress\/ -->\n<title>BYD annuncia i prezzi della gamma europea di autovetture<\/title>\n<meta name=\"description\" content=\"BYD prezzi gamma europea: BYD sbarca in Europa e annuncia i prezzi di BYD ATTO 3, BYD HAN EV e BYD TANG 7 posti\" \/>\n<meta name=\"robots\" content=\"index, follow, max-snippet:-1, max-image-preview:large, max-video-preview:-1\" \/>\n<link rel=\"canonical\" href=\"https:\/\/www.anicecommunication.com\/it\/byd-annuncia-i-prezzi-della-gamma-europea-di-autovetture\/\" \/>\n<meta property=\"og:locale\" content=\"it_IT\" \/>\n<meta property=\"og:type\" content=\"article\" \/>\n<meta property=\"og:title\" content=\"BYD annuncia i prezzi della gamma europea di autovetture\" \/>\n<meta property=\"og:description\" content=\"BYD prezzi gamma europea: BYD sbarca in Europa e annuncia i prezzi di BYD ATTO 3, BYD HAN EV e BYD TANG 7 posti\" \/>\n<meta property=\"og:url\" content=\"https:\/\/www.anicecommunication.com\/it\/byd-annuncia-i-prezzi-della-gamma-europea-di-autovetture\/\" \/>\n<meta property=\"og:site_name\" content=\"IT Anice Communication\" \/>\n<meta property=\"article:publisher\" content=\"https:\/\/www.facebook.com\/anicecommunication\" \/>\n<meta property=\"article:author\" content=\"https:\/\/www.facebook.com\/anicecommunication\" \/>\n<meta property=\"article:published_time\" content=\"2022-09-28T10:57:20+00:00\" \/>\n<meta property=\"article:modified_time\" content=\"2022-09-28T11:19:00+00:00\" \/>\n<meta property=\"og:image\" content=\"https:\/\/www.anicecommunication.com\/it\/wp-content\/uploads\/sites\/3\/2022\/09\/BYD_Europe-Product_Premiere-2022_sito.jpg\" \/>\n\t<meta property=\"og:image:width\" content=\"1280\" \/>\n\t<meta property=\"og:image:height\" content=\"720\" \/>\n\t<meta property=\"og:image:type\" content=\"image\/jpeg\" \/>\n<meta name=\"author\" content=\"Editorial Staff\" \/>\n<meta name=\"twitter:label1\" content=\"Scritto da\" \/>\n\t<meta name=\"twitter:data1\" content=\"Editorial Staff\" \/>\n\t<meta name=\"twitter:label2\" content=\"Tempo di lettura stimato\" \/>\n\t<meta name=\"twitter:data2\" content=\"10 minuti\" \/>\n<script type=\"application\/ld+json\" class=\"yoast-schema-graph\">{\"@context\":\"https:\\\/\\\/schema.org\",\"@graph\":[{\"@type\":\"Article\",\"@id\":\"https:\\\/\\\/www.anicecommunication.com\\\/it\\\/byd-annuncia-i-prezzi-della-gamma-europea-di-autovetture\\\/#article\",\"isPartOf\":{\"@id\":\"https:\\\/\\\/www.anicecommunication.com\\\/it\\\/byd-annuncia-i-prezzi-della-gamma-europea-di-autovetture\\\/\"},\"author\":{\"name\":\"Editorial Staff\",\"@id\":\"https:\\\/\\\/www.anicecommunication.com\\\/it\\\/#\\\/schema\\\/person\\\/d8f9046f11c2ab1ff15f1d0d580184d8\"},\"headline\":\"BYD annuncia i prezzi della gamma europea di autovetture\",\"datePublished\":\"2022-09-28T10:57:20+00:00\",\"dateModified\":\"2022-09-28T11:19:00+00:00\",\"mainEntityOfPage\":{\"@id\":\"https:\\\/\\\/www.anicecommunication.com\\\/it\\\/byd-annuncia-i-prezzi-della-gamma-europea-di-autovetture\\\/\"},\"wordCount\":1572,\"publisher\":{\"@id\":\"https:\\\/\\\/www.anicecommunication.com\\\/it\\\/#organization\"},\"image\":{\"@id\":\"https:\\\/\\\/www.anicecommunication.com\\\/it\\\/byd-annuncia-i-prezzi-della-gamma-europea-di-autovetture\\\/#primaryimage\"},\"thumbnailUrl\":\"https:\\\/\\\/www.anicecommunication.com\\\/it\\\/wp-content\\\/uploads\\\/sites\\\/3\\\/2022\\\/09\\\/BYD_Europe-Product_Premiere-2022_sito.jpg\",\"keywords\":[\"BYD ATTO 3\",\"BYD auto elettriche\",\"BYD HAN\",\"BYD prezzi gamma europea\",\"BYD TANG\"],\"articleSection\":[\"BYD\",\"Press Room\",\"What A Nice Blog!\"],\"inLanguage\":\"it-IT\"},{\"@type\":\"WebPage\",\"@id\":\"https:\\\/\\\/www.anicecommunication.com\\\/it\\\/byd-annuncia-i-prezzi-della-gamma-europea-di-autovetture\\\/\",\"url\":\"https:\\\/\\\/www.anicecommunication.com\\\/it\\\/byd-annuncia-i-prezzi-della-gamma-europea-di-autovetture\\\/\",\"name\":\"BYD annuncia i prezzi della gamma europea di autovetture\",\"isPartOf\":{\"@id\":\"https:\\\/\\\/www.anicecommunication.com\\\/it\\\/#website\"},\"primaryImageOfPage\":{\"@id\":\"https:\\\/\\\/www.anicecommunication.com\\\/it\\\/byd-annuncia-i-prezzi-della-gamma-europea-di-autovetture\\\/#primaryimage\"},\"image\":{\"@id\":\"https:\\\/\\\/www.anicecommunication.com\\\/it\\\/byd-annuncia-i-prezzi-della-gamma-europea-di-autovetture\\\/#primaryimage\"},\"thumbnailUrl\":\"https:\\\/\\\/www.anicecommunication.com\\\/it\\\/wp-content\\\/uploads\\\/sites\\\/3\\\/2022\\\/09\\\/BYD_Europe-Product_Premiere-2022_sito.jpg\",\"datePublished\":\"2022-09-28T10:57:20+00:00\",\"dateModified\":\"2022-09-28T11:19:00+00:00\",\"description\":\"BYD prezzi gamma europea: BYD sbarca in Europa e annuncia i prezzi di BYD ATTO 3, BYD HAN EV e BYD TANG 7 posti\",\"breadcrumb\":{\"@id\":\"https:\\\/\\\/www.anicecommunication.com\\\/it\\\/byd-annuncia-i-prezzi-della-gamma-europea-di-autovetture\\\/#breadcrumb\"},\"inLanguage\":\"it-IT\",\"potentialAction\":[{\"@type\":\"ReadAction\",\"target\":[\"https:\\\/\\\/www.anicecommunication.com\\\/it\\\/byd-annuncia-i-prezzi-della-gamma-europea-di-autovetture\\\/\"]}]},{\"@type\":\"ImageObject\",\"inLanguage\":\"it-IT\",\"@id\":\"https:\\\/\\\/www.anicecommunication.com\\\/it\\\/byd-annuncia-i-prezzi-della-gamma-europea-di-autovetture\\\/#primaryimage\",\"url\":\"https:\\\/\\\/www.anicecommunication.com\\\/it\\\/wp-content\\\/uploads\\\/sites\\\/3\\\/2022\\\/09\\\/BYD_Europe-Product_Premiere-2022_sito.jpg\",\"contentUrl\":\"https:\\\/\\\/www.anicecommunication.com\\\/it\\\/wp-content\\\/uploads\\\/sites\\\/3\\\/2022\\\/09\\\/BYD_Europe-Product_Premiere-2022_sito.jpg\",\"width\":1280,\"height\":720,\"caption\":\"BYD prezzi gamma europea\"},{\"@type\":\"BreadcrumbList\",\"@id\":\"https:\\\/\\\/www.anicecommunication.com\\\/it\\\/byd-annuncia-i-prezzi-della-gamma-europea-di-autovetture\\\/#breadcrumb\",\"itemListElement\":[{\"@type\":\"ListItem\",\"position\":1,\"name\":\"Home\",\"item\":\"https:\\\/\\\/www.anicecommunication.com\\\/it\\\/\"},{\"@type\":\"ListItem\",\"position\":2,\"name\":\"BYD annuncia i prezzi della gamma europea di autovetture\"}]},{\"@type\":\"WebSite\",\"@id\":\"https:\\\/\\\/www.anicecommunication.com\\\/it\\\/#website\",\"url\":\"https:\\\/\\\/www.anicecommunication.com\\\/it\\\/\",\"name\":\"IT Anice Communication\",\"description\":\"Anicecommunication agenzia di pubbliche relazioni,  ufficio stampa, media relations, automotive e mobility a livello internazionale - Torino\",\"publisher\":{\"@id\":\"https:\\\/\\\/www.anicecommunication.com\\\/it\\\/#organization\"},\"potentialAction\":[{\"@type\":\"SearchAction\",\"target\":{\"@type\":\"EntryPoint\",\"urlTemplate\":\"https:\\\/\\\/www.anicecommunication.com\\\/it\\\/?s={search_term_string}\"},\"query-input\":{\"@type\":\"PropertyValueSpecification\",\"valueRequired\":true,\"valueName\":\"search_term_string\"}}],\"inLanguage\":\"it-IT\"},{\"@type\":\"Organization\",\"@id\":\"https:\\\/\\\/www.anicecommunication.com\\\/it\\\/#organization\",\"name\":\"Anice SRL - Agenzia di comunicazione, mobility and automotive media relations & PR in Italia, Europa\",\"alternateName\":\"Anicecommunication\",\"url\":\"https:\\\/\\\/www.anicecommunication.com\\\/it\\\/\",\"logo\":{\"@type\":\"ImageObject\",\"inLanguage\":\"it-IT\",\"@id\":\"https:\\\/\\\/www.anicecommunication.com\\\/it\\\/#\\\/schema\\\/logo\\\/image\\\/\",\"url\":\"https:\\\/\\\/www.anicecommunication.com\\\/it\\\/wp-content\\\/uploads\\\/sites\\\/3\\\/2023\\\/06\\\/Anice_696x696.jpg\",\"contentUrl\":\"https:\\\/\\\/www.anicecommunication.com\\\/it\\\/wp-content\\\/uploads\\\/sites\\\/3\\\/2023\\\/06\\\/Anice_696x696.jpg\",\"width\":696,\"height\":696,\"caption\":\"Anice SRL - Agenzia di comunicazione, mobility and automotive media relations & PR in Italia, Europa\"},\"image\":{\"@id\":\"https:\\\/\\\/www.anicecommunication.com\\\/it\\\/#\\\/schema\\\/logo\\\/image\\\/\"},\"sameAs\":[\"https:\\\/\\\/www.facebook.com\\\/anicecommunication\",\"https:\\\/\\\/x.com\\\/Anicecom\",\"https:\\\/\\\/instagram.com\\\/anicecom\\\/\",\"https:\\\/\\\/www.linkedin.com\\\/company\\\/anice-s-r-l-\"]},{\"@type\":\"Person\",\"@id\":\"https:\\\/\\\/www.anicecommunication.com\\\/it\\\/#\\\/schema\\\/person\\\/d8f9046f11c2ab1ff15f1d0d580184d8\",\"name\":\"Editorial Staff\",\"image\":{\"@type\":\"ImageObject\",\"inLanguage\":\"it-IT\",\"@id\":\"https:\\\/\\\/secure.gravatar.com\\\/avatar\\\/62128a8e64953c282b330a12e5b592d8bc5d299b46ab0e6928129ae0d79e528a?s=96&d=mm&r=g\",\"url\":\"https:\\\/\\\/secure.gravatar.com\\\/avatar\\\/62128a8e64953c282b330a12e5b592d8bc5d299b46ab0e6928129ae0d79e528a?s=96&d=mm&r=g\",\"contentUrl\":\"https:\\\/\\\/secure.gravatar.com\\\/avatar\\\/62128a8e64953c282b330a12e5b592d8bc5d299b46ab0e6928129ae0d79e528a?s=96&d=mm&r=g\",\"caption\":\"Editorial Staff\"},\"description\":\"La redazione di Anicecommunication \u00e8 composta da giornalisti, esperti di comunicazione e marketing, content manager e storyteller.\",\"sameAs\":[\"http:\\\/\\\/www.anicecommunication.com\",\"https:\\\/\\\/www.facebook.com\\\/anicecommunication\",\"https:\\\/\\\/x.com\\\/anicecom\"]}]}<\/script>\n<!-- \/ Yoast SEO plugin. -->","yoast_head_json":{"title":"BYD annuncia i prezzi della gamma europea di autovetture","description":"BYD prezzi gamma europea: BYD sbarca in Europa e annuncia i prezzi di BYD ATTO 3, BYD HAN EV e BYD TANG 7 posti","robots":{"index":"index","follow":"follow","max-snippet":"max-snippet:-1","max-image-preview":"max-image-preview:large","max-video-preview":"max-video-preview:-1"},"canonical":"https:\/\/www.anicecommunication.com\/it\/byd-annuncia-i-prezzi-della-gamma-europea-di-autovetture\/","og_locale":"it_IT","og_type":"article","og_title":"BYD annuncia i prezzi della gamma europea di autovetture","og_description":"BYD prezzi gamma europea: BYD sbarca in Europa e annuncia i prezzi di BYD ATTO 3, BYD HAN EV e BYD TANG 7 posti","og_url":"https:\/\/www.anicecommunication.com\/it\/byd-annuncia-i-prezzi-della-gamma-europea-di-autovetture\/","og_site_name":"IT Anice Communication","article_publisher":"https:\/\/www.facebook.com\/anicecommunication","article_author":"https:\/\/www.facebook.com\/anicecommunication","article_published_time":"2022-09-28T10:57:20+00:00","article_modified_time":"2022-09-28T11:19:00+00:00","og_image":[{"width":1280,"height":720,"url":"https:\/\/www.anicecommunication.com\/it\/wp-content\/uploads\/sites\/3\/2022\/09\/BYD_Europe-Product_Premiere-2022_sito.jpg","type":"image\/jpeg"}],"author":"Editorial Staff","twitter_misc":{"Scritto da":"Editorial Staff","Tempo di lettura stimato":"10 minuti"},"schema":{"@context":"https:\/\/schema.org","@graph":[{"@type":"Article","@id":"https:\/\/www.anicecommunication.com\/it\/byd-annuncia-i-prezzi-della-gamma-europea-di-autovetture\/#article","isPartOf":{"@id":"https:\/\/www.anicecommunication.com\/it\/byd-annuncia-i-prezzi-della-gamma-europea-di-autovetture\/"},"author":{"name":"Editorial Staff","@id":"https:\/\/www.anicecommunication.com\/it\/#\/schema\/person\/d8f9046f11c2ab1ff15f1d0d580184d8"},"headline":"BYD annuncia i prezzi della gamma europea di autovetture","datePublished":"2022-09-28T10:57:20+00:00","dateModified":"2022-09-28T11:19:00+00:00","mainEntityOfPage":{"@id":"https:\/\/www.anicecommunication.com\/it\/byd-annuncia-i-prezzi-della-gamma-europea-di-autovetture\/"},"wordCount":1572,"publisher":{"@id":"https:\/\/www.anicecommunication.com\/it\/#organization"},"image":{"@id":"https:\/\/www.anicecommunication.com\/it\/byd-annuncia-i-prezzi-della-gamma-europea-di-autovetture\/#primaryimage"},"thumbnailUrl":"https:\/\/www.anicecommunication.com\/it\/wp-content\/uploads\/sites\/3\/2022\/09\/BYD_Europe-Product_Premiere-2022_sito.jpg","keywords":["BYD ATTO 3","BYD auto elettriche","BYD HAN","BYD prezzi gamma europea","BYD TANG"],"articleSection":["BYD","Press Room","What A Nice Blog!"],"inLanguage":"it-IT"},{"@type":"WebPage","@id":"https:\/\/www.anicecommunication.com\/it\/byd-annuncia-i-prezzi-della-gamma-europea-di-autovetture\/","url":"https:\/\/www.anicecommunication.com\/it\/byd-annuncia-i-prezzi-della-gamma-europea-di-autovetture\/","name":"BYD annuncia i prezzi della gamma europea di autovetture","isPartOf":{"@id":"https:\/\/www.anicecommunication.com\/it\/#website"},"primaryImageOfPage":{"@id":"https:\/\/www.anicecommunication.com\/it\/byd-annuncia-i-prezzi-della-gamma-europea-di-autovetture\/#primaryimage"},"image":{"@id":"https:\/\/www.anicecommunication.com\/it\/byd-annuncia-i-prezzi-della-gamma-europea-di-autovetture\/#primaryimage"},"thumbnailUrl":"https:\/\/www.anicecommunication.com\/it\/wp-content\/uploads\/sites\/3\/2022\/09\/BYD_Europe-Product_Premiere-2022_sito.jpg","datePublished":"2022-09-28T10:57:20+00:00","dateModified":"2022-09-28T11:19:00+00:00","description":"BYD prezzi gamma europea: BYD sbarca in Europa e annuncia i prezzi di BYD ATTO 3, BYD HAN EV e BYD TANG 7 posti","breadcrumb":{"@id":"https:\/\/www.anicecommunication.com\/it\/byd-annuncia-i-prezzi-della-gamma-europea-di-autovetture\/#breadcrumb"},"inLanguage":"it-IT","potentialAction":[{"@type":"ReadAction","target":["https:\/\/www.anicecommunication.com\/it\/byd-annuncia-i-prezzi-della-gamma-europea-di-autovetture\/"]}]},{"@type":"ImageObject","inLanguage":"it-IT","@id":"https:\/\/www.anicecommunication.com\/it\/byd-annuncia-i-prezzi-della-gamma-europea-di-autovetture\/#primaryimage","url":"https:\/\/www.anicecommunication.com\/it\/wp-content\/uploads\/sites\/3\/2022\/09\/BYD_Europe-Product_Premiere-2022_sito.jpg","contentUrl":"https:\/\/www.anicecommunication.com\/it\/wp-content\/uploads\/sites\/3\/2022\/09\/BYD_Europe-Product_Premiere-2022_sito.jpg","width":1280,"height":720,"caption":"BYD prezzi gamma europea"},{"@type":"BreadcrumbList","@id":"https:\/\/www.anicecommunication.com\/it\/byd-annuncia-i-prezzi-della-gamma-europea-di-autovetture\/#breadcrumb","itemListElement":[{"@type":"ListItem","position":1,"name":"Home","item":"https:\/\/www.anicecommunication.com\/it\/"},{"@type":"ListItem","position":2,"name":"BYD annuncia i prezzi della gamma europea di autovetture"}]},{"@type":"WebSite","@id":"https:\/\/www.anicecommunication.com\/it\/#website","url":"https:\/\/www.anicecommunication.com\/it\/","name":"IT Anice Communication","description":"Anicecommunication agenzia di pubbliche relazioni,  ufficio stampa, media relations, automotive e mobility a livello internazionale - Torino","publisher":{"@id":"https:\/\/www.anicecommunication.com\/it\/#organization"},"potentialAction":[{"@type":"SearchAction","target":{"@type":"EntryPoint","urlTemplate":"https:\/\/www.anicecommunication.com\/it\/?s={search_term_string}"},"query-input":{"@type":"PropertyValueSpecification","valueRequired":true,"valueName":"search_term_string"}}],"inLanguage":"it-IT"},{"@type":"Organization","@id":"https:\/\/www.anicecommunication.com\/it\/#organization","name":"Anice SRL - Agenzia di comunicazione, mobility and automotive media relations & PR in Italia, Europa","alternateName":"Anicecommunication","url":"https:\/\/www.anicecommunication.com\/it\/","logo":{"@type":"ImageObject","inLanguage":"it-IT","@id":"https:\/\/www.anicecommunication.com\/it\/#\/schema\/logo\/image\/","url":"https:\/\/www.anicecommunication.com\/it\/wp-content\/uploads\/sites\/3\/2023\/06\/Anice_696x696.jpg","contentUrl":"https:\/\/www.anicecommunication.com\/it\/wp-content\/uploads\/sites\/3\/2023\/06\/Anice_696x696.jpg","width":696,"height":696,"caption":"Anice SRL - Agenzia di comunicazione, mobility and automotive media relations & PR in Italia, Europa"},"image":{"@id":"https:\/\/www.anicecommunication.com\/it\/#\/schema\/logo\/image\/"},"sameAs":["https:\/\/www.facebook.com\/anicecommunication","https:\/\/x.com\/Anicecom","https:\/\/instagram.com\/anicecom\/","https:\/\/www.linkedin.com\/company\/anice-s-r-l-"]},{"@type":"Person","@id":"https:\/\/www.anicecommunication.com\/it\/#\/schema\/person\/d8f9046f11c2ab1ff15f1d0d580184d8","name":"Editorial Staff","image":{"@type":"ImageObject","inLanguage":"it-IT","@id":"https:\/\/secure.gravatar.com\/avatar\/62128a8e64953c282b330a12e5b592d8bc5d299b46ab0e6928129ae0d79e528a?s=96&d=mm&r=g","url":"https:\/\/secure.gravatar.com\/avatar\/62128a8e64953c282b330a12e5b592d8bc5d299b46ab0e6928129ae0d79e528a?s=96&d=mm&r=g","contentUrl":"https:\/\/secure.gravatar.com\/avatar\/62128a8e64953c282b330a12e5b592d8bc5d299b46ab0e6928129ae0d79e528a?s=96&d=mm&r=g","caption":"Editorial Staff"},"description":"La redazione di Anicecommunication \u00e8 composta da giornalisti, esperti di comunicazione e marketing, content manager e storyteller.","sameAs":["http:\/\/www.anicecommunication.com","https:\/\/www.facebook.com\/anicecommunication","https:\/\/x.com\/anicecom"]}]}},"_links":{"self":[{"href":"https:\/\/www.anicecommunication.com\/it\/wp-json\/wp\/v2\/posts\/19964","targetHints":{"allow":["GET"]}}],"collection":[{"href":"https:\/\/www.anicecommunication.com\/it\/wp-json\/wp\/v2\/posts"}],"about":[{"href":"https:\/\/www.anicecommunication.com\/it\/wp-json\/wp\/v2\/types\/post"}],"author":[{"embeddable":true,"href":"https:\/\/www.anicecommunication.com\/it\/wp-json\/wp\/v2\/users\/1"}],"replies":[{"embeddable":true,"href":"https:\/\/www.anicecommunication.com\/it\/wp-json\/wp\/v2\/comments?post=19964"}],"version-history":[{"count":4,"href":"https:\/\/www.anicecommunication.com\/it\/wp-json\/wp\/v2\/posts\/19964\/revisions"}],"predecessor-version":[{"id":19977,"href":"https:\/\/www.anicecommunication.com\/it\/wp-json\/wp\/v2\/posts\/19964\/revisions\/19977"}],"wp:featuredmedia":[{"embeddable":true,"href":"https:\/\/www.anicecommunication.com\/it\/wp-json\/wp\/v2\/media\/19969"}],"wp:attachment":[{"href":"https:\/\/www.anicecommunication.com\/it\/wp-json\/wp\/v2\/media?parent=19964"}],"wp:term":[{"taxonomy":"category","embeddable":true,"href":"https:\/\/www.anicecommunication.com\/it\/wp-json\/wp\/v2\/categories?post=19964"},{"taxonomy":"post_tag","embeddable":true,"href":"https:\/\/www.anicecommunication.com\/it\/wp-json\/wp\/v2\/tags?post=19964"}],"curies":[{"name":"wp","href":"https:\/\/api.w.org\/{rel}","templated":true}]}}