{"id":19999,"date":"2022-10-04T09:09:03","date_gmt":"2022-10-04T07:09:03","guid":{"rendered":"https:\/\/www.anicecommunication.com\/it\/?p=19999"},"modified":"2022-10-04T11:13:39","modified_gmt":"2022-10-04T09:13:39","slug":"byd-sigla-unimportante-emobility-partnership-con-sixt","status":"publish","type":"post","link":"https:\/\/www.anicecommunication.com\/it\/byd-sigla-unimportante-emobility-partnership-con-sixt\/","title":{"rendered":"BYD sigla un&#8217;importante eMobility partnership con SIXT"},"content":{"rendered":"<ul>\n<li><strong>BYD firma un accordo a lungo termine con SIXT, fornitore internazionale leader di servizi di mobilit\u00e0 premium<\/strong><!--more--><\/li>\n<li><strong>SIXT si \u00e8 impegnata con un ordine iniziale di diverse migliaia di vetture BYD elettriche con le prime consegne nel corso di quest&#8217;anno<\/strong><\/li>\n<li><strong>L&#8217;accordo si estende fino al 2028, con circa 100.000 veicoli elettrici BYD che si aggiungeranno alla flotta SIXT nei prossimi sei anni<\/strong><\/li>\n<li><strong>Una gamma di auto elettriche BYD dalla tecnologia all\u2019avanguardia sar\u00e0 consegnata a SIXT, con la BYD ATTO 3 come primo modello.<\/strong><\/li>\n<\/ul>\n<p><strong>\u00a0<\/strong><strong>Rotterdam (Paesi Bassi), 4 ottobre 2022 \u2013 <\/strong>BYD, il principale produttore mondiale di New Energy Vehicles (NEV), ha firmato un accordo, per il mercato europeo, con la nota societ\u00e0 di autonoleggio SIXT. Il patto segna l&#8217;inizio di una collaborazione a lungo termine destinata a incidere positivamente sulla comune visione riguardo l\u2019accelerazione nell\u2019adozione della mobilit\u00e0 elettrica. I primi modelli elettrici puri BYD saranno disponibili per i clienti SIXT nel corso del quarto trimestre 2022.<\/p>\n<p>La partnership ha preso avvio a seguito di un ordine iniziale da parte di SIXT di diverse migliaia di vetture BYD elettriche le cui consegne inizieranno nell\u2019ultimo quarto di quest\u2019anno. L\u2019ordine preliminare sar\u00e0 ulteriormente integrato da SIXT con altri 100.000 veicoli elettrici BYD nei prossimi sei anni. In qualit\u00e0 di leader mondiale nella produzione di veicoli elettrici, BYD conferma il proprio impegno verso la riduzione delle emissioni di carbonio, attraverso l&#8217;innovazione tecnologica concepita per un maggiore rispetto per l\u2019ambiente. Per oltre un decennio, BYD Europe \u00e8 stata all&#8217;avanguardia nel trasporto pubblico a emissioni zero e, attraverso questo sodalizio con SIXT, ora porta le sue soluzioni ecologiche nel mercato dell&#8217;autonoleggio. L&#8217;esperienza e l&#8217;etica di BYD supportano la strategia di sostenibilit\u00e0 di SIXT, che ha l&#8217;obiettivo di elettrificare tra il 70% e il 90% della flotta entro il 2030.<\/p>\n<p><a href=\"https:\/\/www.anicecommunication.com\/it\/wp-content\/uploads\/sites\/3\/2022\/10\/SX_Michael_Shu_BYD_Europe_DX_Vinzens_Planz_SixtSE.jpg\"><img decoding=\"async\" class=\"aligncenter size-full wp-image-20000\" src=\"https:\/\/www.anicecommunication.com\/it\/wp-content\/uploads\/sites\/3\/2022\/10\/SX_Michael_Shu_BYD_Europe_DX_Vinzens_Planz_SixtSE.jpg\" alt=\"SX_Michael_Shu_BYD_Europe_DX_Vinzens_Planz_SixtSE\" width=\"1269\" height=\"846\" srcset=\"https:\/\/www.anicecommunication.com\/it\/wp-content\/uploads\/sites\/3\/2022\/10\/SX_Michael_Shu_BYD_Europe_DX_Vinzens_Planz_SixtSE-200x133.jpg 200w, https:\/\/www.anicecommunication.com\/it\/wp-content\/uploads\/sites\/3\/2022\/10\/SX_Michael_Shu_BYD_Europe_DX_Vinzens_Planz_SixtSE-300x200.jpg 300w, https:\/\/www.anicecommunication.com\/it\/wp-content\/uploads\/sites\/3\/2022\/10\/SX_Michael_Shu_BYD_Europe_DX_Vinzens_Planz_SixtSE-400x267.jpg 400w, https:\/\/www.anicecommunication.com\/it\/wp-content\/uploads\/sites\/3\/2022\/10\/SX_Michael_Shu_BYD_Europe_DX_Vinzens_Planz_SixtSE-600x400.jpg 600w, https:\/\/www.anicecommunication.com\/it\/wp-content\/uploads\/sites\/3\/2022\/10\/SX_Michael_Shu_BYD_Europe_DX_Vinzens_Planz_SixtSE-768x512.jpg 768w, https:\/\/www.anicecommunication.com\/it\/wp-content\/uploads\/sites\/3\/2022\/10\/SX_Michael_Shu_BYD_Europe_DX_Vinzens_Planz_SixtSE-800x533.jpg 800w, https:\/\/www.anicecommunication.com\/it\/wp-content\/uploads\/sites\/3\/2022\/10\/SX_Michael_Shu_BYD_Europe_DX_Vinzens_Planz_SixtSE-1024x683.jpg 1024w, https:\/\/www.anicecommunication.com\/it\/wp-content\/uploads\/sites\/3\/2022\/10\/SX_Michael_Shu_BYD_Europe_DX_Vinzens_Planz_SixtSE-1200x800.jpg 1200w, https:\/\/www.anicecommunication.com\/it\/wp-content\/uploads\/sites\/3\/2022\/10\/SX_Michael_Shu_BYD_Europe_DX_Vinzens_Planz_SixtSE.jpg 1269w\" sizes=\"(max-width: 1269px) 100vw, 1269px\" \/><\/a><\/p>\n<p style=\"text-align: center;\"><em>Cerimonia di firma della cooperazione BYD e SIXT<br \/>\n<\/em><em>(A sinistra: Michael Shu, General Manager e Managing Director, BYD Europe and International Cooperation Division; a destra: Vinzenz Pflanz, Chief Business Officer responsible for sales and vehicle purchase, Sixt SE)<\/em><\/p>\n<p>I clienti SIXT di Germania, Francia, Paesi Bassi e Regno Unito saranno tra i primi a poter noleggiare le auto BYD quest&#8217;anno. Con quasi 2.100 filiali in pi\u00f9 di 100 paesi, SIXT \u00e8 un fornitore di mobilit\u00e0 leader a livello internazionale con una gamma di servizi premium: dal noleggio auto, al car sharing, dal servizio di trasporto con autista fino agli abbonamenti per auto.<\/p>\n<p>SIXT offrir\u00e0 ai propri clienti una gamma di auto elettriche pure a marchio BYD caratterizzate per la tecnologia all\u2019avanguardia. La prima sar\u00e0 la ATTO 3, un SUV espressivo e dinamico del segmento C basato sull&#8217;ultima ePlatform 3.0 di BYD. Tutti i modelli BYD si adattano bene alle aspettative e alle esigenze dei clienti europei, grazie a caratteristiche premium e specifiche elevate.<\/p>\n<p><a href=\"https:\/\/www.anicecommunication.com\/it\/wp-content\/uploads\/sites\/3\/2022\/09\/BYD_ATTO_3_sito.jpg\"><img decoding=\"async\" class=\"aligncenter size-full wp-image-19972\" src=\"https:\/\/www.anicecommunication.com\/it\/wp-content\/uploads\/sites\/3\/2022\/09\/BYD_ATTO_3_sito.jpg\" alt=\"BYD prezzi gamma europea - BYD ATTO 3\" width=\"1920\" height=\"1187\" srcset=\"https:\/\/www.anicecommunication.com\/it\/wp-content\/uploads\/sites\/3\/2022\/09\/BYD_ATTO_3_sito-200x124.jpg 200w, https:\/\/www.anicecommunication.com\/it\/wp-content\/uploads\/sites\/3\/2022\/09\/BYD_ATTO_3_sito-300x185.jpg 300w, https:\/\/www.anicecommunication.com\/it\/wp-content\/uploads\/sites\/3\/2022\/09\/BYD_ATTO_3_sito-400x247.jpg 400w, https:\/\/www.anicecommunication.com\/it\/wp-content\/uploads\/sites\/3\/2022\/09\/BYD_ATTO_3_sito-600x371.jpg 600w, https:\/\/www.anicecommunication.com\/it\/wp-content\/uploads\/sites\/3\/2022\/09\/BYD_ATTO_3_sito-768x475.jpg 768w, https:\/\/www.anicecommunication.com\/it\/wp-content\/uploads\/sites\/3\/2022\/09\/BYD_ATTO_3_sito-800x495.jpg 800w, https:\/\/www.anicecommunication.com\/it\/wp-content\/uploads\/sites\/3\/2022\/09\/BYD_ATTO_3_sito-1024x633.jpg 1024w, https:\/\/www.anicecommunication.com\/it\/wp-content\/uploads\/sites\/3\/2022\/09\/BYD_ATTO_3_sito-1200x742.jpg 1200w, https:\/\/www.anicecommunication.com\/it\/wp-content\/uploads\/sites\/3\/2022\/09\/BYD_ATTO_3_sito-1536x950.jpg 1536w, https:\/\/www.anicecommunication.com\/it\/wp-content\/uploads\/sites\/3\/2022\/09\/BYD_ATTO_3_sito.jpg 1920w\" sizes=\"(max-width: 1920px) 100vw, 1920px\" \/><\/a><\/p>\n<p style=\"text-align: center;\"><em>ATTO 3, SUV espressivo e dinamico del segmento C basato sull&#8217;ultima ePlatform 3.0 di BYD<\/em><\/p>\n<p>Per oltre due decenni, BYD ha svolto un ruolo pionieristico nello sviluppo di batterie di alimentazione, elemento fondamentale per la sua tecnologia leader a livello mondiale. Un impegno che ha dato origine all&#8217;innovativa Blade Battery, un accumulatore ricaricabile concepito per offrire la massima sicurezza, una maggiore durata e prestazioni eccezionali.<\/p>\n<p>Ma non \u00e8 tutto. L&#8217;esperienza di BYD si estende alla gestione dell&#8217;energia e alle infrastrutture di ricarica, e consente al marchio di ricoprire una posizione unica nell\u2019ambito dell\u2019offerta di soluzioni complete per l&#8217;eMobility. Con il consolidamento della partnership con SIXT, entrambe le societ\u00e0 saranno in grado di valutare ulteriori opportunit\u00e0 di cooperazione per aiutare a modellare un futuro sostenibile in diverse regioni del mondo.<\/p>\n<p>Michael Shu, General Manager e Managing Director, BYD Europe and International Cooperation Division, afferma: \u201cLe collaborazioni sono una parte fondamentale della strategia aziendale di BYD. Siamo lieti di iniziare quella con SIXT, la societ\u00e0 di autonoleggio con il valore del marchio in pi\u00f9 rapida crescita al mondo. Un partner chiave molto importante per BYD, che muove i suoi primi passi nel mercato del noleggio. La nostra visione condivisa ci permette di costruire insieme i nostri sogni di rispetto per l\u2019ambiente, partendo dall\u2019Europa. Miriamo a ispirare i clienti SIXT con i nostri ultimi prodotti e la nostre innovazioni nella tecnologia EV. BYD sta vivendo un momento entusiasmante che vede le sue soluzioni leader di mercato offrire maggiori possibilit\u00e0 di accesso e pi\u00f9 opzioni utili a favorire la mobilit\u00e0 elettrica. Siamo certi che sar\u00e0 una lunga e fiorente partnership quella con SIXT\u201d.<\/p>\n<p>Vinzenz Pflanz, Chief Business Officer responsible for sales and vehicle purchase, Sixt SE, afferma: \u201cSIXT offre ogni giorno ai propri clienti una mobilit\u00e0 facile, flessibile e illimitata. Con oltre un milione di unit\u00e0 prodotte da gennaio ad agosto 2022, BYD \u00e8 il pi\u00f9 grande produttore di veicoli al mondo nel settore dell&#8217;eMobility. L&#8217;accordo con BYD \u00e8 una pietra miliare importante per mantenere la nostra promessa di mettere in strada un numero significativamente maggiore di auto elettriche. Non vediamo l&#8217;ora che la collaborazione decolli&#8221;.<\/p>\n<p><a href=\"https:\/\/www.anicecommunication.it\/BYD\/221004\/221004_BYD_eMobility_partnership_con_SIXT.zip\">Scarica testi e immagini del comunicato&gt;&gt;&gt;<\/a><\/p>\n<p><a href=\"https:\/\/www.anicecommunication.com\/it\/media-relations\/\">Ufficio Stampa\u00a0<\/a>\u2013\u00a0<a href=\"https:\/\/www.anicecommunication.com\/it\/agenzia-di-comunicazione\/\">Anicecommunication<\/a><\/p>\n","protected":false},"excerpt":{"rendered":"<p>BYD firma un accordo a lungo termine con SIXT, fornitore internazionale leader di servizi di mobilit\u00e0 premium<\/p>\n","protected":false},"author":1,"featured_media":20000,"comment_status":"closed","ping_status":"closed","sticky":false,"template":"","format":"standard","meta":{"footnotes":""},"categories":[990,467,80],"tags":[1092,1153,1154],"class_list":["post-19999","post","type-post","status-publish","format-standard","has-post-thumbnail","hentry","category-byd","category-press_room","category-blog-anicecommunication","tag-byd-atto-3","tag-byd-sixt","tag-partnership-byd-sixt"],"yoast_head":"<!-- This site is optimized with the Yoast SEO plugin v27.4 - https:\/\/yoast.com\/product\/yoast-seo-wordpress\/ -->\n<title>BYD sigla un&#039;importante eMobility partnership con SIXT<\/title>\n<meta name=\"description\" content=\"BYD firma un accordo a lungo termine con SIXT, fornitore internazionale leader di servizi di mobilit\u00e0 premium\" \/>\n<meta name=\"robots\" content=\"index, follow, max-snippet:-1, max-image-preview:large, max-video-preview:-1\" \/>\n<link rel=\"canonical\" href=\"https:\/\/www.anicecommunication.com\/it\/byd-sigla-unimportante-emobility-partnership-con-sixt\/\" \/>\n<meta property=\"og:locale\" content=\"it_IT\" \/>\n<meta property=\"og:type\" content=\"article\" \/>\n<meta property=\"og:title\" content=\"BYD sigla un&#039;importante eMobility partnership con SIXT\" \/>\n<meta property=\"og:description\" content=\"BYD firma un accordo a lungo termine con SIXT, fornitore internazionale leader di servizi di mobilit\u00e0 premium\" \/>\n<meta property=\"og:url\" content=\"https:\/\/www.anicecommunication.com\/it\/byd-sigla-unimportante-emobility-partnership-con-sixt\/\" \/>\n<meta property=\"og:site_name\" content=\"IT Anice Communication\" \/>\n<meta property=\"article:publisher\" content=\"https:\/\/www.facebook.com\/anicecommunication\" \/>\n<meta property=\"article:author\" content=\"https:\/\/www.facebook.com\/anicecommunication\" \/>\n<meta property=\"article:published_time\" content=\"2022-10-04T07:09:03+00:00\" \/>\n<meta property=\"article:modified_time\" content=\"2022-10-04T09:13:39+00:00\" \/>\n<meta property=\"og:image\" content=\"https:\/\/www.anicecommunication.com\/it\/wp-content\/uploads\/sites\/3\/2022\/10\/SX_Michael_Shu_BYD_Europe_DX_Vinzens_Planz_SixtSE.jpg\" \/>\n\t<meta property=\"og:image:width\" content=\"1269\" \/>\n\t<meta property=\"og:image:height\" content=\"846\" \/>\n\t<meta property=\"og:image:type\" content=\"image\/jpeg\" \/>\n<meta name=\"author\" content=\"Editorial Staff\" \/>\n<meta name=\"twitter:label1\" content=\"Scritto da\" \/>\n\t<meta name=\"twitter:data1\" content=\"Editorial Staff\" \/>\n\t<meta name=\"twitter:label2\" content=\"Tempo di lettura stimato\" \/>\n\t<meta name=\"twitter:data2\" content=\"5 minuti\" \/>\n<script type=\"application\/ld+json\" class=\"yoast-schema-graph\">{\"@context\":\"https:\\\/\\\/schema.org\",\"@graph\":[{\"@type\":\"Article\",\"@id\":\"https:\\\/\\\/www.anicecommunication.com\\\/it\\\/byd-sigla-unimportante-emobility-partnership-con-sixt\\\/#article\",\"isPartOf\":{\"@id\":\"https:\\\/\\\/www.anicecommunication.com\\\/it\\\/byd-sigla-unimportante-emobility-partnership-con-sixt\\\/\"},\"author\":{\"name\":\"Editorial Staff\",\"@id\":\"https:\\\/\\\/www.anicecommunication.com\\\/it\\\/#\\\/schema\\\/person\\\/d8f9046f11c2ab1ff15f1d0d580184d8\"},\"headline\":\"BYD sigla un&#8217;importante eMobility partnership con SIXT\",\"datePublished\":\"2022-10-04T07:09:03+00:00\",\"dateModified\":\"2022-10-04T09:13:39+00:00\",\"mainEntityOfPage\":{\"@id\":\"https:\\\/\\\/www.anicecommunication.com\\\/it\\\/byd-sigla-unimportante-emobility-partnership-con-sixt\\\/\"},\"wordCount\":835,\"publisher\":{\"@id\":\"https:\\\/\\\/www.anicecommunication.com\\\/it\\\/#organization\"},\"image\":{\"@id\":\"https:\\\/\\\/www.anicecommunication.com\\\/it\\\/byd-sigla-unimportante-emobility-partnership-con-sixt\\\/#primaryimage\"},\"thumbnailUrl\":\"https:\\\/\\\/www.anicecommunication.com\\\/it\\\/wp-content\\\/uploads\\\/sites\\\/3\\\/2022\\\/10\\\/SX_Michael_Shu_BYD_Europe_DX_Vinzens_Planz_SixtSE.jpg\",\"keywords\":[\"BYD ATTO 3\",\"BYD SIXT\",\"partnership BYD SIXT\"],\"articleSection\":[\"BYD\",\"Press Room\",\"What A Nice Blog!\"],\"inLanguage\":\"it-IT\"},{\"@type\":\"WebPage\",\"@id\":\"https:\\\/\\\/www.anicecommunication.com\\\/it\\\/byd-sigla-unimportante-emobility-partnership-con-sixt\\\/\",\"url\":\"https:\\\/\\\/www.anicecommunication.com\\\/it\\\/byd-sigla-unimportante-emobility-partnership-con-sixt\\\/\",\"name\":\"BYD sigla un'importante eMobility partnership con SIXT\",\"isPartOf\":{\"@id\":\"https:\\\/\\\/www.anicecommunication.com\\\/it\\\/#website\"},\"primaryImageOfPage\":{\"@id\":\"https:\\\/\\\/www.anicecommunication.com\\\/it\\\/byd-sigla-unimportante-emobility-partnership-con-sixt\\\/#primaryimage\"},\"image\":{\"@id\":\"https:\\\/\\\/www.anicecommunication.com\\\/it\\\/byd-sigla-unimportante-emobility-partnership-con-sixt\\\/#primaryimage\"},\"thumbnailUrl\":\"https:\\\/\\\/www.anicecommunication.com\\\/it\\\/wp-content\\\/uploads\\\/sites\\\/3\\\/2022\\\/10\\\/SX_Michael_Shu_BYD_Europe_DX_Vinzens_Planz_SixtSE.jpg\",\"datePublished\":\"2022-10-04T07:09:03+00:00\",\"dateModified\":\"2022-10-04T09:13:39+00:00\",\"description\":\"BYD firma un accordo a lungo termine con SIXT, fornitore internazionale leader di servizi di mobilit\u00e0 premium\",\"breadcrumb\":{\"@id\":\"https:\\\/\\\/www.anicecommunication.com\\\/it\\\/byd-sigla-unimportante-emobility-partnership-con-sixt\\\/#breadcrumb\"},\"inLanguage\":\"it-IT\",\"potentialAction\":[{\"@type\":\"ReadAction\",\"target\":[\"https:\\\/\\\/www.anicecommunication.com\\\/it\\\/byd-sigla-unimportante-emobility-partnership-con-sixt\\\/\"]}]},{\"@type\":\"ImageObject\",\"inLanguage\":\"it-IT\",\"@id\":\"https:\\\/\\\/www.anicecommunication.com\\\/it\\\/byd-sigla-unimportante-emobility-partnership-con-sixt\\\/#primaryimage\",\"url\":\"https:\\\/\\\/www.anicecommunication.com\\\/it\\\/wp-content\\\/uploads\\\/sites\\\/3\\\/2022\\\/10\\\/SX_Michael_Shu_BYD_Europe_DX_Vinzens_Planz_SixtSE.jpg\",\"contentUrl\":\"https:\\\/\\\/www.anicecommunication.com\\\/it\\\/wp-content\\\/uploads\\\/sites\\\/3\\\/2022\\\/10\\\/SX_Michael_Shu_BYD_Europe_DX_Vinzens_Planz_SixtSE.jpg\",\"width\":1269,\"height\":846,\"caption\":\"SX_Michael_Shu_BYD_Europe_DX_Vinzens_Planz_SixtSE\"},{\"@type\":\"BreadcrumbList\",\"@id\":\"https:\\\/\\\/www.anicecommunication.com\\\/it\\\/byd-sigla-unimportante-emobility-partnership-con-sixt\\\/#breadcrumb\",\"itemListElement\":[{\"@type\":\"ListItem\",\"position\":1,\"name\":\"Home\",\"item\":\"https:\\\/\\\/www.anicecommunication.com\\\/it\\\/\"},{\"@type\":\"ListItem\",\"position\":2,\"name\":\"BYD sigla un&#8217;importante eMobility partnership con SIXT\"}]},{\"@type\":\"WebSite\",\"@id\":\"https:\\\/\\\/www.anicecommunication.com\\\/it\\\/#website\",\"url\":\"https:\\\/\\\/www.anicecommunication.com\\\/it\\\/\",\"name\":\"IT Anice Communication\",\"description\":\"Anicecommunication agenzia di pubbliche relazioni,  ufficio stampa, media relations, automotive e mobility a livello internazionale - Torino\",\"publisher\":{\"@id\":\"https:\\\/\\\/www.anicecommunication.com\\\/it\\\/#organization\"},\"potentialAction\":[{\"@type\":\"SearchAction\",\"target\":{\"@type\":\"EntryPoint\",\"urlTemplate\":\"https:\\\/\\\/www.anicecommunication.com\\\/it\\\/?s={search_term_string}\"},\"query-input\":{\"@type\":\"PropertyValueSpecification\",\"valueRequired\":true,\"valueName\":\"search_term_string\"}}],\"inLanguage\":\"it-IT\"},{\"@type\":\"Organization\",\"@id\":\"https:\\\/\\\/www.anicecommunication.com\\\/it\\\/#organization\",\"name\":\"Anice SRL - Agenzia di comunicazione, mobility and automotive media relations & PR in Italia, Europa\",\"alternateName\":\"Anicecommunication\",\"url\":\"https:\\\/\\\/www.anicecommunication.com\\\/it\\\/\",\"logo\":{\"@type\":\"ImageObject\",\"inLanguage\":\"it-IT\",\"@id\":\"https:\\\/\\\/www.anicecommunication.com\\\/it\\\/#\\\/schema\\\/logo\\\/image\\\/\",\"url\":\"https:\\\/\\\/www.anicecommunication.com\\\/it\\\/wp-content\\\/uploads\\\/sites\\\/3\\\/2023\\\/06\\\/Anice_696x696.jpg\",\"contentUrl\":\"https:\\\/\\\/www.anicecommunication.com\\\/it\\\/wp-content\\\/uploads\\\/sites\\\/3\\\/2023\\\/06\\\/Anice_696x696.jpg\",\"width\":696,\"height\":696,\"caption\":\"Anice SRL - Agenzia di comunicazione, mobility and automotive media relations & PR in Italia, Europa\"},\"image\":{\"@id\":\"https:\\\/\\\/www.anicecommunication.com\\\/it\\\/#\\\/schema\\\/logo\\\/image\\\/\"},\"sameAs\":[\"https:\\\/\\\/www.facebook.com\\\/anicecommunication\",\"https:\\\/\\\/x.com\\\/Anicecom\",\"https:\\\/\\\/instagram.com\\\/anicecom\\\/\",\"https:\\\/\\\/www.linkedin.com\\\/company\\\/anice-s-r-l-\"]},{\"@type\":\"Person\",\"@id\":\"https:\\\/\\\/www.anicecommunication.com\\\/it\\\/#\\\/schema\\\/person\\\/d8f9046f11c2ab1ff15f1d0d580184d8\",\"name\":\"Editorial Staff\",\"image\":{\"@type\":\"ImageObject\",\"inLanguage\":\"it-IT\",\"@id\":\"https:\\\/\\\/secure.gravatar.com\\\/avatar\\\/62128a8e64953c282b330a12e5b592d8bc5d299b46ab0e6928129ae0d79e528a?s=96&d=mm&r=g\",\"url\":\"https:\\\/\\\/secure.gravatar.com\\\/avatar\\\/62128a8e64953c282b330a12e5b592d8bc5d299b46ab0e6928129ae0d79e528a?s=96&d=mm&r=g\",\"contentUrl\":\"https:\\\/\\\/secure.gravatar.com\\\/avatar\\\/62128a8e64953c282b330a12e5b592d8bc5d299b46ab0e6928129ae0d79e528a?s=96&d=mm&r=g\",\"caption\":\"Editorial Staff\"},\"description\":\"La redazione di Anicecommunication \u00e8 composta da giornalisti, esperti di comunicazione e marketing, content manager e storyteller.\",\"sameAs\":[\"http:\\\/\\\/www.anicecommunication.com\",\"https:\\\/\\\/www.facebook.com\\\/anicecommunication\",\"https:\\\/\\\/x.com\\\/anicecom\"]}]}<\/script>\n<!-- \/ Yoast SEO plugin. -->","yoast_head_json":{"title":"BYD sigla un'importante eMobility partnership con SIXT","description":"BYD firma un accordo a lungo termine con SIXT, fornitore internazionale leader di servizi di mobilit\u00e0 premium","robots":{"index":"index","follow":"follow","max-snippet":"max-snippet:-1","max-image-preview":"max-image-preview:large","max-video-preview":"max-video-preview:-1"},"canonical":"https:\/\/www.anicecommunication.com\/it\/byd-sigla-unimportante-emobility-partnership-con-sixt\/","og_locale":"it_IT","og_type":"article","og_title":"BYD sigla un'importante eMobility partnership con SIXT","og_description":"BYD firma un accordo a lungo termine con SIXT, fornitore internazionale leader di servizi di mobilit\u00e0 premium","og_url":"https:\/\/www.anicecommunication.com\/it\/byd-sigla-unimportante-emobility-partnership-con-sixt\/","og_site_name":"IT Anice Communication","article_publisher":"https:\/\/www.facebook.com\/anicecommunication","article_author":"https:\/\/www.facebook.com\/anicecommunication","article_published_time":"2022-10-04T07:09:03+00:00","article_modified_time":"2022-10-04T09:13:39+00:00","og_image":[{"width":1269,"height":846,"url":"https:\/\/www.anicecommunication.com\/it\/wp-content\/uploads\/sites\/3\/2022\/10\/SX_Michael_Shu_BYD_Europe_DX_Vinzens_Planz_SixtSE.jpg","type":"image\/jpeg"}],"author":"Editorial Staff","twitter_misc":{"Scritto da":"Editorial Staff","Tempo di lettura stimato":"5 minuti"},"schema":{"@context":"https:\/\/schema.org","@graph":[{"@type":"Article","@id":"https:\/\/www.anicecommunication.com\/it\/byd-sigla-unimportante-emobility-partnership-con-sixt\/#article","isPartOf":{"@id":"https:\/\/www.anicecommunication.com\/it\/byd-sigla-unimportante-emobility-partnership-con-sixt\/"},"author":{"name":"Editorial Staff","@id":"https:\/\/www.anicecommunication.com\/it\/#\/schema\/person\/d8f9046f11c2ab1ff15f1d0d580184d8"},"headline":"BYD sigla un&#8217;importante eMobility partnership con SIXT","datePublished":"2022-10-04T07:09:03+00:00","dateModified":"2022-10-04T09:13:39+00:00","mainEntityOfPage":{"@id":"https:\/\/www.anicecommunication.com\/it\/byd-sigla-unimportante-emobility-partnership-con-sixt\/"},"wordCount":835,"publisher":{"@id":"https:\/\/www.anicecommunication.com\/it\/#organization"},"image":{"@id":"https:\/\/www.anicecommunication.com\/it\/byd-sigla-unimportante-emobility-partnership-con-sixt\/#primaryimage"},"thumbnailUrl":"https:\/\/www.anicecommunication.com\/it\/wp-content\/uploads\/sites\/3\/2022\/10\/SX_Michael_Shu_BYD_Europe_DX_Vinzens_Planz_SixtSE.jpg","keywords":["BYD ATTO 3","BYD SIXT","partnership BYD SIXT"],"articleSection":["BYD","Press Room","What A Nice Blog!"],"inLanguage":"it-IT"},{"@type":"WebPage","@id":"https:\/\/www.anicecommunication.com\/it\/byd-sigla-unimportante-emobility-partnership-con-sixt\/","url":"https:\/\/www.anicecommunication.com\/it\/byd-sigla-unimportante-emobility-partnership-con-sixt\/","name":"BYD sigla un'importante eMobility partnership con SIXT","isPartOf":{"@id":"https:\/\/www.anicecommunication.com\/it\/#website"},"primaryImageOfPage":{"@id":"https:\/\/www.anicecommunication.com\/it\/byd-sigla-unimportante-emobility-partnership-con-sixt\/#primaryimage"},"image":{"@id":"https:\/\/www.anicecommunication.com\/it\/byd-sigla-unimportante-emobility-partnership-con-sixt\/#primaryimage"},"thumbnailUrl":"https:\/\/www.anicecommunication.com\/it\/wp-content\/uploads\/sites\/3\/2022\/10\/SX_Michael_Shu_BYD_Europe_DX_Vinzens_Planz_SixtSE.jpg","datePublished":"2022-10-04T07:09:03+00:00","dateModified":"2022-10-04T09:13:39+00:00","description":"BYD firma un accordo a lungo termine con SIXT, fornitore internazionale leader di servizi di mobilit\u00e0 premium","breadcrumb":{"@id":"https:\/\/www.anicecommunication.com\/it\/byd-sigla-unimportante-emobility-partnership-con-sixt\/#breadcrumb"},"inLanguage":"it-IT","potentialAction":[{"@type":"ReadAction","target":["https:\/\/www.anicecommunication.com\/it\/byd-sigla-unimportante-emobility-partnership-con-sixt\/"]}]},{"@type":"ImageObject","inLanguage":"it-IT","@id":"https:\/\/www.anicecommunication.com\/it\/byd-sigla-unimportante-emobility-partnership-con-sixt\/#primaryimage","url":"https:\/\/www.anicecommunication.com\/it\/wp-content\/uploads\/sites\/3\/2022\/10\/SX_Michael_Shu_BYD_Europe_DX_Vinzens_Planz_SixtSE.jpg","contentUrl":"https:\/\/www.anicecommunication.com\/it\/wp-content\/uploads\/sites\/3\/2022\/10\/SX_Michael_Shu_BYD_Europe_DX_Vinzens_Planz_SixtSE.jpg","width":1269,"height":846,"caption":"SX_Michael_Shu_BYD_Europe_DX_Vinzens_Planz_SixtSE"},{"@type":"BreadcrumbList","@id":"https:\/\/www.anicecommunication.com\/it\/byd-sigla-unimportante-emobility-partnership-con-sixt\/#breadcrumb","itemListElement":[{"@type":"ListItem","position":1,"name":"Home","item":"https:\/\/www.anicecommunication.com\/it\/"},{"@type":"ListItem","position":2,"name":"BYD sigla un&#8217;importante eMobility partnership con SIXT"}]},{"@type":"WebSite","@id":"https:\/\/www.anicecommunication.com\/it\/#website","url":"https:\/\/www.anicecommunication.com\/it\/","name":"IT Anice Communication","description":"Anicecommunication agenzia di pubbliche relazioni,  ufficio stampa, media relations, automotive e mobility a livello internazionale - Torino","publisher":{"@id":"https:\/\/www.anicecommunication.com\/it\/#organization"},"potentialAction":[{"@type":"SearchAction","target":{"@type":"EntryPoint","urlTemplate":"https:\/\/www.anicecommunication.com\/it\/?s={search_term_string}"},"query-input":{"@type":"PropertyValueSpecification","valueRequired":true,"valueName":"search_term_string"}}],"inLanguage":"it-IT"},{"@type":"Organization","@id":"https:\/\/www.anicecommunication.com\/it\/#organization","name":"Anice SRL - Agenzia di comunicazione, mobility and automotive media relations & PR in Italia, Europa","alternateName":"Anicecommunication","url":"https:\/\/www.anicecommunication.com\/it\/","logo":{"@type":"ImageObject","inLanguage":"it-IT","@id":"https:\/\/www.anicecommunication.com\/it\/#\/schema\/logo\/image\/","url":"https:\/\/www.anicecommunication.com\/it\/wp-content\/uploads\/sites\/3\/2023\/06\/Anice_696x696.jpg","contentUrl":"https:\/\/www.anicecommunication.com\/it\/wp-content\/uploads\/sites\/3\/2023\/06\/Anice_696x696.jpg","width":696,"height":696,"caption":"Anice SRL - Agenzia di comunicazione, mobility and automotive media relations & PR in Italia, Europa"},"image":{"@id":"https:\/\/www.anicecommunication.com\/it\/#\/schema\/logo\/image\/"},"sameAs":["https:\/\/www.facebook.com\/anicecommunication","https:\/\/x.com\/Anicecom","https:\/\/instagram.com\/anicecom\/","https:\/\/www.linkedin.com\/company\/anice-s-r-l-"]},{"@type":"Person","@id":"https:\/\/www.anicecommunication.com\/it\/#\/schema\/person\/d8f9046f11c2ab1ff15f1d0d580184d8","name":"Editorial Staff","image":{"@type":"ImageObject","inLanguage":"it-IT","@id":"https:\/\/secure.gravatar.com\/avatar\/62128a8e64953c282b330a12e5b592d8bc5d299b46ab0e6928129ae0d79e528a?s=96&d=mm&r=g","url":"https:\/\/secure.gravatar.com\/avatar\/62128a8e64953c282b330a12e5b592d8bc5d299b46ab0e6928129ae0d79e528a?s=96&d=mm&r=g","contentUrl":"https:\/\/secure.gravatar.com\/avatar\/62128a8e64953c282b330a12e5b592d8bc5d299b46ab0e6928129ae0d79e528a?s=96&d=mm&r=g","caption":"Editorial Staff"},"description":"La redazione di Anicecommunication \u00e8 composta da giornalisti, esperti di comunicazione e marketing, content manager e storyteller.","sameAs":["http:\/\/www.anicecommunication.com","https:\/\/www.facebook.com\/anicecommunication","https:\/\/x.com\/anicecom"]}]}},"_links":{"self":[{"href":"https:\/\/www.anicecommunication.com\/it\/wp-json\/wp\/v2\/posts\/19999","targetHints":{"allow":["GET"]}}],"collection":[{"href":"https:\/\/www.anicecommunication.com\/it\/wp-json\/wp\/v2\/posts"}],"about":[{"href":"https:\/\/www.anicecommunication.com\/it\/wp-json\/wp\/v2\/types\/post"}],"author":[{"embeddable":true,"href":"https:\/\/www.anicecommunication.com\/it\/wp-json\/wp\/v2\/users\/1"}],"replies":[{"embeddable":true,"href":"https:\/\/www.anicecommunication.com\/it\/wp-json\/wp\/v2\/comments?post=19999"}],"version-history":[{"count":3,"href":"https:\/\/www.anicecommunication.com\/it\/wp-json\/wp\/v2\/posts\/19999\/revisions"}],"predecessor-version":[{"id":20003,"href":"https:\/\/www.anicecommunication.com\/it\/wp-json\/wp\/v2\/posts\/19999\/revisions\/20003"}],"wp:featuredmedia":[{"embeddable":true,"href":"https:\/\/www.anicecommunication.com\/it\/wp-json\/wp\/v2\/media\/20000"}],"wp:attachment":[{"href":"https:\/\/www.anicecommunication.com\/it\/wp-json\/wp\/v2\/media?parent=19999"}],"wp:term":[{"taxonomy":"category","embeddable":true,"href":"https:\/\/www.anicecommunication.com\/it\/wp-json\/wp\/v2\/categories?post=19999"},{"taxonomy":"post_tag","embeddable":true,"href":"https:\/\/www.anicecommunication.com\/it\/wp-json\/wp\/v2\/tags?post=19999"}],"curies":[{"name":"wp","href":"https:\/\/api.w.org\/{rel}","templated":true}]}}