{"id":21228,"date":"2023-10-26T10:01:02","date_gmt":"2023-10-26T08:01:02","guid":{"rendered":"https:\/\/www.anicecommunication.com\/it\/?p=21228"},"modified":"2023-10-26T11:46:35","modified_gmt":"2023-10-26T09:46:35","slug":"apollo-tyres-sl-apollo-tyres-trucksport","status":"publish","type":"post","link":"https:\/\/www.anicecommunication.com\/it\/apollo-tyres-sl-apollo-tyres-trucksport\/","title":{"rendered":"SL Apollo Tyres Trucksport conquista il podio nella stagione d&#8217;esordio"},"content":{"rendered":"<p>Sascha Lenz di SL Apollo Tyres Trucksport si \u00e8 aggiudicato il terzo posto assoluto nel Goodyear FIA European Truck Racing Championship (FIA ETRC) 2023 dopo l&#8217;emozionante finale di stagione di questo mese. Un risultato straordinario per Lenz e il suo team nel loro debutto in questo campionato con il sostegno di Apollo Tyres.<!--more--><\/p>\n<p>L&#8217;ultimo weekend di gara sul Circuito del Jarama in Spagna \u00e8 stato ricco di emozioni, con Lenz che ha mantenuto un buon ritmo in ognuna delle quattro gare, molto combattute. In finale di programma, Lenz si \u00e8 schierato al fianco del suo rivale diretto Antonio Albacete in lotta per il terzo posto nella classifica generale dei piloti, superandolo a soli due giri dalla fine.<\/p>\n<p>Lenz ha partecipato al campionato ETRC 2023 con un nuovissimo MAN TGS 2022, personalizzato con una livrea dal caratteristico colore viola con il marchio Apollo Tyres in evidenza. Nel corso della stagione, Lenz ha conquistato diversi piazzamenti sul podio, tra cui due secondi posti, allo Slovakia Ring e al circuito di Tor Poznan in Polonia, e il terzo gradino all&#8217;Autodromo di Most, nella Repubblica Ceca. Nonostante i problemi meccanici riscontrati all&#8217;inizio del campionato, il 35enne tedesco ha continuato a stupire raccogliendo punti in tutti i weekend di gara.<\/p>\n<p><a href=\"https:\/\/www.anicecommunication.com\/it\/wp-content\/uploads\/sites\/3\/2023\/10\/972A6359_sito.jpg\"><img decoding=\"async\" class=\"aligncenter size-full wp-image-21230\" src=\"https:\/\/www.anicecommunication.com\/it\/wp-content\/uploads\/sites\/3\/2023\/10\/972A6359_sito.jpg\" alt=\"Sascha Lenz di SL Apollo Tyres Trucksport\" width=\"1800\" height=\"1200\" srcset=\"https:\/\/www.anicecommunication.com\/it\/wp-content\/uploads\/sites\/3\/2023\/10\/972A6359_sito-200x133.jpg 200w, https:\/\/www.anicecommunication.com\/it\/wp-content\/uploads\/sites\/3\/2023\/10\/972A6359_sito-300x200.jpg 300w, https:\/\/www.anicecommunication.com\/it\/wp-content\/uploads\/sites\/3\/2023\/10\/972A6359_sito-400x267.jpg 400w, https:\/\/www.anicecommunication.com\/it\/wp-content\/uploads\/sites\/3\/2023\/10\/972A6359_sito-600x400.jpg 600w, https:\/\/www.anicecommunication.com\/it\/wp-content\/uploads\/sites\/3\/2023\/10\/972A6359_sito-768x512.jpg 768w, https:\/\/www.anicecommunication.com\/it\/wp-content\/uploads\/sites\/3\/2023\/10\/972A6359_sito-800x533.jpg 800w, https:\/\/www.anicecommunication.com\/it\/wp-content\/uploads\/sites\/3\/2023\/10\/972A6359_sito-1024x683.jpg 1024w, https:\/\/www.anicecommunication.com\/it\/wp-content\/uploads\/sites\/3\/2023\/10\/972A6359_sito-1200x800.jpg 1200w, https:\/\/www.anicecommunication.com\/it\/wp-content\/uploads\/sites\/3\/2023\/10\/972A6359_sito-1536x1024.jpg 1536w, https:\/\/www.anicecommunication.com\/it\/wp-content\/uploads\/sites\/3\/2023\/10\/972A6359_sito.jpg 1800w\" sizes=\"(max-width: 1800px) 100vw, 1800px\" \/><\/a><\/p>\n<p>Lenz si \u00e8 anche aggiudicato il terzo posto nel Campionato a Squadre insieme al collega Jaimie Anderson dell&#8217;Anderson Racing. Il Campionato a squadre si svolge parallelamente alla serie principale e vede ogni concorrente fare coppia con un altro pilota combinando i punteggi di entrambi in ogni gara. Con il nome di L\u00f6wen Power Team, Lenz e Anderson hanno ottenuto un totale di 478 punti.<\/p>\n<p>Per le sue prestazioni individuali durante la stagione 2023, Lenz \u00e8 stato anche premiato con il prestigioso \u201cDriver&#8217;s Driver Award\u201d, risultando il pi\u00f9 votato dagli altri concorrenti del FIA ETRC.<\/p>\n<p>Lenz ha commentato: &#8220;\u00c8 stato uno straordinario sforzo collettivo quello che ci ha portato a questo punto, e non avrei potuto farlo senza il sostegno e la dedizione del team, dei nostri fornitori e degli sponsor. Mentre ci concediamo una pausa per festeggiare i nostri risultati, guardiamo anche alla nuova stagione 2024, determinati a salire ancora pi\u00f9 in alto in classifica. Il sostegno di Apollo Tyres quest&#8217;anno \u00e8 stato prezioso ed \u00e8 stato un piacere lavorare con un&#8217;azienda cos\u00ec appassionata di corse di camion e di questo esclusivo campionato&#8221;.<\/p>\n<p><a href=\"https:\/\/www.anicecommunication.com\/it\/wp-content\/uploads\/sites\/3\/2023\/10\/972A5902_sito.jpg\"><img decoding=\"async\" class=\"aligncenter size-full wp-image-21232\" src=\"https:\/\/www.anicecommunication.com\/it\/wp-content\/uploads\/sites\/3\/2023\/10\/972A5902_sito.jpg\" alt=\"Sascha Lenz di SL Apollo Tyres Trucksport\" width=\"1800\" height=\"1200\" srcset=\"https:\/\/www.anicecommunication.com\/it\/wp-content\/uploads\/sites\/3\/2023\/10\/972A5902_sito-200x133.jpg 200w, https:\/\/www.anicecommunication.com\/it\/wp-content\/uploads\/sites\/3\/2023\/10\/972A5902_sito-300x200.jpg 300w, https:\/\/www.anicecommunication.com\/it\/wp-content\/uploads\/sites\/3\/2023\/10\/972A5902_sito-400x267.jpg 400w, https:\/\/www.anicecommunication.com\/it\/wp-content\/uploads\/sites\/3\/2023\/10\/972A5902_sito-600x400.jpg 600w, https:\/\/www.anicecommunication.com\/it\/wp-content\/uploads\/sites\/3\/2023\/10\/972A5902_sito-768x512.jpg 768w, https:\/\/www.anicecommunication.com\/it\/wp-content\/uploads\/sites\/3\/2023\/10\/972A5902_sito-800x533.jpg 800w, https:\/\/www.anicecommunication.com\/it\/wp-content\/uploads\/sites\/3\/2023\/10\/972A5902_sito-1024x683.jpg 1024w, https:\/\/www.anicecommunication.com\/it\/wp-content\/uploads\/sites\/3\/2023\/10\/972A5902_sito-1200x800.jpg 1200w, https:\/\/www.anicecommunication.com\/it\/wp-content\/uploads\/sites\/3\/2023\/10\/972A5902_sito-1536x1024.jpg 1536w, https:\/\/www.anicecommunication.com\/it\/wp-content\/uploads\/sites\/3\/2023\/10\/972A5902_sito.jpg 1800w\" sizes=\"(max-width: 1800px) 100vw, 1800px\" \/><\/a><\/p>\n<p>John Nikhil Joy, European Cluster TBR Product Director di Apollo Tyres, ha dichiarato: &#8220;Nel corso di questa combattuta stagione Sascha e il suo team ci hanno impressionato per la loro implacabile determinazione e bravura. Le esaltanti gare in Spagna hanno chiuso un campionato lungo e molto impegnativo, pieno di alti e bassi, e siamo felici di come si \u00e8 concluso. \u00c8 stato molto gratificante aiutare Sascha a ottenere il massimo dal suo mezzo e non vediamo l&#8217;ora che inizi la nuova stagione\u201d.<\/p>\n<p>\u201cLa nostra sempre pi\u00f9 intensa collaborazione con SL Trucksport 30 \u2013 continua John Nikhil Joy \u2013 ci permette di mostrare gli pneumatici Apollo in tutta Europa, favorendo la conoscenza del marchio tra migliaia di spettatori e telespettatori. Il nostro coinvolgimento nella serie ETRC \u00e8 diventato un pilastro centrale della nostra strategia di partecipazione a eventi sportivi internazionali incentrati sulle prestazioni e contiamo di consolidare il successo ottenuto quest\u2019anno.\u201d<\/p>\n<p><a href=\"https:\/\/www.anicecommunication.com\/it\/wp-content\/uploads\/sites\/3\/2023\/10\/201A3116_sito.jpg\"><img decoding=\"async\" class=\"aligncenter size-full wp-image-21231\" src=\"https:\/\/www.anicecommunication.com\/it\/wp-content\/uploads\/sites\/3\/2023\/10\/201A3116_sito.jpg\" alt=\"Sascha Lenz di SL Apollo Tyres Trucksport\" width=\"1800\" height=\"1200\" srcset=\"https:\/\/www.anicecommunication.com\/it\/wp-content\/uploads\/sites\/3\/2023\/10\/201A3116_sito-200x133.jpg 200w, https:\/\/www.anicecommunication.com\/it\/wp-content\/uploads\/sites\/3\/2023\/10\/201A3116_sito-300x200.jpg 300w, https:\/\/www.anicecommunication.com\/it\/wp-content\/uploads\/sites\/3\/2023\/10\/201A3116_sito-400x267.jpg 400w, https:\/\/www.anicecommunication.com\/it\/wp-content\/uploads\/sites\/3\/2023\/10\/201A3116_sito-600x400.jpg 600w, https:\/\/www.anicecommunication.com\/it\/wp-content\/uploads\/sites\/3\/2023\/10\/201A3116_sito-768x512.jpg 768w, https:\/\/www.anicecommunication.com\/it\/wp-content\/uploads\/sites\/3\/2023\/10\/201A3116_sito-800x533.jpg 800w, https:\/\/www.anicecommunication.com\/it\/wp-content\/uploads\/sites\/3\/2023\/10\/201A3116_sito-1024x683.jpg 1024w, https:\/\/www.anicecommunication.com\/it\/wp-content\/uploads\/sites\/3\/2023\/10\/201A3116_sito-1200x800.jpg 1200w, https:\/\/www.anicecommunication.com\/it\/wp-content\/uploads\/sites\/3\/2023\/10\/201A3116_sito-1536x1024.jpg 1536w, https:\/\/www.anicecommunication.com\/it\/wp-content\/uploads\/sites\/3\/2023\/10\/201A3116_sito.jpg 1800w\" sizes=\"(max-width: 1800px) 100vw, 1800px\" \/><\/a><\/p>\n<p><strong>Informazioni sulla serie FIA ETRC<\/strong><\/p>\n<p>Il Goodyear FIA European Truck Racing Championship \u00e8 uno dei campionati su pista pi\u00f9 spettacolari e impegnativi del mondo. I piloti sono suddivisi in Chrome e Titan, due categorie che riflettono la loro esperienza di gara passata e il loro record di vittorie. Il limite di velocit\u00e0 \u00e8 di 160 km\/h e i veicoli devono avere un peso minimo di 5.300 kg con una potenza massima di 1.200 CV e 5.000 Nm di coppia.<\/p>\n<p>Il FIA European Truck Racing Championship ha intrapreso un percorso verso una maggiore sostenibilit\u00e0: ad esempio, tutti i camion che gareggiano sono alimentati da HVO-diesel 100% rinnovabile.<\/p>\n<p>Le corse di camion continuano a crescere in popolarit\u00e0 e il pi\u00f9 importante campionato di questa categoria della FIA ha un pubblico globale online e televisivo di 60 milioni di persone con circa 420.000 spettatori in autodromo.<\/p>\n<p>Per ulteriori informazioni su SL Apollo Tyres Trucksport, visitare il sito: <a href=\"https:\/\/www.goodyearfiaetrc.com\/team\/sl-apollo-tyres-trucksport\">goodyearfiaetrc.com\/team\/sl-apollo-tyres-trucksport<\/a><\/p>\n<p><strong>Amsterdam, 26 ottobre 2023<\/strong><\/p>\n<p><a href=\"https:\/\/www.anicecommunication.it\/Apollo\/231026\/231026_Apollo_Tyres_FIA_ETRC_2023.zip\" target=\"_blank\" rel=\"noopener\">Scarica testo e immagine ad alta definizione &gt;<\/a><\/p>\n<p><a href=\"https:\/\/www.anicecommunication.com\/it\/anice-experience\/ufficio-stampa-apollo-tyres_vredestein-italia\/\">Anicecommunication Ufficio Stampa Apollo Tyres e Vredestein Italia<\/a><\/p>\n","protected":false},"excerpt":{"rendered":"<p>Sascha Lenz di SL Apollo Tyres Trucksport si \u00e8 aggiudicato il terzo posto assoluto nel Goodyear FIA European Truck Racing Championship (FIA ETRC) 2023 dopo l&#8217;emozionante finale di stagione di questo mese. Un risultato straordinario per Lenz e il suo team nel loro debutto in questo campionato con il sostegno di Apollo Tyres.<\/p>\n","protected":false},"author":1,"featured_media":21232,"comment_status":"closed","ping_status":"closed","sticky":false,"template":"","format":"standard","meta":{"footnotes":""},"categories":[608,467,80],"tags":[719,1465,1257,1464,1374],"class_list":["post-21228","post","type-post","status-publish","format-standard","has-post-thumbnail","hentry","category-apollo-vredestein","category-press_room","category-blog-anicecommunication","tag-apollo-tyres","tag-fia-etrc","tag-sascha-lenz","tag-sascha-lenz-sl-apollo-tyres-trucksport","tag-sl-apollo-tyres-trucksport"],"yoast_head":"<!-- This site is optimized with the Yoast SEO plugin v27.4 - https:\/\/yoast.com\/product\/yoast-seo-wordpress\/ -->\n<title>SL Apollo Tyres Trucksport: podio nella stagione d&#039;esordio<\/title>\n<meta name=\"description\" content=\"SL Apollo Tyres Trucksport si \u00e8 aggiudicato il terzo posto assoluto nel Goodyear FIA European Truck Racing Championship (FIA ETRC)\" \/>\n<meta name=\"robots\" content=\"index, follow, max-snippet:-1, max-image-preview:large, max-video-preview:-1\" \/>\n<link rel=\"canonical\" href=\"https:\/\/www.anicecommunication.com\/it\/apollo-tyres-sl-apollo-tyres-trucksport\/\" \/>\n<meta property=\"og:locale\" content=\"it_IT\" \/>\n<meta property=\"og:type\" content=\"article\" \/>\n<meta property=\"og:title\" content=\"SL Apollo Tyres Trucksport: podio nella stagione d&#039;esordio\" \/>\n<meta property=\"og:description\" content=\"SL Apollo Tyres Trucksport si \u00e8 aggiudicato il terzo posto assoluto nel Goodyear FIA European Truck Racing Championship (FIA ETRC)\" \/>\n<meta property=\"og:url\" content=\"https:\/\/www.anicecommunication.com\/it\/apollo-tyres-sl-apollo-tyres-trucksport\/\" \/>\n<meta property=\"og:site_name\" content=\"IT Anice Communication\" \/>\n<meta property=\"article:publisher\" content=\"https:\/\/www.facebook.com\/anicecommunication\" \/>\n<meta property=\"article:author\" content=\"https:\/\/www.facebook.com\/anicecommunication\" \/>\n<meta property=\"article:published_time\" content=\"2023-10-26T08:01:02+00:00\" \/>\n<meta property=\"article:modified_time\" content=\"2023-10-26T09:46:35+00:00\" \/>\n<meta property=\"og:image\" content=\"https:\/\/www.anicecommunication.com\/it\/wp-content\/uploads\/sites\/3\/2023\/10\/972A5902_sito.jpg\" \/>\n\t<meta property=\"og:image:width\" content=\"1800\" \/>\n\t<meta property=\"og:image:height\" content=\"1200\" \/>\n\t<meta property=\"og:image:type\" content=\"image\/jpeg\" \/>\n<meta name=\"author\" content=\"Editorial Staff\" \/>\n<meta name=\"twitter:label1\" content=\"Scritto da\" \/>\n\t<meta name=\"twitter:data1\" content=\"Editorial Staff\" \/>\n\t<meta name=\"twitter:label2\" content=\"Tempo di lettura stimato\" \/>\n\t<meta name=\"twitter:data2\" content=\"5 minuti\" \/>\n<script type=\"application\/ld+json\" class=\"yoast-schema-graph\">{\"@context\":\"https:\\\/\\\/schema.org\",\"@graph\":[{\"@type\":\"Article\",\"@id\":\"https:\\\/\\\/www.anicecommunication.com\\\/it\\\/apollo-tyres-sl-apollo-tyres-trucksport\\\/#article\",\"isPartOf\":{\"@id\":\"https:\\\/\\\/www.anicecommunication.com\\\/it\\\/apollo-tyres-sl-apollo-tyres-trucksport\\\/\"},\"author\":{\"name\":\"Editorial Staff\",\"@id\":\"https:\\\/\\\/www.anicecommunication.com\\\/it\\\/#\\\/schema\\\/person\\\/d8f9046f11c2ab1ff15f1d0d580184d8\"},\"headline\":\"SL Apollo Tyres Trucksport conquista il podio nella stagione d&#8217;esordio\",\"datePublished\":\"2023-10-26T08:01:02+00:00\",\"dateModified\":\"2023-10-26T09:46:35+00:00\",\"mainEntityOfPage\":{\"@id\":\"https:\\\/\\\/www.anicecommunication.com\\\/it\\\/apollo-tyres-sl-apollo-tyres-trucksport\\\/\"},\"wordCount\":708,\"publisher\":{\"@id\":\"https:\\\/\\\/www.anicecommunication.com\\\/it\\\/#organization\"},\"image\":{\"@id\":\"https:\\\/\\\/www.anicecommunication.com\\\/it\\\/apollo-tyres-sl-apollo-tyres-trucksport\\\/#primaryimage\"},\"thumbnailUrl\":\"https:\\\/\\\/www.anicecommunication.com\\\/it\\\/wp-content\\\/uploads\\\/sites\\\/3\\\/2023\\\/10\\\/972A5902_sito.jpg\",\"keywords\":[\"Apollo Tyres\",\"FIA ETRC\",\"Sascha Lenz\",\"Sascha Lenz SL Apollo Tyres Trucksport\",\"SL Apollo Tyres Trucksport\"],\"articleSection\":[\"Apollo Tyres | Vredestein\",\"Press Room\",\"What A Nice Blog!\"],\"inLanguage\":\"it-IT\"},{\"@type\":\"WebPage\",\"@id\":\"https:\\\/\\\/www.anicecommunication.com\\\/it\\\/apollo-tyres-sl-apollo-tyres-trucksport\\\/\",\"url\":\"https:\\\/\\\/www.anicecommunication.com\\\/it\\\/apollo-tyres-sl-apollo-tyres-trucksport\\\/\",\"name\":\"SL Apollo Tyres Trucksport: podio nella stagione d'esordio\",\"isPartOf\":{\"@id\":\"https:\\\/\\\/www.anicecommunication.com\\\/it\\\/#website\"},\"primaryImageOfPage\":{\"@id\":\"https:\\\/\\\/www.anicecommunication.com\\\/it\\\/apollo-tyres-sl-apollo-tyres-trucksport\\\/#primaryimage\"},\"image\":{\"@id\":\"https:\\\/\\\/www.anicecommunication.com\\\/it\\\/apollo-tyres-sl-apollo-tyres-trucksport\\\/#primaryimage\"},\"thumbnailUrl\":\"https:\\\/\\\/www.anicecommunication.com\\\/it\\\/wp-content\\\/uploads\\\/sites\\\/3\\\/2023\\\/10\\\/972A5902_sito.jpg\",\"datePublished\":\"2023-10-26T08:01:02+00:00\",\"dateModified\":\"2023-10-26T09:46:35+00:00\",\"description\":\"SL Apollo Tyres Trucksport si \u00e8 aggiudicato il terzo posto assoluto nel Goodyear FIA European Truck Racing Championship (FIA ETRC)\",\"breadcrumb\":{\"@id\":\"https:\\\/\\\/www.anicecommunication.com\\\/it\\\/apollo-tyres-sl-apollo-tyres-trucksport\\\/#breadcrumb\"},\"inLanguage\":\"it-IT\",\"potentialAction\":[{\"@type\":\"ReadAction\",\"target\":[\"https:\\\/\\\/www.anicecommunication.com\\\/it\\\/apollo-tyres-sl-apollo-tyres-trucksport\\\/\"]}]},{\"@type\":\"ImageObject\",\"inLanguage\":\"it-IT\",\"@id\":\"https:\\\/\\\/www.anicecommunication.com\\\/it\\\/apollo-tyres-sl-apollo-tyres-trucksport\\\/#primaryimage\",\"url\":\"https:\\\/\\\/www.anicecommunication.com\\\/it\\\/wp-content\\\/uploads\\\/sites\\\/3\\\/2023\\\/10\\\/972A5902_sito.jpg\",\"contentUrl\":\"https:\\\/\\\/www.anicecommunication.com\\\/it\\\/wp-content\\\/uploads\\\/sites\\\/3\\\/2023\\\/10\\\/972A5902_sito.jpg\",\"width\":1800,\"height\":1200,\"caption\":\"Sascha Lenz di SL Apollo Tyres Trucksport\"},{\"@type\":\"BreadcrumbList\",\"@id\":\"https:\\\/\\\/www.anicecommunication.com\\\/it\\\/apollo-tyres-sl-apollo-tyres-trucksport\\\/#breadcrumb\",\"itemListElement\":[{\"@type\":\"ListItem\",\"position\":1,\"name\":\"Home\",\"item\":\"https:\\\/\\\/www.anicecommunication.com\\\/it\\\/\"},{\"@type\":\"ListItem\",\"position\":2,\"name\":\"SL Apollo Tyres Trucksport conquista il podio nella stagione d&#8217;esordio\"}]},{\"@type\":\"WebSite\",\"@id\":\"https:\\\/\\\/www.anicecommunication.com\\\/it\\\/#website\",\"url\":\"https:\\\/\\\/www.anicecommunication.com\\\/it\\\/\",\"name\":\"IT Anice Communication\",\"description\":\"Anicecommunication agenzia di pubbliche relazioni,  ufficio stampa, media relations, automotive e mobility a livello internazionale - Torino\",\"publisher\":{\"@id\":\"https:\\\/\\\/www.anicecommunication.com\\\/it\\\/#organization\"},\"potentialAction\":[{\"@type\":\"SearchAction\",\"target\":{\"@type\":\"EntryPoint\",\"urlTemplate\":\"https:\\\/\\\/www.anicecommunication.com\\\/it\\\/?s={search_term_string}\"},\"query-input\":{\"@type\":\"PropertyValueSpecification\",\"valueRequired\":true,\"valueName\":\"search_term_string\"}}],\"inLanguage\":\"it-IT\"},{\"@type\":\"Organization\",\"@id\":\"https:\\\/\\\/www.anicecommunication.com\\\/it\\\/#organization\",\"name\":\"Anice SRL - Agenzia di comunicazione, mobility and automotive media relations & PR in Italia, Europa\",\"alternateName\":\"Anicecommunication\",\"url\":\"https:\\\/\\\/www.anicecommunication.com\\\/it\\\/\",\"logo\":{\"@type\":\"ImageObject\",\"inLanguage\":\"it-IT\",\"@id\":\"https:\\\/\\\/www.anicecommunication.com\\\/it\\\/#\\\/schema\\\/logo\\\/image\\\/\",\"url\":\"https:\\\/\\\/www.anicecommunication.com\\\/it\\\/wp-content\\\/uploads\\\/sites\\\/3\\\/2023\\\/06\\\/Anice_696x696.jpg\",\"contentUrl\":\"https:\\\/\\\/www.anicecommunication.com\\\/it\\\/wp-content\\\/uploads\\\/sites\\\/3\\\/2023\\\/06\\\/Anice_696x696.jpg\",\"width\":696,\"height\":696,\"caption\":\"Anice SRL - Agenzia di comunicazione, mobility and automotive media relations & PR in Italia, Europa\"},\"image\":{\"@id\":\"https:\\\/\\\/www.anicecommunication.com\\\/it\\\/#\\\/schema\\\/logo\\\/image\\\/\"},\"sameAs\":[\"https:\\\/\\\/www.facebook.com\\\/anicecommunication\",\"https:\\\/\\\/x.com\\\/Anicecom\",\"https:\\\/\\\/instagram.com\\\/anicecom\\\/\",\"https:\\\/\\\/www.linkedin.com\\\/company\\\/anice-s-r-l-\"]},{\"@type\":\"Person\",\"@id\":\"https:\\\/\\\/www.anicecommunication.com\\\/it\\\/#\\\/schema\\\/person\\\/d8f9046f11c2ab1ff15f1d0d580184d8\",\"name\":\"Editorial Staff\",\"image\":{\"@type\":\"ImageObject\",\"inLanguage\":\"it-IT\",\"@id\":\"https:\\\/\\\/secure.gravatar.com\\\/avatar\\\/62128a8e64953c282b330a12e5b592d8bc5d299b46ab0e6928129ae0d79e528a?s=96&d=mm&r=g\",\"url\":\"https:\\\/\\\/secure.gravatar.com\\\/avatar\\\/62128a8e64953c282b330a12e5b592d8bc5d299b46ab0e6928129ae0d79e528a?s=96&d=mm&r=g\",\"contentUrl\":\"https:\\\/\\\/secure.gravatar.com\\\/avatar\\\/62128a8e64953c282b330a12e5b592d8bc5d299b46ab0e6928129ae0d79e528a?s=96&d=mm&r=g\",\"caption\":\"Editorial Staff\"},\"description\":\"La redazione di Anicecommunication \u00e8 composta da giornalisti, esperti di comunicazione e marketing, content manager e storyteller.\",\"sameAs\":[\"http:\\\/\\\/www.anicecommunication.com\",\"https:\\\/\\\/www.facebook.com\\\/anicecommunication\",\"https:\\\/\\\/x.com\\\/anicecom\"]}]}<\/script>\n<!-- \/ Yoast SEO plugin. -->","yoast_head_json":{"title":"SL Apollo Tyres Trucksport: podio nella stagione d'esordio","description":"SL Apollo Tyres Trucksport si \u00e8 aggiudicato il terzo posto assoluto nel Goodyear FIA European Truck Racing Championship (FIA ETRC)","robots":{"index":"index","follow":"follow","max-snippet":"max-snippet:-1","max-image-preview":"max-image-preview:large","max-video-preview":"max-video-preview:-1"},"canonical":"https:\/\/www.anicecommunication.com\/it\/apollo-tyres-sl-apollo-tyres-trucksport\/","og_locale":"it_IT","og_type":"article","og_title":"SL Apollo Tyres Trucksport: podio nella stagione d'esordio","og_description":"SL Apollo Tyres Trucksport si \u00e8 aggiudicato il terzo posto assoluto nel Goodyear FIA European Truck Racing Championship (FIA ETRC)","og_url":"https:\/\/www.anicecommunication.com\/it\/apollo-tyres-sl-apollo-tyres-trucksport\/","og_site_name":"IT Anice Communication","article_publisher":"https:\/\/www.facebook.com\/anicecommunication","article_author":"https:\/\/www.facebook.com\/anicecommunication","article_published_time":"2023-10-26T08:01:02+00:00","article_modified_time":"2023-10-26T09:46:35+00:00","og_image":[{"width":1800,"height":1200,"url":"https:\/\/www.anicecommunication.com\/it\/wp-content\/uploads\/sites\/3\/2023\/10\/972A5902_sito.jpg","type":"image\/jpeg"}],"author":"Editorial Staff","twitter_misc":{"Scritto da":"Editorial Staff","Tempo di lettura stimato":"5 minuti"},"schema":{"@context":"https:\/\/schema.org","@graph":[{"@type":"Article","@id":"https:\/\/www.anicecommunication.com\/it\/apollo-tyres-sl-apollo-tyres-trucksport\/#article","isPartOf":{"@id":"https:\/\/www.anicecommunication.com\/it\/apollo-tyres-sl-apollo-tyres-trucksport\/"},"author":{"name":"Editorial Staff","@id":"https:\/\/www.anicecommunication.com\/it\/#\/schema\/person\/d8f9046f11c2ab1ff15f1d0d580184d8"},"headline":"SL Apollo Tyres Trucksport conquista il podio nella stagione d&#8217;esordio","datePublished":"2023-10-26T08:01:02+00:00","dateModified":"2023-10-26T09:46:35+00:00","mainEntityOfPage":{"@id":"https:\/\/www.anicecommunication.com\/it\/apollo-tyres-sl-apollo-tyres-trucksport\/"},"wordCount":708,"publisher":{"@id":"https:\/\/www.anicecommunication.com\/it\/#organization"},"image":{"@id":"https:\/\/www.anicecommunication.com\/it\/apollo-tyres-sl-apollo-tyres-trucksport\/#primaryimage"},"thumbnailUrl":"https:\/\/www.anicecommunication.com\/it\/wp-content\/uploads\/sites\/3\/2023\/10\/972A5902_sito.jpg","keywords":["Apollo Tyres","FIA ETRC","Sascha Lenz","Sascha Lenz SL Apollo Tyres Trucksport","SL Apollo Tyres Trucksport"],"articleSection":["Apollo Tyres | Vredestein","Press Room","What A Nice Blog!"],"inLanguage":"it-IT"},{"@type":"WebPage","@id":"https:\/\/www.anicecommunication.com\/it\/apollo-tyres-sl-apollo-tyres-trucksport\/","url":"https:\/\/www.anicecommunication.com\/it\/apollo-tyres-sl-apollo-tyres-trucksport\/","name":"SL Apollo Tyres Trucksport: podio nella stagione d'esordio","isPartOf":{"@id":"https:\/\/www.anicecommunication.com\/it\/#website"},"primaryImageOfPage":{"@id":"https:\/\/www.anicecommunication.com\/it\/apollo-tyres-sl-apollo-tyres-trucksport\/#primaryimage"},"image":{"@id":"https:\/\/www.anicecommunication.com\/it\/apollo-tyres-sl-apollo-tyres-trucksport\/#primaryimage"},"thumbnailUrl":"https:\/\/www.anicecommunication.com\/it\/wp-content\/uploads\/sites\/3\/2023\/10\/972A5902_sito.jpg","datePublished":"2023-10-26T08:01:02+00:00","dateModified":"2023-10-26T09:46:35+00:00","description":"SL Apollo Tyres Trucksport si \u00e8 aggiudicato il terzo posto assoluto nel Goodyear FIA European Truck Racing Championship (FIA ETRC)","breadcrumb":{"@id":"https:\/\/www.anicecommunication.com\/it\/apollo-tyres-sl-apollo-tyres-trucksport\/#breadcrumb"},"inLanguage":"it-IT","potentialAction":[{"@type":"ReadAction","target":["https:\/\/www.anicecommunication.com\/it\/apollo-tyres-sl-apollo-tyres-trucksport\/"]}]},{"@type":"ImageObject","inLanguage":"it-IT","@id":"https:\/\/www.anicecommunication.com\/it\/apollo-tyres-sl-apollo-tyres-trucksport\/#primaryimage","url":"https:\/\/www.anicecommunication.com\/it\/wp-content\/uploads\/sites\/3\/2023\/10\/972A5902_sito.jpg","contentUrl":"https:\/\/www.anicecommunication.com\/it\/wp-content\/uploads\/sites\/3\/2023\/10\/972A5902_sito.jpg","width":1800,"height":1200,"caption":"Sascha Lenz di SL Apollo Tyres Trucksport"},{"@type":"BreadcrumbList","@id":"https:\/\/www.anicecommunication.com\/it\/apollo-tyres-sl-apollo-tyres-trucksport\/#breadcrumb","itemListElement":[{"@type":"ListItem","position":1,"name":"Home","item":"https:\/\/www.anicecommunication.com\/it\/"},{"@type":"ListItem","position":2,"name":"SL Apollo Tyres Trucksport conquista il podio nella stagione d&#8217;esordio"}]},{"@type":"WebSite","@id":"https:\/\/www.anicecommunication.com\/it\/#website","url":"https:\/\/www.anicecommunication.com\/it\/","name":"IT Anice Communication","description":"Anicecommunication agenzia di pubbliche relazioni,  ufficio stampa, media relations, automotive e mobility a livello internazionale - Torino","publisher":{"@id":"https:\/\/www.anicecommunication.com\/it\/#organization"},"potentialAction":[{"@type":"SearchAction","target":{"@type":"EntryPoint","urlTemplate":"https:\/\/www.anicecommunication.com\/it\/?s={search_term_string}"},"query-input":{"@type":"PropertyValueSpecification","valueRequired":true,"valueName":"search_term_string"}}],"inLanguage":"it-IT"},{"@type":"Organization","@id":"https:\/\/www.anicecommunication.com\/it\/#organization","name":"Anice SRL - Agenzia di comunicazione, mobility and automotive media relations & PR in Italia, Europa","alternateName":"Anicecommunication","url":"https:\/\/www.anicecommunication.com\/it\/","logo":{"@type":"ImageObject","inLanguage":"it-IT","@id":"https:\/\/www.anicecommunication.com\/it\/#\/schema\/logo\/image\/","url":"https:\/\/www.anicecommunication.com\/it\/wp-content\/uploads\/sites\/3\/2023\/06\/Anice_696x696.jpg","contentUrl":"https:\/\/www.anicecommunication.com\/it\/wp-content\/uploads\/sites\/3\/2023\/06\/Anice_696x696.jpg","width":696,"height":696,"caption":"Anice SRL - Agenzia di comunicazione, mobility and automotive media relations & PR in Italia, Europa"},"image":{"@id":"https:\/\/www.anicecommunication.com\/it\/#\/schema\/logo\/image\/"},"sameAs":["https:\/\/www.facebook.com\/anicecommunication","https:\/\/x.com\/Anicecom","https:\/\/instagram.com\/anicecom\/","https:\/\/www.linkedin.com\/company\/anice-s-r-l-"]},{"@type":"Person","@id":"https:\/\/www.anicecommunication.com\/it\/#\/schema\/person\/d8f9046f11c2ab1ff15f1d0d580184d8","name":"Editorial Staff","image":{"@type":"ImageObject","inLanguage":"it-IT","@id":"https:\/\/secure.gravatar.com\/avatar\/62128a8e64953c282b330a12e5b592d8bc5d299b46ab0e6928129ae0d79e528a?s=96&d=mm&r=g","url":"https:\/\/secure.gravatar.com\/avatar\/62128a8e64953c282b330a12e5b592d8bc5d299b46ab0e6928129ae0d79e528a?s=96&d=mm&r=g","contentUrl":"https:\/\/secure.gravatar.com\/avatar\/62128a8e64953c282b330a12e5b592d8bc5d299b46ab0e6928129ae0d79e528a?s=96&d=mm&r=g","caption":"Editorial Staff"},"description":"La redazione di Anicecommunication \u00e8 composta da giornalisti, esperti di comunicazione e marketing, content manager e storyteller.","sameAs":["http:\/\/www.anicecommunication.com","https:\/\/www.facebook.com\/anicecommunication","https:\/\/x.com\/anicecom"]}]}},"_links":{"self":[{"href":"https:\/\/www.anicecommunication.com\/it\/wp-json\/wp\/v2\/posts\/21228","targetHints":{"allow":["GET"]}}],"collection":[{"href":"https:\/\/www.anicecommunication.com\/it\/wp-json\/wp\/v2\/posts"}],"about":[{"href":"https:\/\/www.anicecommunication.com\/it\/wp-json\/wp\/v2\/types\/post"}],"author":[{"embeddable":true,"href":"https:\/\/www.anicecommunication.com\/it\/wp-json\/wp\/v2\/users\/1"}],"replies":[{"embeddable":true,"href":"https:\/\/www.anicecommunication.com\/it\/wp-json\/wp\/v2\/comments?post=21228"}],"version-history":[{"count":2,"href":"https:\/\/www.anicecommunication.com\/it\/wp-json\/wp\/v2\/posts\/21228\/revisions"}],"predecessor-version":[{"id":21233,"href":"https:\/\/www.anicecommunication.com\/it\/wp-json\/wp\/v2\/posts\/21228\/revisions\/21233"}],"wp:featuredmedia":[{"embeddable":true,"href":"https:\/\/www.anicecommunication.com\/it\/wp-json\/wp\/v2\/media\/21232"}],"wp:attachment":[{"href":"https:\/\/www.anicecommunication.com\/it\/wp-json\/wp\/v2\/media?parent=21228"}],"wp:term":[{"taxonomy":"category","embeddable":true,"href":"https:\/\/www.anicecommunication.com\/it\/wp-json\/wp\/v2\/categories?post=21228"},{"taxonomy":"post_tag","embeddable":true,"href":"https:\/\/www.anicecommunication.com\/it\/wp-json\/wp\/v2\/tags?post=21228"}],"curies":[{"name":"wp","href":"https:\/\/api.w.org\/{rel}","templated":true}]}}