{"id":21973,"date":"2024-09-03T10:31:04","date_gmt":"2024-09-03T08:31:04","guid":{"rendered":"https:\/\/www.anicecommunication.com\/it\/?p=21973"},"modified":"2024-09-03T15:39:09","modified_gmt":"2024-09-03T13:39:09","slug":"mawdy-a-misano-dal-6-all8-settembre-in-occasione-del-moto-gp","status":"publish","type":"post","link":"https:\/\/www.anicecommunication.com\/it\/mawdy-a-misano-dal-6-all8-settembre-in-occasione-del-moto-gp\/","title":{"rendered":"MAWDY a Misano dal 6 all\u20198 settembre in occasione del Moto GP"},"content":{"rendered":"<p>MAWDY a Misano dal 6 all\u20198 settembre in occasione del Moto GP: una storia di grandi sfide e importanti traguardi.<!--more--><\/p>\n<ul>\n<li><strong>Un esclusivo spazio Vip riservato a MAWDY all\u2019interno del Gresini Events Village sar\u00e0 allestito presso l\u2019autodromo romagnolo dal 6 all\u20198 settembre<\/strong><\/li>\n<li><strong>L\u2019entusiasmante programma di prove e gara del Moto GP sar\u00e0 lo scenario perfetto per festeggiare gli importanti traguardi di MAWDY e il nuovo prodotto Jerez, dedicato al mondo delle due ruote<\/strong><\/li>\n<li><strong>Previsti incontri con dealer e fornitori e la chiusura del progetto triennale rivolto alle nuove generazioni di dealer dal titolo \u201cL\u2019evoluzione imprenditoriale per la continuit\u00e0 aziendale\u201d<\/strong><\/li>\n<\/ul>\n<p>MAWDY e MAWDY Services, in collaborazione con Gresini Events, saranno presenti alla tre giorni del Gran Premio Red Bull di San Marino e della Riviera di Rimini dal 6 all\u20198 settembre presso l\u2019autodromo Marco Simoncelli di Misano con un\u2019area Vip riservata ai propri ospiti, dealer, fornitori e agenti.<\/p>\n<p>Un\u2019occasione di incontro e la giusta cornice per sottolineare l\u2019impegno di MAWDY Services, gi\u00e0 leader nel settore automotive, anche <strong>nel mondo delle due ruote, grazie al suo innovativo prodotto Jerez<\/strong>, che prende il nome dal mitico circuito andaluso.<\/p>\n<p>Parte del bouquet di proposte di <strong>MiA Drive Protection<\/strong>, Jerez \u00e8 il programma di garanzia meccanica dedicata a moto, ciclomotori, moto fuoristrada a quattro ruote motrici, moto con 3 o 4 ruote, sia nuovi sia usati, che include l\u2019assistenza stradale in tutta Italia ed Europa. Una soluzione smart e connessa, che va incontro alle mutate esigenze dei motociclisti, che in caso di necessit\u00e0 possono richiedere supporto operativo in autonomia attraverso Web App (PWA) con pochi clic sul proprio device, oppure via WhatsApp o ancora contattando la Struttura Organizzativa (Contact Center). <strong>L\u2019assistenza stradale di Jerez<\/strong> \u00e8 h24 365 giorni, \u00e8 diretta anche in autostrada e prevede la geolocalizzazione del mezzo con Google Maps, nonch\u00e9 la possibilit\u00e0 di poter monitorare e ricevere aggiornamenti in tempo reale sull&#8217;arrivo del mezzo di soccorso. Per una customer experience completa, \u00e8 possibile inoltre fornire una valutazione sul servizio ricevuto.<\/p>\n<p><a href=\"https:\/\/www.anicecommunication.com\/it\/wp-content\/uploads\/sites\/3\/2024\/09\/MAWDY_Services_a_Misano_2024_02_1920px.jpg\"><img decoding=\"async\" class=\"aligncenter wp-image-21975 size-full\" src=\"https:\/\/www.anicecommunication.com\/it\/wp-content\/uploads\/sites\/3\/2024\/09\/MAWDY_Services_a_Misano_2024_02_1920px.jpg\" alt=\"MAWDY Misano\" width=\"1800\" height=\"1200\" srcset=\"https:\/\/www.anicecommunication.com\/it\/wp-content\/uploads\/sites\/3\/2024\/09\/MAWDY_Services_a_Misano_2024_02_1920px-200x133.jpg 200w, https:\/\/www.anicecommunication.com\/it\/wp-content\/uploads\/sites\/3\/2024\/09\/MAWDY_Services_a_Misano_2024_02_1920px-300x200.jpg 300w, https:\/\/www.anicecommunication.com\/it\/wp-content\/uploads\/sites\/3\/2024\/09\/MAWDY_Services_a_Misano_2024_02_1920px-400x267.jpg 400w, https:\/\/www.anicecommunication.com\/it\/wp-content\/uploads\/sites\/3\/2024\/09\/MAWDY_Services_a_Misano_2024_02_1920px-600x400.jpg 600w, https:\/\/www.anicecommunication.com\/it\/wp-content\/uploads\/sites\/3\/2024\/09\/MAWDY_Services_a_Misano_2024_02_1920px-768x512.jpg 768w, https:\/\/www.anicecommunication.com\/it\/wp-content\/uploads\/sites\/3\/2024\/09\/MAWDY_Services_a_Misano_2024_02_1920px-800x533.jpg 800w, https:\/\/www.anicecommunication.com\/it\/wp-content\/uploads\/sites\/3\/2024\/09\/MAWDY_Services_a_Misano_2024_02_1920px-1024x683.jpg 1024w, https:\/\/www.anicecommunication.com\/it\/wp-content\/uploads\/sites\/3\/2024\/09\/MAWDY_Services_a_Misano_2024_02_1920px-1200x800.jpg 1200w, https:\/\/www.anicecommunication.com\/it\/wp-content\/uploads\/sites\/3\/2024\/09\/MAWDY_Services_a_Misano_2024_02_1920px-1536x1024.jpg 1536w, https:\/\/www.anicecommunication.com\/it\/wp-content\/uploads\/sites\/3\/2024\/09\/MAWDY_Services_a_Misano_2024_02_1920px.jpg 1800w\" sizes=\"(max-width: 1800px) 100vw, 1800px\" \/><\/a><\/p>\n<p>Fitto il calendario di appuntamenti che animeranno la Vip area MAWDY di Misano predisposta all\u2019interno del Gresini Events Village.<\/p>\n<p>Si comincer\u00e0 <strong>venerd\u00ec 6 settembre<\/strong>, quando saranno ospiti alcuni tra i maggiori dealer italiani che nel corso degli ultimi tre anni hanno partecipato al <strong>progetto voluto da MAWDY \u201cL\u2019evoluzione imprenditoriale per la continuit\u00e0 aziendale\u201d<\/strong> dedicato alle nuove generazioni di manager nel settore delle concessionarie auto e moto con l\u2019obiettivo di accompagnare il <strong>passaggio di consegne tra genitori e figli<\/strong> alla guida dell\u2019azienda di famiglia. Proprio come per un team sportivo, anche per un&#8217;azienda, per un gruppo di lavoro, per una famiglia imprenditoriale, \u00e8 importante il lavoro di squadra e la collaborazione proattiva tra le persone che insieme, coese e motivate, possono ottenere risultati e successi duraturi nel tempo.<\/p>\n<p><strong>Sabato 7 settembre<\/strong> sar\u00e0 la volta dei partner di MAWDY pi\u00f9 preziosi, <strong>officine e soccorritori stradali<\/strong>, che ogni giorno lavorano con impegno e dedizione per la piena soddisfazione dei clienti, contribuendo in modo decisivo a fare di MAWDY una delle pi\u00f9 importanti realt\u00e0 internazionali nel settore assicurativo e dei servizi di assistenza e garanzia.<\/p>\n<p>Chiusura in bellezza <strong>domenica 8 settembre<\/strong> con la <strong>premiazione degli agenti pi\u00f9 meritevoli<\/strong> accompagnati dai loro dealer di riferimento. La possibilit\u00e0 di assistere alla gara di Moto GP dalla tribuna riservata MAWDY sottolineer\u00e0 ancora una volta il forte legame dell\u2019azienda spagnola con il mondo dei motori e la passione per le sfide sul lavoro e in pista, dove il tifo per la gara dei fratelli Marquez sar\u00e0 intenso e caloroso da parte di tutto lo staff MAWDY e dei suoi ospiti.<\/p>\n<p><em>\u00a0<\/em><em>\u201cHo sempre pensato che lo sport fosse una metafora perfetta per parlare di impegno e motivazione anche in ambito business<\/em> \u2013 dichiara Cecilia Tabarelli, Direttore Comunicazione e Marketing di MAWDY \u2013 MAPFRE Worldwide Digital Assistance Italia \u2013 <em>il duro lavoro e il gusto per la sfida, uniti alla passione per ci\u00f2 che si fa e a un team affiatato, sono la giusta ricetta per ottenere risultati positivi e raggiungere il successo. In questo senso, il Village di Gresini Events rappresenta per noi la cornice ideale in cui incontrare collaboratori e partner. Siamo molto contenti di partecipare alla grande festa dei motori di Misano e di farlo insieme a persone che stimiamo profondamente\u201d.<\/em><\/p>\n<p style=\"text-align: center;\">\u2013 FINE \u2013<\/p>\n<hr \/>\n<p>3 settembre 2024<\/p>\n<p><a href=\"https:\/\/www.anicecommunication.it\/mapfre\/240903\/240903_MAWDY_al_GP_Misano_2024_.zip\" target=\"_blank\" rel=\"noopener\">Scarica testi e immagini ad alta risoluzione &gt;<\/a><\/p>\n<p><a href=\"https:\/\/www.anicecommunication.com\/it\/anice-experience\/ufficio-stampa-e-pr-mawdy-e-mapfre-warranty\/\" target=\"_blank\" rel=\"noopener\">Anice Ufficio Stampa MAWDY e MAWDY Services Italia &gt;<\/a><\/p>\n<p>&nbsp;<\/p>\n","protected":false},"excerpt":{"rendered":"<p>MAWDY a Misano dal 6 all\u20198 settembre in occasione del Moto GP: una storia di grandi sfide e importanti traguardi.<\/p>\n","protected":false},"author":1,"featured_media":21975,"comment_status":"closed","ping_status":"closed","sticky":false,"template":"","format":"standard","meta":{"footnotes":""},"categories":[859,467,80],"tags":[1334,1673,1357,1675,1674,1597],"class_list":["post-21973","post","type-post","status-publish","format-standard","has-post-thumbnail","hentry","category-mawdy-mapfre","category-press_room","category-blog-anicecommunication","tag-mawdy","tag-mawdy-a-misano","tag-mawdy-assicurazione","tag-mawdy-assicurazione-moto","tag-mawdy-jerez","tag-mawdy-jerez-mia-drive-protection"],"yoast_head":"<!-- This site is optimized with the Yoast SEO plugin v27.4 - https:\/\/yoast.com\/product\/yoast-seo-wordpress\/ -->\n<title>MAWDY a Misano dal 6 all\u20198 settembre in occasione del Moto GP<\/title>\n<meta name=\"description\" content=\"MAWDY a Misano dal 6 all\u20198 settembre in occasione del Moto GP: una storia di grandi sfide e importanti traguardi.\" \/>\n<meta name=\"robots\" content=\"index, follow, max-snippet:-1, max-image-preview:large, max-video-preview:-1\" \/>\n<link rel=\"canonical\" href=\"https:\/\/www.anicecommunication.com\/it\/mawdy-a-misano-dal-6-all8-settembre-in-occasione-del-moto-gp\/\" \/>\n<meta property=\"og:locale\" content=\"it_IT\" \/>\n<meta property=\"og:type\" content=\"article\" \/>\n<meta property=\"og:title\" content=\"MAWDY a Misano dal 6 all\u20198 settembre in occasione del Moto GP\" \/>\n<meta property=\"og:description\" content=\"MAWDY a Misano dal 6 all\u20198 settembre in occasione del Moto GP: una storia di grandi sfide e importanti traguardi.\" \/>\n<meta property=\"og:url\" content=\"https:\/\/www.anicecommunication.com\/it\/mawdy-a-misano-dal-6-all8-settembre-in-occasione-del-moto-gp\/\" \/>\n<meta property=\"og:site_name\" content=\"IT Anice Communication\" \/>\n<meta property=\"article:publisher\" content=\"https:\/\/www.facebook.com\/anicecommunication\" \/>\n<meta property=\"article:author\" content=\"https:\/\/www.facebook.com\/anicecommunication\" \/>\n<meta property=\"article:published_time\" content=\"2024-09-03T08:31:04+00:00\" \/>\n<meta property=\"article:modified_time\" content=\"2024-09-03T13:39:09+00:00\" \/>\n<meta property=\"og:image\" content=\"https:\/\/www.anicecommunication.com\/it\/wp-content\/uploads\/sites\/3\/2024\/09\/MAWDY_Services_a_Misano_2024_02_1920px.jpg\" \/>\n\t<meta property=\"og:image:width\" content=\"1800\" \/>\n\t<meta property=\"og:image:height\" content=\"1200\" \/>\n\t<meta property=\"og:image:type\" content=\"image\/jpeg\" \/>\n<meta name=\"author\" content=\"Editorial Staff\" \/>\n<meta name=\"twitter:label1\" content=\"Scritto da\" \/>\n\t<meta name=\"twitter:data1\" content=\"Editorial Staff\" \/>\n\t<meta name=\"twitter:label2\" content=\"Tempo di lettura stimato\" \/>\n\t<meta name=\"twitter:data2\" content=\"5 minuti\" \/>\n<script type=\"application\/ld+json\" class=\"yoast-schema-graph\">{\"@context\":\"https:\\\/\\\/schema.org\",\"@graph\":[{\"@type\":\"Article\",\"@id\":\"https:\\\/\\\/www.anicecommunication.com\\\/it\\\/mawdy-a-misano-dal-6-all8-settembre-in-occasione-del-moto-gp\\\/#article\",\"isPartOf\":{\"@id\":\"https:\\\/\\\/www.anicecommunication.com\\\/it\\\/mawdy-a-misano-dal-6-all8-settembre-in-occasione-del-moto-gp\\\/\"},\"author\":{\"name\":\"Editorial Staff\",\"@id\":\"https:\\\/\\\/www.anicecommunication.com\\\/it\\\/#\\\/schema\\\/person\\\/d8f9046f11c2ab1ff15f1d0d580184d8\"},\"headline\":\"MAWDY a Misano dal 6 all\u20198 settembre in occasione del Moto GP\",\"datePublished\":\"2024-09-03T08:31:04+00:00\",\"dateModified\":\"2024-09-03T13:39:09+00:00\",\"mainEntityOfPage\":{\"@id\":\"https:\\\/\\\/www.anicecommunication.com\\\/it\\\/mawdy-a-misano-dal-6-all8-settembre-in-occasione-del-moto-gp\\\/\"},\"wordCount\":732,\"publisher\":{\"@id\":\"https:\\\/\\\/www.anicecommunication.com\\\/it\\\/#organization\"},\"image\":{\"@id\":\"https:\\\/\\\/www.anicecommunication.com\\\/it\\\/mawdy-a-misano-dal-6-all8-settembre-in-occasione-del-moto-gp\\\/#primaryimage\"},\"thumbnailUrl\":\"https:\\\/\\\/www.anicecommunication.com\\\/it\\\/wp-content\\\/uploads\\\/sites\\\/3\\\/2024\\\/09\\\/MAWDY_Services_a_Misano_2024_02_1920px.jpg\",\"keywords\":[\"MAWDY\",\"MAWDY a Misano\",\"Mawdy assicurazione\",\"MAWDY assicurazione moto\",\"MAWDY Jerez\",\"MAWDY JEREZ MiA Drive Protection\"],\"articleSection\":[\"MAWDY - Mapfre\",\"Press Room\",\"What A Nice Blog!\"],\"inLanguage\":\"it-IT\"},{\"@type\":\"WebPage\",\"@id\":\"https:\\\/\\\/www.anicecommunication.com\\\/it\\\/mawdy-a-misano-dal-6-all8-settembre-in-occasione-del-moto-gp\\\/\",\"url\":\"https:\\\/\\\/www.anicecommunication.com\\\/it\\\/mawdy-a-misano-dal-6-all8-settembre-in-occasione-del-moto-gp\\\/\",\"name\":\"MAWDY a Misano dal 6 all\u20198 settembre in occasione del Moto GP\",\"isPartOf\":{\"@id\":\"https:\\\/\\\/www.anicecommunication.com\\\/it\\\/#website\"},\"primaryImageOfPage\":{\"@id\":\"https:\\\/\\\/www.anicecommunication.com\\\/it\\\/mawdy-a-misano-dal-6-all8-settembre-in-occasione-del-moto-gp\\\/#primaryimage\"},\"image\":{\"@id\":\"https:\\\/\\\/www.anicecommunication.com\\\/it\\\/mawdy-a-misano-dal-6-all8-settembre-in-occasione-del-moto-gp\\\/#primaryimage\"},\"thumbnailUrl\":\"https:\\\/\\\/www.anicecommunication.com\\\/it\\\/wp-content\\\/uploads\\\/sites\\\/3\\\/2024\\\/09\\\/MAWDY_Services_a_Misano_2024_02_1920px.jpg\",\"datePublished\":\"2024-09-03T08:31:04+00:00\",\"dateModified\":\"2024-09-03T13:39:09+00:00\",\"description\":\"MAWDY a Misano dal 6 all\u20198 settembre in occasione del Moto GP: una storia di grandi sfide e importanti traguardi.\",\"breadcrumb\":{\"@id\":\"https:\\\/\\\/www.anicecommunication.com\\\/it\\\/mawdy-a-misano-dal-6-all8-settembre-in-occasione-del-moto-gp\\\/#breadcrumb\"},\"inLanguage\":\"it-IT\",\"potentialAction\":[{\"@type\":\"ReadAction\",\"target\":[\"https:\\\/\\\/www.anicecommunication.com\\\/it\\\/mawdy-a-misano-dal-6-all8-settembre-in-occasione-del-moto-gp\\\/\"]}]},{\"@type\":\"ImageObject\",\"inLanguage\":\"it-IT\",\"@id\":\"https:\\\/\\\/www.anicecommunication.com\\\/it\\\/mawdy-a-misano-dal-6-all8-settembre-in-occasione-del-moto-gp\\\/#primaryimage\",\"url\":\"https:\\\/\\\/www.anicecommunication.com\\\/it\\\/wp-content\\\/uploads\\\/sites\\\/3\\\/2024\\\/09\\\/MAWDY_Services_a_Misano_2024_02_1920px.jpg\",\"contentUrl\":\"https:\\\/\\\/www.anicecommunication.com\\\/it\\\/wp-content\\\/uploads\\\/sites\\\/3\\\/2024\\\/09\\\/MAWDY_Services_a_Misano_2024_02_1920px.jpg\",\"width\":1800,\"height\":1200,\"caption\":\"MAWDY Misano\"},{\"@type\":\"BreadcrumbList\",\"@id\":\"https:\\\/\\\/www.anicecommunication.com\\\/it\\\/mawdy-a-misano-dal-6-all8-settembre-in-occasione-del-moto-gp\\\/#breadcrumb\",\"itemListElement\":[{\"@type\":\"ListItem\",\"position\":1,\"name\":\"Home\",\"item\":\"https:\\\/\\\/www.anicecommunication.com\\\/it\\\/\"},{\"@type\":\"ListItem\",\"position\":2,\"name\":\"MAWDY a Misano dal 6 all\u20198 settembre in occasione del Moto GP\"}]},{\"@type\":\"WebSite\",\"@id\":\"https:\\\/\\\/www.anicecommunication.com\\\/it\\\/#website\",\"url\":\"https:\\\/\\\/www.anicecommunication.com\\\/it\\\/\",\"name\":\"IT Anice Communication\",\"description\":\"Anicecommunication agenzia di pubbliche relazioni,  ufficio stampa, media relations, automotive e mobility a livello internazionale - Torino\",\"publisher\":{\"@id\":\"https:\\\/\\\/www.anicecommunication.com\\\/it\\\/#organization\"},\"potentialAction\":[{\"@type\":\"SearchAction\",\"target\":{\"@type\":\"EntryPoint\",\"urlTemplate\":\"https:\\\/\\\/www.anicecommunication.com\\\/it\\\/?s={search_term_string}\"},\"query-input\":{\"@type\":\"PropertyValueSpecification\",\"valueRequired\":true,\"valueName\":\"search_term_string\"}}],\"inLanguage\":\"it-IT\"},{\"@type\":\"Organization\",\"@id\":\"https:\\\/\\\/www.anicecommunication.com\\\/it\\\/#organization\",\"name\":\"Anice SRL - Agenzia di comunicazione, mobility and automotive media relations & PR in Italia, Europa\",\"alternateName\":\"Anicecommunication\",\"url\":\"https:\\\/\\\/www.anicecommunication.com\\\/it\\\/\",\"logo\":{\"@type\":\"ImageObject\",\"inLanguage\":\"it-IT\",\"@id\":\"https:\\\/\\\/www.anicecommunication.com\\\/it\\\/#\\\/schema\\\/logo\\\/image\\\/\",\"url\":\"https:\\\/\\\/www.anicecommunication.com\\\/it\\\/wp-content\\\/uploads\\\/sites\\\/3\\\/2023\\\/06\\\/Anice_696x696.jpg\",\"contentUrl\":\"https:\\\/\\\/www.anicecommunication.com\\\/it\\\/wp-content\\\/uploads\\\/sites\\\/3\\\/2023\\\/06\\\/Anice_696x696.jpg\",\"width\":696,\"height\":696,\"caption\":\"Anice SRL - Agenzia di comunicazione, mobility and automotive media relations & PR in Italia, Europa\"},\"image\":{\"@id\":\"https:\\\/\\\/www.anicecommunication.com\\\/it\\\/#\\\/schema\\\/logo\\\/image\\\/\"},\"sameAs\":[\"https:\\\/\\\/www.facebook.com\\\/anicecommunication\",\"https:\\\/\\\/x.com\\\/Anicecom\",\"https:\\\/\\\/instagram.com\\\/anicecom\\\/\",\"https:\\\/\\\/www.linkedin.com\\\/company\\\/anice-s-r-l-\"]},{\"@type\":\"Person\",\"@id\":\"https:\\\/\\\/www.anicecommunication.com\\\/it\\\/#\\\/schema\\\/person\\\/d8f9046f11c2ab1ff15f1d0d580184d8\",\"name\":\"Editorial Staff\",\"image\":{\"@type\":\"ImageObject\",\"inLanguage\":\"it-IT\",\"@id\":\"https:\\\/\\\/secure.gravatar.com\\\/avatar\\\/62128a8e64953c282b330a12e5b592d8bc5d299b46ab0e6928129ae0d79e528a?s=96&d=mm&r=g\",\"url\":\"https:\\\/\\\/secure.gravatar.com\\\/avatar\\\/62128a8e64953c282b330a12e5b592d8bc5d299b46ab0e6928129ae0d79e528a?s=96&d=mm&r=g\",\"contentUrl\":\"https:\\\/\\\/secure.gravatar.com\\\/avatar\\\/62128a8e64953c282b330a12e5b592d8bc5d299b46ab0e6928129ae0d79e528a?s=96&d=mm&r=g\",\"caption\":\"Editorial Staff\"},\"description\":\"La redazione di Anicecommunication \u00e8 composta da giornalisti, esperti di comunicazione e marketing, content manager e storyteller.\",\"sameAs\":[\"http:\\\/\\\/www.anicecommunication.com\",\"https:\\\/\\\/www.facebook.com\\\/anicecommunication\",\"https:\\\/\\\/x.com\\\/anicecom\"]}]}<\/script>\n<!-- \/ Yoast SEO plugin. -->","yoast_head_json":{"title":"MAWDY a Misano dal 6 all\u20198 settembre in occasione del Moto GP","description":"MAWDY a Misano dal 6 all\u20198 settembre in occasione del Moto GP: una storia di grandi sfide e importanti traguardi.","robots":{"index":"index","follow":"follow","max-snippet":"max-snippet:-1","max-image-preview":"max-image-preview:large","max-video-preview":"max-video-preview:-1"},"canonical":"https:\/\/www.anicecommunication.com\/it\/mawdy-a-misano-dal-6-all8-settembre-in-occasione-del-moto-gp\/","og_locale":"it_IT","og_type":"article","og_title":"MAWDY a Misano dal 6 all\u20198 settembre in occasione del Moto GP","og_description":"MAWDY a Misano dal 6 all\u20198 settembre in occasione del Moto GP: una storia di grandi sfide e importanti traguardi.","og_url":"https:\/\/www.anicecommunication.com\/it\/mawdy-a-misano-dal-6-all8-settembre-in-occasione-del-moto-gp\/","og_site_name":"IT Anice Communication","article_publisher":"https:\/\/www.facebook.com\/anicecommunication","article_author":"https:\/\/www.facebook.com\/anicecommunication","article_published_time":"2024-09-03T08:31:04+00:00","article_modified_time":"2024-09-03T13:39:09+00:00","og_image":[{"width":1800,"height":1200,"url":"https:\/\/www.anicecommunication.com\/it\/wp-content\/uploads\/sites\/3\/2024\/09\/MAWDY_Services_a_Misano_2024_02_1920px.jpg","type":"image\/jpeg"}],"author":"Editorial Staff","twitter_misc":{"Scritto da":"Editorial Staff","Tempo di lettura stimato":"5 minuti"},"schema":{"@context":"https:\/\/schema.org","@graph":[{"@type":"Article","@id":"https:\/\/www.anicecommunication.com\/it\/mawdy-a-misano-dal-6-all8-settembre-in-occasione-del-moto-gp\/#article","isPartOf":{"@id":"https:\/\/www.anicecommunication.com\/it\/mawdy-a-misano-dal-6-all8-settembre-in-occasione-del-moto-gp\/"},"author":{"name":"Editorial Staff","@id":"https:\/\/www.anicecommunication.com\/it\/#\/schema\/person\/d8f9046f11c2ab1ff15f1d0d580184d8"},"headline":"MAWDY a Misano dal 6 all\u20198 settembre in occasione del Moto GP","datePublished":"2024-09-03T08:31:04+00:00","dateModified":"2024-09-03T13:39:09+00:00","mainEntityOfPage":{"@id":"https:\/\/www.anicecommunication.com\/it\/mawdy-a-misano-dal-6-all8-settembre-in-occasione-del-moto-gp\/"},"wordCount":732,"publisher":{"@id":"https:\/\/www.anicecommunication.com\/it\/#organization"},"image":{"@id":"https:\/\/www.anicecommunication.com\/it\/mawdy-a-misano-dal-6-all8-settembre-in-occasione-del-moto-gp\/#primaryimage"},"thumbnailUrl":"https:\/\/www.anicecommunication.com\/it\/wp-content\/uploads\/sites\/3\/2024\/09\/MAWDY_Services_a_Misano_2024_02_1920px.jpg","keywords":["MAWDY","MAWDY a Misano","Mawdy assicurazione","MAWDY assicurazione moto","MAWDY Jerez","MAWDY JEREZ MiA Drive Protection"],"articleSection":["MAWDY - Mapfre","Press Room","What A Nice Blog!"],"inLanguage":"it-IT"},{"@type":"WebPage","@id":"https:\/\/www.anicecommunication.com\/it\/mawdy-a-misano-dal-6-all8-settembre-in-occasione-del-moto-gp\/","url":"https:\/\/www.anicecommunication.com\/it\/mawdy-a-misano-dal-6-all8-settembre-in-occasione-del-moto-gp\/","name":"MAWDY a Misano dal 6 all\u20198 settembre in occasione del Moto GP","isPartOf":{"@id":"https:\/\/www.anicecommunication.com\/it\/#website"},"primaryImageOfPage":{"@id":"https:\/\/www.anicecommunication.com\/it\/mawdy-a-misano-dal-6-all8-settembre-in-occasione-del-moto-gp\/#primaryimage"},"image":{"@id":"https:\/\/www.anicecommunication.com\/it\/mawdy-a-misano-dal-6-all8-settembre-in-occasione-del-moto-gp\/#primaryimage"},"thumbnailUrl":"https:\/\/www.anicecommunication.com\/it\/wp-content\/uploads\/sites\/3\/2024\/09\/MAWDY_Services_a_Misano_2024_02_1920px.jpg","datePublished":"2024-09-03T08:31:04+00:00","dateModified":"2024-09-03T13:39:09+00:00","description":"MAWDY a Misano dal 6 all\u20198 settembre in occasione del Moto GP: una storia di grandi sfide e importanti traguardi.","breadcrumb":{"@id":"https:\/\/www.anicecommunication.com\/it\/mawdy-a-misano-dal-6-all8-settembre-in-occasione-del-moto-gp\/#breadcrumb"},"inLanguage":"it-IT","potentialAction":[{"@type":"ReadAction","target":["https:\/\/www.anicecommunication.com\/it\/mawdy-a-misano-dal-6-all8-settembre-in-occasione-del-moto-gp\/"]}]},{"@type":"ImageObject","inLanguage":"it-IT","@id":"https:\/\/www.anicecommunication.com\/it\/mawdy-a-misano-dal-6-all8-settembre-in-occasione-del-moto-gp\/#primaryimage","url":"https:\/\/www.anicecommunication.com\/it\/wp-content\/uploads\/sites\/3\/2024\/09\/MAWDY_Services_a_Misano_2024_02_1920px.jpg","contentUrl":"https:\/\/www.anicecommunication.com\/it\/wp-content\/uploads\/sites\/3\/2024\/09\/MAWDY_Services_a_Misano_2024_02_1920px.jpg","width":1800,"height":1200,"caption":"MAWDY Misano"},{"@type":"BreadcrumbList","@id":"https:\/\/www.anicecommunication.com\/it\/mawdy-a-misano-dal-6-all8-settembre-in-occasione-del-moto-gp\/#breadcrumb","itemListElement":[{"@type":"ListItem","position":1,"name":"Home","item":"https:\/\/www.anicecommunication.com\/it\/"},{"@type":"ListItem","position":2,"name":"MAWDY a Misano dal 6 all\u20198 settembre in occasione del Moto GP"}]},{"@type":"WebSite","@id":"https:\/\/www.anicecommunication.com\/it\/#website","url":"https:\/\/www.anicecommunication.com\/it\/","name":"IT Anice Communication","description":"Anicecommunication agenzia di pubbliche relazioni,  ufficio stampa, media relations, automotive e mobility a livello internazionale - Torino","publisher":{"@id":"https:\/\/www.anicecommunication.com\/it\/#organization"},"potentialAction":[{"@type":"SearchAction","target":{"@type":"EntryPoint","urlTemplate":"https:\/\/www.anicecommunication.com\/it\/?s={search_term_string}"},"query-input":{"@type":"PropertyValueSpecification","valueRequired":true,"valueName":"search_term_string"}}],"inLanguage":"it-IT"},{"@type":"Organization","@id":"https:\/\/www.anicecommunication.com\/it\/#organization","name":"Anice SRL - Agenzia di comunicazione, mobility and automotive media relations & PR in Italia, Europa","alternateName":"Anicecommunication","url":"https:\/\/www.anicecommunication.com\/it\/","logo":{"@type":"ImageObject","inLanguage":"it-IT","@id":"https:\/\/www.anicecommunication.com\/it\/#\/schema\/logo\/image\/","url":"https:\/\/www.anicecommunication.com\/it\/wp-content\/uploads\/sites\/3\/2023\/06\/Anice_696x696.jpg","contentUrl":"https:\/\/www.anicecommunication.com\/it\/wp-content\/uploads\/sites\/3\/2023\/06\/Anice_696x696.jpg","width":696,"height":696,"caption":"Anice SRL - Agenzia di comunicazione, mobility and automotive media relations & PR in Italia, Europa"},"image":{"@id":"https:\/\/www.anicecommunication.com\/it\/#\/schema\/logo\/image\/"},"sameAs":["https:\/\/www.facebook.com\/anicecommunication","https:\/\/x.com\/Anicecom","https:\/\/instagram.com\/anicecom\/","https:\/\/www.linkedin.com\/company\/anice-s-r-l-"]},{"@type":"Person","@id":"https:\/\/www.anicecommunication.com\/it\/#\/schema\/person\/d8f9046f11c2ab1ff15f1d0d580184d8","name":"Editorial Staff","image":{"@type":"ImageObject","inLanguage":"it-IT","@id":"https:\/\/secure.gravatar.com\/avatar\/62128a8e64953c282b330a12e5b592d8bc5d299b46ab0e6928129ae0d79e528a?s=96&d=mm&r=g","url":"https:\/\/secure.gravatar.com\/avatar\/62128a8e64953c282b330a12e5b592d8bc5d299b46ab0e6928129ae0d79e528a?s=96&d=mm&r=g","contentUrl":"https:\/\/secure.gravatar.com\/avatar\/62128a8e64953c282b330a12e5b592d8bc5d299b46ab0e6928129ae0d79e528a?s=96&d=mm&r=g","caption":"Editorial Staff"},"description":"La redazione di Anicecommunication \u00e8 composta da giornalisti, esperti di comunicazione e marketing, content manager e storyteller.","sameAs":["http:\/\/www.anicecommunication.com","https:\/\/www.facebook.com\/anicecommunication","https:\/\/x.com\/anicecom"]}]}},"_links":{"self":[{"href":"https:\/\/www.anicecommunication.com\/it\/wp-json\/wp\/v2\/posts\/21973","targetHints":{"allow":["GET"]}}],"collection":[{"href":"https:\/\/www.anicecommunication.com\/it\/wp-json\/wp\/v2\/posts"}],"about":[{"href":"https:\/\/www.anicecommunication.com\/it\/wp-json\/wp\/v2\/types\/post"}],"author":[{"embeddable":true,"href":"https:\/\/www.anicecommunication.com\/it\/wp-json\/wp\/v2\/users\/1"}],"replies":[{"embeddable":true,"href":"https:\/\/www.anicecommunication.com\/it\/wp-json\/wp\/v2\/comments?post=21973"}],"version-history":[{"count":4,"href":"https:\/\/www.anicecommunication.com\/it\/wp-json\/wp\/v2\/posts\/21973\/revisions"}],"predecessor-version":[{"id":21979,"href":"https:\/\/www.anicecommunication.com\/it\/wp-json\/wp\/v2\/posts\/21973\/revisions\/21979"}],"wp:featuredmedia":[{"embeddable":true,"href":"https:\/\/www.anicecommunication.com\/it\/wp-json\/wp\/v2\/media\/21975"}],"wp:attachment":[{"href":"https:\/\/www.anicecommunication.com\/it\/wp-json\/wp\/v2\/media?parent=21973"}],"wp:term":[{"taxonomy":"category","embeddable":true,"href":"https:\/\/www.anicecommunication.com\/it\/wp-json\/wp\/v2\/categories?post=21973"},{"taxonomy":"post_tag","embeddable":true,"href":"https:\/\/www.anicecommunication.com\/it\/wp-json\/wp\/v2\/tags?post=21973"}],"curies":[{"name":"wp","href":"https:\/\/api.w.org\/{rel}","templated":true}]}}