{"id":22372,"date":"2025-02-17T11:42:36","date_gmt":"2025-02-17T10:42:36","guid":{"rendered":"https:\/\/www.anicecommunication.com\/it\/?p=22372"},"modified":"2025-05-29T09:55:40","modified_gmt":"2025-05-29T07:55:40","slug":"hybrid-horizons-castrol-annuncia-la-conferenza-virtuale","status":"publish","type":"post","link":"https:\/\/www.anicecommunication.com\/it\/hybrid-horizons-castrol-annuncia-la-conferenza-virtuale\/","title":{"rendered":"Hybrid Horizons: Castrol annuncia la conferenza virtuale"},"content":{"rendered":"<ul>\n<li class=\"text-justify\"><b>Hybrid Horizons: l<\/b><strong>&#8216;evento riunir\u00e0 esperti del settore provenienti da tutto il mondo per discutere della tecnologia ibrida in un formato virtuale innovativo.<\/strong><\/li>\n<li><strong>La conferenza, a partecipazione completamente gratuita, si terr\u00e0 dal 25 febbraio al 1\u00b0 marzo 2025. Le iscrizioni sono gi\u00e0 aperte.<\/strong><\/li>\n<\/ul>\n<p><!--more--><\/p>\n<p>Il 25 febbraio 2025, prender\u00e0 il via la\u00a0cinque giorni \u201cHybrid Horizons\u201d, la\u00a0conferenza\u00a0virtuale organizzata d Castrol che si concentrer\u00e0 sulle innovazioni, le prospettive e le opportunit\u00e0 emergenti alla base dell\u2019evoluzione dei mezzi ibridi. L\u2019evento, a partecipazione gratuita, vedr\u00e0 il contributo di autorevoli esperti nel campo della tecnologia ibrida, tra cui rappresentanti di importanti costruttori di veicoli, aziende tecnologiche e team di motorsport di eccellenza.<\/p>\n<p>L&#8217;iniziativa, progettata con cura nei minimi dettagli, \u00e8 volta a favorire l&#8217;incontro e il dialogo tra diversi pubblici, dai proprietari di officine ai responsabili delle strategie degli OEM, che potranno condividere approfondimenti e competenze utili al progresso della mobilit\u00e0 ibrida.<\/p>\n<p>L\u2019evento \u201cHybrid Horizons\u201d inizier\u00e0 il 25 febbraio 2025 con una sessione in diretta trasmessa dall\u2019avveniristico stabilimento di Audi dedicato alla Formula 1 a Neuburg, in Germania, e offrir\u00e0 uno sguardo esclusivo dietro le quinte sullo sviluppo della power unit del brand. Fino al 1\u00b0 marzo 2025, i partecipanti avranno accesso online a un\u2019ampia raccolta di contenuti delle conferenze on-demand, inclusi dibattiti, tavole rotonde e insight di mercato. Ci\u00f2 permetter\u00e0 loro di creare una &#8220;playlist&#8221; personalizzata, selezionando le sessioni e i materiali della conferenza pi\u00f9 attinenti ai propri interessi.<\/p>\n<p>Castrol ha organizzato la conferenza nell&#8217;ambito della sua strategia globale per lo sviluppo di lubrificanti specifici per i veicoli ibridi. Nel 2023, l\u2019azienda ha lanciato HYSPEC, un nuovo standard tecnico per la sua gamma di oli motore destinati ai veicoli ibridi. HYSPEC rappresenta il nuovo riferimento per valutare le prestazioni <sup>1<\/sup> degli oli motore Castrol per veicoli ibridi in tre aree critiche: gestione dei contaminanti, funzionamento intermittente del motore ed efficienza del sistema.<\/p>\n<p>\u00c8 gi\u00e0 possibile registrarsi a \u201cHybrid Horizons 2025\u201d e unirsi ai protagonisti che stanno contribuendo a guidare il futuro della mobilit\u00e0 ibrida <a href=\"https:\/\/hybridhorizons25.com\/hh25\/login?lang=it\">cliccando qui&gt;&gt;&gt;<\/a><\/p>\n<p><a href=\"https:\/\/www.anicecommunication.com\/it\/wp-content\/uploads\/sites\/3\/2025\/02\/250217_Hybrid-Horizons_1280.jpg\"><img decoding=\"async\" class=\"aligncenter size-full wp-image-22373\" src=\"https:\/\/www.anicecommunication.com\/it\/wp-content\/uploads\/sites\/3\/2025\/02\/250217_Hybrid-Horizons_1280.jpg\" alt=\"250217_Hybrid Horizons\" width=\"1280\" height=\"378\" srcset=\"https:\/\/www.anicecommunication.com\/it\/wp-content\/uploads\/sites\/3\/2025\/02\/250217_Hybrid-Horizons_1280-200x59.jpg 200w, https:\/\/www.anicecommunication.com\/it\/wp-content\/uploads\/sites\/3\/2025\/02\/250217_Hybrid-Horizons_1280-300x89.jpg 300w, https:\/\/www.anicecommunication.com\/it\/wp-content\/uploads\/sites\/3\/2025\/02\/250217_Hybrid-Horizons_1280-400x118.jpg 400w, https:\/\/www.anicecommunication.com\/it\/wp-content\/uploads\/sites\/3\/2025\/02\/250217_Hybrid-Horizons_1280-600x177.jpg 600w, https:\/\/www.anicecommunication.com\/it\/wp-content\/uploads\/sites\/3\/2025\/02\/250217_Hybrid-Horizons_1280-768x227.jpg 768w, https:\/\/www.anicecommunication.com\/it\/wp-content\/uploads\/sites\/3\/2025\/02\/250217_Hybrid-Horizons_1280-800x236.jpg 800w, https:\/\/www.anicecommunication.com\/it\/wp-content\/uploads\/sites\/3\/2025\/02\/250217_Hybrid-Horizons_1280-1024x302.jpg 1024w, https:\/\/www.anicecommunication.com\/it\/wp-content\/uploads\/sites\/3\/2025\/02\/250217_Hybrid-Horizons_1280-1200x354.jpg 1200w, https:\/\/www.anicecommunication.com\/it\/wp-content\/uploads\/sites\/3\/2025\/02\/250217_Hybrid-Horizons_1280.jpg 1280w\" sizes=\"(max-width: 1280px) 100vw, 1280px\" \/><\/a><\/p>\n<p><strong>Contenuti preliminari della conferenza<\/strong><\/p>\n<p>I contenuti della conferenza virtuale saranno suddivisi in quattro distinte aree: Insight, Innovazione, Tecnologie e Motorsport. Le sessioni e le aree tematiche principali includeranno:<\/p>\n<ul>\n<li>Un tour esclusivo dello stabilimento della Formula 1 Audi a Neuburg, dove sar\u00e0 possibile incontrare il team responsabile dello sviluppo della power unit<\/li>\n<li>Un&#8217;analisi sull&#8217;impatto che l\u2019evoluzione del quadro normativo mondiale potrebbe avere sullo sviluppo futuro delle tecnologie ibride<\/li>\n<li>Strategie di comunicazione sui social media per informare e consigliare efficacemente gli utenti interessati ai veicoli ibridi<\/li>\n<li>Una panoramica su come la Generazione Z e le donne immaginano il futuro della mobilit\u00e0<\/li>\n<\/ul>\n<p><strong>Che cos\u2019\u00e8 HYSPEC?<\/strong><\/p>\n<p>Castrol ha investito oltre 25 anni in ricerca, test e raccolta dati sulle caratteristiche dei veicoli ibridi. L\u2019azienda ha inoltre condotto una prova su strada della durata di un anno utilizzando diverse tipologie di auto ibride: mild hybrid, full hybrid e plug-in hybrid. Durante questo periodo sono stati raccolti oltre due miliardi di dati. I veicoli testati hanno percorso complessivamente pi\u00f9 di 300.000\u00a0km in oltre 7.000 ore di guida \u2013 un periodo equivalente a una guida ininterrotta, 24 ore su 24 e 7 giorni su 7, per pi\u00f9 di 42 settimane.<\/p>\n<p>Castrol ha inoltre collaborato attivamente con le case automobilistiche per sviluppare tecnologie specifiche per veicoli ibridi, consentendo loro di ottimizzare costantemente i propri modelli e migliorarne le prestazioni. Castrol ha anche lavorato a stretto contatto con team di motorsport per testare gli oli motore nelle condizioni pi\u00f9 estreme.<\/p>\n<p>Per validare i risultati relativi a HYSPEC, Castrol ha commissionato a una societ\u00e0 di consulenza e a esperti indipendenti una serie di ricerche presso officine, gestori di flotte e proprietari di automobili, al fine di ottenere una visione pi\u00f9 completa dei mercati globali.<\/p>\n<p><strong>L\u2019importanza dei veicoli ibridi nel panorama delle motorizzazioni<\/strong><\/p>\n<p>Il lancio dello standard HYSPEC di Castrol avviene in un momento in cui la domanda di tecnologia ibrida continua a crescere: nel 2025 si prevede che un quarto delle auto vendute a livello globale sar\u00e0 dotato di motore ibrido<sup>2<\/sup>. Lo standard HYSPEC di Castrol supporter\u00e0 sia le officine automobilistiche sia i loro clienti nell\u2019individuare l\u2019olio motore Castrol pi\u00f9 adatto per la propria auto ibrida.<\/p>\n<p>Sebbene la gamma Castrol disponga gi\u00e0 di numerosi oli motore compatibili con i veicoli ibridi, i prodotti contrassegnati dal nuovo logo HYSPEC garantiscono prestazioni superiori di almeno il 25%<sup>1<\/sup> rispetto agli standard HYSPEC in tre aree chiave: gestione dei contaminanti, funzionamento intermittente del motore ed efficienza del sistema.<\/p>\n<p><strong>Affrontare le sfida legate alle prestazioni dei motori ibridi<\/strong><\/p>\n<p>Il continuo alternarsi tra motore a combustione interna (ICE) e motore elettrico genera tre sfide principali per l&#8217;olio motore:<\/p>\n<ul>\n<li>Maggiore contaminazione dovuta alle temperature di esercizio del motore pi\u00f9 basse<\/li>\n<li>Riduzione delle prestazioni e della protezione causata dal funzionamento intermittente del motore<\/li>\n<li>Diminuzione dell\u2019efficienza del sistema legato alle temperature pi\u00f9 basse, sia del motore sia dell&#8217;olio<\/li>\n<\/ul>\n<p>L&#8217;alternanza tra propulsione elettrica e termica (ICE) pu\u00f2 causare temperature di esercizio pi\u00f9 basse con conseguente accumulo di acqua e carburante nell\u2019olio. Ci\u00f2 pu\u00f2 compromettere l&#8217;efficacia di alcuni oli e portare al deterioramento del motore. I motori ibridi, alternando tra i due sistemi di propulsione, sono soggetti a frequenti transizioni da basse velocit\u00e0 a rapide accelerazioni che li portano ad alti regimi di rotazione. In queste condizioni, oli non specificatamente formulati potrebbero non mantenere le prestazioni ottimali, compromettendo l&#8217;efficienza e la protezione del motore. Le temperature di esercizio pi\u00f9 basse e la conseguente minor temperatura dell&#8217;olio possono causare una riduzione dell&#8217;efficienza del motore portando, di conseguenza, a un maggior consumo di carburante e a una ridotta efficienza di ricarica della batteria.<\/p>\n<p>Per ulteriori informazioni su HYSPEC e sulla gamma di oli motore di Castrol per veicoli ibridi, \u00e8 possibile consultare: <a href=\"http:\/\/www.castrol.com\/hybrid\">www.castrol.com\/hybrid<\/a> (in lingua inglese).<\/p>\n<p style=\"text-align: center;\">\u2013FINE\u2013<\/p>\n<p><strong><u>Note per i redattori<\/u><\/strong><\/p>\n<p><sup>1<\/sup> rispetto ai requisiti minimi definiti nelle specifiche del settore e nei test specifici di Castrol per i dedicati ai veicoli ibridi, riguardanti contaminanti, funzionamento intermittente del motore ed efficienza del sistema.<\/p>\n<p><sup>2<\/sup> come previsto da LMC Automotive, una societ\u00e0 di GlobalData, nel 2023.<\/p>\n<p>&nbsp;<\/p>\n<hr \/>\n<p>17 febbraio 2025<\/p>\n<p><a href=\"http:\/\/www.anicecommunication.it\/castrol\/250217\/250217_Hybrid Horizons.zip\">Scarica testi e immagini&gt;&gt;<\/a><\/p>\n<p><a href=\"https:\/\/www.anicecommunication.com\/it\/anice-experience\/ufficio-stampa-castrol-italia\/\">Anicecommunication Ufficio Stampa Castrol Italia &gt;<\/a><\/p>\n","protected":false},"excerpt":{"rendered":"<p>Hybrid Horizons: l&#8216;evento riunir\u00e0 esperti del settore provenienti da tutto il mondo per discutere della tecnologia ibrida in un formato virtuale innovativo. La conferenza, a partecipazione completamente gratuita, si terr\u00e0 dal 25 febbraio al 1\u00b0 marzo 2025. Le iscrizioni sono gi\u00e0 aperte.<\/p>\n","protected":false},"author":1,"featured_media":22373,"comment_status":"closed","ping_status":"closed","sticky":false,"template":"","format":"standard","meta":{"footnotes":""},"categories":[601,173,467,80],"tags":[1798,1797,564,723],"class_list":["post-22372","post","type-post","status-publish","format-standard","has-post-thumbnail","hentry","category-castrol","category-eventi-blog","category-press_room","category-blog-anicecommunication","tag-conferenza-virtuale-castrol","tag-hybrid-horizons-castrol-hybrid-horizons","tag-lubrificanti-castrol","tag-olio-castrol"],"yoast_head":"<!-- This site is optimized with the Yoast SEO plugin v27.4 - https:\/\/yoast.com\/product\/yoast-seo-wordpress\/ -->\n<title>Hybrid Horizons: Castrol annuncia la conferenza virtuale<\/title>\n<meta name=\"description\" content=\"Hybrid Horizons: l&#039;evento riunir\u00e0 esperti del settore per discutere della tecnologia ibrida in un formato virtuale innovativo\" \/>\n<meta name=\"robots\" content=\"index, follow, max-snippet:-1, max-image-preview:large, max-video-preview:-1\" \/>\n<link rel=\"canonical\" href=\"https:\/\/www.anicecommunication.com\/it\/hybrid-horizons-castrol-annuncia-la-conferenza-virtuale\/\" \/>\n<meta property=\"og:locale\" content=\"it_IT\" \/>\n<meta property=\"og:type\" content=\"article\" \/>\n<meta property=\"og:title\" content=\"Hybrid Horizons: Castrol annuncia la conferenza virtuale\" \/>\n<meta property=\"og:description\" content=\"Hybrid Horizons: l&#039;evento riunir\u00e0 esperti del settore per discutere della tecnologia ibrida in un formato virtuale innovativo\" \/>\n<meta property=\"og:url\" content=\"https:\/\/www.anicecommunication.com\/it\/hybrid-horizons-castrol-annuncia-la-conferenza-virtuale\/\" \/>\n<meta property=\"og:site_name\" content=\"IT Anice Communication\" \/>\n<meta property=\"article:publisher\" content=\"https:\/\/www.facebook.com\/anicecommunication\" \/>\n<meta property=\"article:author\" content=\"https:\/\/www.facebook.com\/anicecommunication\" \/>\n<meta property=\"article:published_time\" content=\"2025-02-17T10:42:36+00:00\" \/>\n<meta property=\"article:modified_time\" content=\"2025-05-29T07:55:40+00:00\" \/>\n<meta property=\"og:image\" content=\"https:\/\/www.anicecommunication.com\/it\/wp-content\/uploads\/sites\/3\/2025\/02\/250217_Hybrid-Horizons_1280.jpg\" \/>\n\t<meta property=\"og:image:width\" content=\"1280\" \/>\n\t<meta property=\"og:image:height\" content=\"378\" \/>\n\t<meta property=\"og:image:type\" content=\"image\/jpeg\" \/>\n<meta name=\"author\" content=\"Editorial Staff\" \/>\n<meta name=\"twitter:label1\" content=\"Scritto da\" \/>\n\t<meta name=\"twitter:data1\" content=\"Editorial Staff\" \/>\n\t<meta name=\"twitter:label2\" content=\"Tempo di lettura stimato\" \/>\n\t<meta name=\"twitter:data2\" content=\"6 minuti\" \/>\n<script type=\"application\/ld+json\" class=\"yoast-schema-graph\">{\"@context\":\"https:\\\/\\\/schema.org\",\"@graph\":[{\"@type\":\"Article\",\"@id\":\"https:\\\/\\\/www.anicecommunication.com\\\/it\\\/hybrid-horizons-castrol-annuncia-la-conferenza-virtuale\\\/#article\",\"isPartOf\":{\"@id\":\"https:\\\/\\\/www.anicecommunication.com\\\/it\\\/hybrid-horizons-castrol-annuncia-la-conferenza-virtuale\\\/\"},\"author\":{\"name\":\"Editorial Staff\",\"@id\":\"https:\\\/\\\/www.anicecommunication.com\\\/it\\\/#\\\/schema\\\/person\\\/d8f9046f11c2ab1ff15f1d0d580184d8\"},\"headline\":\"Hybrid Horizons: Castrol annuncia la conferenza virtuale\",\"datePublished\":\"2025-02-17T10:42:36+00:00\",\"dateModified\":\"2025-05-29T07:55:40+00:00\",\"mainEntityOfPage\":{\"@id\":\"https:\\\/\\\/www.anicecommunication.com\\\/it\\\/hybrid-horizons-castrol-annuncia-la-conferenza-virtuale\\\/\"},\"wordCount\":1018,\"publisher\":{\"@id\":\"https:\\\/\\\/www.anicecommunication.com\\\/it\\\/#organization\"},\"image\":{\"@id\":\"https:\\\/\\\/www.anicecommunication.com\\\/it\\\/hybrid-horizons-castrol-annuncia-la-conferenza-virtuale\\\/#primaryimage\"},\"thumbnailUrl\":\"https:\\\/\\\/www.anicecommunication.com\\\/it\\\/wp-content\\\/uploads\\\/sites\\\/3\\\/2025\\\/02\\\/250217_Hybrid-Horizons_1280.jpg\",\"keywords\":[\"Conferenza virtuale Castrol\",\"Hybrid Horizons Castrol Hybrid Horizons\",\"lubrificanti Castrol\",\"Olio Castrol\"],\"articleSection\":[\"Castrol\",\"Eventi\",\"Press Room\",\"What A Nice Blog!\"],\"inLanguage\":\"it-IT\"},{\"@type\":\"WebPage\",\"@id\":\"https:\\\/\\\/www.anicecommunication.com\\\/it\\\/hybrid-horizons-castrol-annuncia-la-conferenza-virtuale\\\/\",\"url\":\"https:\\\/\\\/www.anicecommunication.com\\\/it\\\/hybrid-horizons-castrol-annuncia-la-conferenza-virtuale\\\/\",\"name\":\"Hybrid Horizons: Castrol annuncia la conferenza virtuale\",\"isPartOf\":{\"@id\":\"https:\\\/\\\/www.anicecommunication.com\\\/it\\\/#website\"},\"primaryImageOfPage\":{\"@id\":\"https:\\\/\\\/www.anicecommunication.com\\\/it\\\/hybrid-horizons-castrol-annuncia-la-conferenza-virtuale\\\/#primaryimage\"},\"image\":{\"@id\":\"https:\\\/\\\/www.anicecommunication.com\\\/it\\\/hybrid-horizons-castrol-annuncia-la-conferenza-virtuale\\\/#primaryimage\"},\"thumbnailUrl\":\"https:\\\/\\\/www.anicecommunication.com\\\/it\\\/wp-content\\\/uploads\\\/sites\\\/3\\\/2025\\\/02\\\/250217_Hybrid-Horizons_1280.jpg\",\"datePublished\":\"2025-02-17T10:42:36+00:00\",\"dateModified\":\"2025-05-29T07:55:40+00:00\",\"description\":\"Hybrid Horizons: l'evento riunir\u00e0 esperti del settore per discutere della tecnologia ibrida in un formato virtuale innovativo\",\"breadcrumb\":{\"@id\":\"https:\\\/\\\/www.anicecommunication.com\\\/it\\\/hybrid-horizons-castrol-annuncia-la-conferenza-virtuale\\\/#breadcrumb\"},\"inLanguage\":\"it-IT\",\"potentialAction\":[{\"@type\":\"ReadAction\",\"target\":[\"https:\\\/\\\/www.anicecommunication.com\\\/it\\\/hybrid-horizons-castrol-annuncia-la-conferenza-virtuale\\\/\"]}]},{\"@type\":\"ImageObject\",\"inLanguage\":\"it-IT\",\"@id\":\"https:\\\/\\\/www.anicecommunication.com\\\/it\\\/hybrid-horizons-castrol-annuncia-la-conferenza-virtuale\\\/#primaryimage\",\"url\":\"https:\\\/\\\/www.anicecommunication.com\\\/it\\\/wp-content\\\/uploads\\\/sites\\\/3\\\/2025\\\/02\\\/250217_Hybrid-Horizons_1280.jpg\",\"contentUrl\":\"https:\\\/\\\/www.anicecommunication.com\\\/it\\\/wp-content\\\/uploads\\\/sites\\\/3\\\/2025\\\/02\\\/250217_Hybrid-Horizons_1280.jpg\",\"width\":1280,\"height\":378,\"caption\":\"250217_Hybrid Horizons\"},{\"@type\":\"BreadcrumbList\",\"@id\":\"https:\\\/\\\/www.anicecommunication.com\\\/it\\\/hybrid-horizons-castrol-annuncia-la-conferenza-virtuale\\\/#breadcrumb\",\"itemListElement\":[{\"@type\":\"ListItem\",\"position\":1,\"name\":\"Home\",\"item\":\"https:\\\/\\\/www.anicecommunication.com\\\/it\\\/\"},{\"@type\":\"ListItem\",\"position\":2,\"name\":\"Hybrid Horizons: Castrol annuncia la conferenza virtuale\"}]},{\"@type\":\"WebSite\",\"@id\":\"https:\\\/\\\/www.anicecommunication.com\\\/it\\\/#website\",\"url\":\"https:\\\/\\\/www.anicecommunication.com\\\/it\\\/\",\"name\":\"IT Anice Communication\",\"description\":\"Anicecommunication agenzia di pubbliche relazioni,  ufficio stampa, media relations, automotive e mobility a livello internazionale - Torino\",\"publisher\":{\"@id\":\"https:\\\/\\\/www.anicecommunication.com\\\/it\\\/#organization\"},\"potentialAction\":[{\"@type\":\"SearchAction\",\"target\":{\"@type\":\"EntryPoint\",\"urlTemplate\":\"https:\\\/\\\/www.anicecommunication.com\\\/it\\\/?s={search_term_string}\"},\"query-input\":{\"@type\":\"PropertyValueSpecification\",\"valueRequired\":true,\"valueName\":\"search_term_string\"}}],\"inLanguage\":\"it-IT\"},{\"@type\":\"Organization\",\"@id\":\"https:\\\/\\\/www.anicecommunication.com\\\/it\\\/#organization\",\"name\":\"Anice SRL - Agenzia di comunicazione, mobility and automotive media relations & PR in Italia, Europa\",\"alternateName\":\"Anicecommunication\",\"url\":\"https:\\\/\\\/www.anicecommunication.com\\\/it\\\/\",\"logo\":{\"@type\":\"ImageObject\",\"inLanguage\":\"it-IT\",\"@id\":\"https:\\\/\\\/www.anicecommunication.com\\\/it\\\/#\\\/schema\\\/logo\\\/image\\\/\",\"url\":\"https:\\\/\\\/www.anicecommunication.com\\\/it\\\/wp-content\\\/uploads\\\/sites\\\/3\\\/2023\\\/06\\\/Anice_696x696.jpg\",\"contentUrl\":\"https:\\\/\\\/www.anicecommunication.com\\\/it\\\/wp-content\\\/uploads\\\/sites\\\/3\\\/2023\\\/06\\\/Anice_696x696.jpg\",\"width\":696,\"height\":696,\"caption\":\"Anice SRL - Agenzia di comunicazione, mobility and automotive media relations & PR in Italia, Europa\"},\"image\":{\"@id\":\"https:\\\/\\\/www.anicecommunication.com\\\/it\\\/#\\\/schema\\\/logo\\\/image\\\/\"},\"sameAs\":[\"https:\\\/\\\/www.facebook.com\\\/anicecommunication\",\"https:\\\/\\\/x.com\\\/Anicecom\",\"https:\\\/\\\/instagram.com\\\/anicecom\\\/\",\"https:\\\/\\\/www.linkedin.com\\\/company\\\/anice-s-r-l-\"]},{\"@type\":\"Person\",\"@id\":\"https:\\\/\\\/www.anicecommunication.com\\\/it\\\/#\\\/schema\\\/person\\\/d8f9046f11c2ab1ff15f1d0d580184d8\",\"name\":\"Editorial Staff\",\"image\":{\"@type\":\"ImageObject\",\"inLanguage\":\"it-IT\",\"@id\":\"https:\\\/\\\/secure.gravatar.com\\\/avatar\\\/62128a8e64953c282b330a12e5b592d8bc5d299b46ab0e6928129ae0d79e528a?s=96&d=mm&r=g\",\"url\":\"https:\\\/\\\/secure.gravatar.com\\\/avatar\\\/62128a8e64953c282b330a12e5b592d8bc5d299b46ab0e6928129ae0d79e528a?s=96&d=mm&r=g\",\"contentUrl\":\"https:\\\/\\\/secure.gravatar.com\\\/avatar\\\/62128a8e64953c282b330a12e5b592d8bc5d299b46ab0e6928129ae0d79e528a?s=96&d=mm&r=g\",\"caption\":\"Editorial Staff\"},\"description\":\"La redazione di Anicecommunication \u00e8 composta da giornalisti, esperti di comunicazione e marketing, content manager e storyteller.\",\"sameAs\":[\"http:\\\/\\\/www.anicecommunication.com\",\"https:\\\/\\\/www.facebook.com\\\/anicecommunication\",\"https:\\\/\\\/x.com\\\/anicecom\"]}]}<\/script>\n<!-- \/ Yoast SEO plugin. -->","yoast_head_json":{"title":"Hybrid Horizons: Castrol annuncia la conferenza virtuale","description":"Hybrid Horizons: l'evento riunir\u00e0 esperti del settore per discutere della tecnologia ibrida in un formato virtuale innovativo","robots":{"index":"index","follow":"follow","max-snippet":"max-snippet:-1","max-image-preview":"max-image-preview:large","max-video-preview":"max-video-preview:-1"},"canonical":"https:\/\/www.anicecommunication.com\/it\/hybrid-horizons-castrol-annuncia-la-conferenza-virtuale\/","og_locale":"it_IT","og_type":"article","og_title":"Hybrid Horizons: Castrol annuncia la conferenza virtuale","og_description":"Hybrid Horizons: l'evento riunir\u00e0 esperti del settore per discutere della tecnologia ibrida in un formato virtuale innovativo","og_url":"https:\/\/www.anicecommunication.com\/it\/hybrid-horizons-castrol-annuncia-la-conferenza-virtuale\/","og_site_name":"IT Anice Communication","article_publisher":"https:\/\/www.facebook.com\/anicecommunication","article_author":"https:\/\/www.facebook.com\/anicecommunication","article_published_time":"2025-02-17T10:42:36+00:00","article_modified_time":"2025-05-29T07:55:40+00:00","og_image":[{"width":1280,"height":378,"url":"https:\/\/www.anicecommunication.com\/it\/wp-content\/uploads\/sites\/3\/2025\/02\/250217_Hybrid-Horizons_1280.jpg","type":"image\/jpeg"}],"author":"Editorial Staff","twitter_misc":{"Scritto da":"Editorial Staff","Tempo di lettura stimato":"6 minuti"},"schema":{"@context":"https:\/\/schema.org","@graph":[{"@type":"Article","@id":"https:\/\/www.anicecommunication.com\/it\/hybrid-horizons-castrol-annuncia-la-conferenza-virtuale\/#article","isPartOf":{"@id":"https:\/\/www.anicecommunication.com\/it\/hybrid-horizons-castrol-annuncia-la-conferenza-virtuale\/"},"author":{"name":"Editorial Staff","@id":"https:\/\/www.anicecommunication.com\/it\/#\/schema\/person\/d8f9046f11c2ab1ff15f1d0d580184d8"},"headline":"Hybrid Horizons: Castrol annuncia la conferenza virtuale","datePublished":"2025-02-17T10:42:36+00:00","dateModified":"2025-05-29T07:55:40+00:00","mainEntityOfPage":{"@id":"https:\/\/www.anicecommunication.com\/it\/hybrid-horizons-castrol-annuncia-la-conferenza-virtuale\/"},"wordCount":1018,"publisher":{"@id":"https:\/\/www.anicecommunication.com\/it\/#organization"},"image":{"@id":"https:\/\/www.anicecommunication.com\/it\/hybrid-horizons-castrol-annuncia-la-conferenza-virtuale\/#primaryimage"},"thumbnailUrl":"https:\/\/www.anicecommunication.com\/it\/wp-content\/uploads\/sites\/3\/2025\/02\/250217_Hybrid-Horizons_1280.jpg","keywords":["Conferenza virtuale Castrol","Hybrid Horizons Castrol Hybrid Horizons","lubrificanti Castrol","Olio Castrol"],"articleSection":["Castrol","Eventi","Press Room","What A Nice Blog!"],"inLanguage":"it-IT"},{"@type":"WebPage","@id":"https:\/\/www.anicecommunication.com\/it\/hybrid-horizons-castrol-annuncia-la-conferenza-virtuale\/","url":"https:\/\/www.anicecommunication.com\/it\/hybrid-horizons-castrol-annuncia-la-conferenza-virtuale\/","name":"Hybrid Horizons: Castrol annuncia la conferenza virtuale","isPartOf":{"@id":"https:\/\/www.anicecommunication.com\/it\/#website"},"primaryImageOfPage":{"@id":"https:\/\/www.anicecommunication.com\/it\/hybrid-horizons-castrol-annuncia-la-conferenza-virtuale\/#primaryimage"},"image":{"@id":"https:\/\/www.anicecommunication.com\/it\/hybrid-horizons-castrol-annuncia-la-conferenza-virtuale\/#primaryimage"},"thumbnailUrl":"https:\/\/www.anicecommunication.com\/it\/wp-content\/uploads\/sites\/3\/2025\/02\/250217_Hybrid-Horizons_1280.jpg","datePublished":"2025-02-17T10:42:36+00:00","dateModified":"2025-05-29T07:55:40+00:00","description":"Hybrid Horizons: l'evento riunir\u00e0 esperti del settore per discutere della tecnologia ibrida in un formato virtuale innovativo","breadcrumb":{"@id":"https:\/\/www.anicecommunication.com\/it\/hybrid-horizons-castrol-annuncia-la-conferenza-virtuale\/#breadcrumb"},"inLanguage":"it-IT","potentialAction":[{"@type":"ReadAction","target":["https:\/\/www.anicecommunication.com\/it\/hybrid-horizons-castrol-annuncia-la-conferenza-virtuale\/"]}]},{"@type":"ImageObject","inLanguage":"it-IT","@id":"https:\/\/www.anicecommunication.com\/it\/hybrid-horizons-castrol-annuncia-la-conferenza-virtuale\/#primaryimage","url":"https:\/\/www.anicecommunication.com\/it\/wp-content\/uploads\/sites\/3\/2025\/02\/250217_Hybrid-Horizons_1280.jpg","contentUrl":"https:\/\/www.anicecommunication.com\/it\/wp-content\/uploads\/sites\/3\/2025\/02\/250217_Hybrid-Horizons_1280.jpg","width":1280,"height":378,"caption":"250217_Hybrid Horizons"},{"@type":"BreadcrumbList","@id":"https:\/\/www.anicecommunication.com\/it\/hybrid-horizons-castrol-annuncia-la-conferenza-virtuale\/#breadcrumb","itemListElement":[{"@type":"ListItem","position":1,"name":"Home","item":"https:\/\/www.anicecommunication.com\/it\/"},{"@type":"ListItem","position":2,"name":"Hybrid Horizons: Castrol annuncia la conferenza virtuale"}]},{"@type":"WebSite","@id":"https:\/\/www.anicecommunication.com\/it\/#website","url":"https:\/\/www.anicecommunication.com\/it\/","name":"IT Anice Communication","description":"Anicecommunication agenzia di pubbliche relazioni,  ufficio stampa, media relations, automotive e mobility a livello internazionale - Torino","publisher":{"@id":"https:\/\/www.anicecommunication.com\/it\/#organization"},"potentialAction":[{"@type":"SearchAction","target":{"@type":"EntryPoint","urlTemplate":"https:\/\/www.anicecommunication.com\/it\/?s={search_term_string}"},"query-input":{"@type":"PropertyValueSpecification","valueRequired":true,"valueName":"search_term_string"}}],"inLanguage":"it-IT"},{"@type":"Organization","@id":"https:\/\/www.anicecommunication.com\/it\/#organization","name":"Anice SRL - Agenzia di comunicazione, mobility and automotive media relations & PR in Italia, Europa","alternateName":"Anicecommunication","url":"https:\/\/www.anicecommunication.com\/it\/","logo":{"@type":"ImageObject","inLanguage":"it-IT","@id":"https:\/\/www.anicecommunication.com\/it\/#\/schema\/logo\/image\/","url":"https:\/\/www.anicecommunication.com\/it\/wp-content\/uploads\/sites\/3\/2023\/06\/Anice_696x696.jpg","contentUrl":"https:\/\/www.anicecommunication.com\/it\/wp-content\/uploads\/sites\/3\/2023\/06\/Anice_696x696.jpg","width":696,"height":696,"caption":"Anice SRL - Agenzia di comunicazione, mobility and automotive media relations & PR in Italia, Europa"},"image":{"@id":"https:\/\/www.anicecommunication.com\/it\/#\/schema\/logo\/image\/"},"sameAs":["https:\/\/www.facebook.com\/anicecommunication","https:\/\/x.com\/Anicecom","https:\/\/instagram.com\/anicecom\/","https:\/\/www.linkedin.com\/company\/anice-s-r-l-"]},{"@type":"Person","@id":"https:\/\/www.anicecommunication.com\/it\/#\/schema\/person\/d8f9046f11c2ab1ff15f1d0d580184d8","name":"Editorial Staff","image":{"@type":"ImageObject","inLanguage":"it-IT","@id":"https:\/\/secure.gravatar.com\/avatar\/62128a8e64953c282b330a12e5b592d8bc5d299b46ab0e6928129ae0d79e528a?s=96&d=mm&r=g","url":"https:\/\/secure.gravatar.com\/avatar\/62128a8e64953c282b330a12e5b592d8bc5d299b46ab0e6928129ae0d79e528a?s=96&d=mm&r=g","contentUrl":"https:\/\/secure.gravatar.com\/avatar\/62128a8e64953c282b330a12e5b592d8bc5d299b46ab0e6928129ae0d79e528a?s=96&d=mm&r=g","caption":"Editorial Staff"},"description":"La redazione di Anicecommunication \u00e8 composta da giornalisti, esperti di comunicazione e marketing, content manager e storyteller.","sameAs":["http:\/\/www.anicecommunication.com","https:\/\/www.facebook.com\/anicecommunication","https:\/\/x.com\/anicecom"]}]}},"_links":{"self":[{"href":"https:\/\/www.anicecommunication.com\/it\/wp-json\/wp\/v2\/posts\/22372","targetHints":{"allow":["GET"]}}],"collection":[{"href":"https:\/\/www.anicecommunication.com\/it\/wp-json\/wp\/v2\/posts"}],"about":[{"href":"https:\/\/www.anicecommunication.com\/it\/wp-json\/wp\/v2\/types\/post"}],"author":[{"embeddable":true,"href":"https:\/\/www.anicecommunication.com\/it\/wp-json\/wp\/v2\/users\/1"}],"replies":[{"embeddable":true,"href":"https:\/\/www.anicecommunication.com\/it\/wp-json\/wp\/v2\/comments?post=22372"}],"version-history":[{"count":6,"href":"https:\/\/www.anicecommunication.com\/it\/wp-json\/wp\/v2\/posts\/22372\/revisions"}],"predecessor-version":[{"id":22659,"href":"https:\/\/www.anicecommunication.com\/it\/wp-json\/wp\/v2\/posts\/22372\/revisions\/22659"}],"wp:featuredmedia":[{"embeddable":true,"href":"https:\/\/www.anicecommunication.com\/it\/wp-json\/wp\/v2\/media\/22373"}],"wp:attachment":[{"href":"https:\/\/www.anicecommunication.com\/it\/wp-json\/wp\/v2\/media?parent=22372"}],"wp:term":[{"taxonomy":"category","embeddable":true,"href":"https:\/\/www.anicecommunication.com\/it\/wp-json\/wp\/v2\/categories?post=22372"},{"taxonomy":"post_tag","embeddable":true,"href":"https:\/\/www.anicecommunication.com\/it\/wp-json\/wp\/v2\/tags?post=22372"}],"curies":[{"name":"wp","href":"https:\/\/api.w.org\/{rel}","templated":true}]}}