{"id":22381,"date":"2025-02-20T10:10:45","date_gmt":"2025-02-20T09:10:45","guid":{"rendered":"https:\/\/www.anicecommunication.com\/it\/?p=22381"},"modified":"2025-02-19T14:45:52","modified_gmt":"2025-02-19T13:45:52","slug":"vredestein-ultrac-pro-nuove-misure","status":"publish","type":"post","link":"https:\/\/www.anicecommunication.com\/it\/vredestein-ultrac-pro-nuove-misure\/","title":{"rendered":"Vredestein Ultrac Pro: nuove misure per gli pneumatici &#8216;ultra-ultra-high-performance&#8217;"},"content":{"rendered":"<p>Vredestein Ultrac Pro: la forte domanda spinge al lancio di nuove misure per gli pneumatici Vredestein Ultrac Pro &#8216;ultra-ultra-high-performance&#8217;.<!--more--><\/p>\n<ul>\n<li><strong><em>Sono ora disponibili 54 nuove misure per cerchi da 18 a 22 pollici<\/em><\/strong><\/li>\n<li><strong><em>Gli pneumatici sono adatti per hypercar, auto sportive e SUV ad elevate prestazioni<\/em><\/strong><\/li>\n<li><strong><em>Test indipendenti confermano che Ultrac Pro offre un equilibrio unico tra elevate prestazioni in termini di maneggevolezza e comfort di guida superiore <\/em><\/strong><\/li>\n<\/ul>\n<p>Apollo Tyres Ltd ha ampliato con 54 nuove misure la sua acclamata gamma di pneumatici estivi Vredestein Ultrac Pro UUHP (Ultra Ultra High Performance), progettati per hypercar, auto sportive, berline e SUV ad alte prestazioni. Le nuove misure sono gi\u00e0 disponibili per cerchi dai 18 ai 22 pollici di diametro, mentre la gamma Ultrac Pro esistente \u00e8 compatibile con cerchi fino a 24 pollici.<\/p>\n<p>Lanciati la scorsa primavera, gli pneumatici Ultrac Pro si distinguono in un segmento UUHP estremamente competitivo grazie a un&#8217;esclusiva combinazione di performance e comfort. L&#8217;elevata richiesta dei primi esemplari prodotti ha incentivato lo sviluppo di nuove misure, assicurando cos\u00ec la compatibilit\u00e0 con una gamma ancora pi\u00f9 ampia di veicoli ad alte prestazioni.<\/p>\n<p><a href=\"https:\/\/www.anicecommunication.com\/it\/wp-content\/uploads\/sites\/3\/2025\/02\/Vredestein-Ultrac-Pro_1920.jpg\"><img decoding=\"async\" class=\"aligncenter size-full wp-image-22384\" src=\"https:\/\/www.anicecommunication.com\/it\/wp-content\/uploads\/sites\/3\/2025\/02\/Vredestein-Ultrac-Pro_1920.jpg\" alt=\"Vredestein Ultrac Pro\" width=\"1799\" height=\"1200\" srcset=\"https:\/\/www.anicecommunication.com\/it\/wp-content\/uploads\/sites\/3\/2025\/02\/Vredestein-Ultrac-Pro_1920-200x133.jpg 200w, https:\/\/www.anicecommunication.com\/it\/wp-content\/uploads\/sites\/3\/2025\/02\/Vredestein-Ultrac-Pro_1920-300x200.jpg 300w, https:\/\/www.anicecommunication.com\/it\/wp-content\/uploads\/sites\/3\/2025\/02\/Vredestein-Ultrac-Pro_1920-400x267.jpg 400w, https:\/\/www.anicecommunication.com\/it\/wp-content\/uploads\/sites\/3\/2025\/02\/Vredestein-Ultrac-Pro_1920-600x400.jpg 600w, https:\/\/www.anicecommunication.com\/it\/wp-content\/uploads\/sites\/3\/2025\/02\/Vredestein-Ultrac-Pro_1920-768x512.jpg 768w, https:\/\/www.anicecommunication.com\/it\/wp-content\/uploads\/sites\/3\/2025\/02\/Vredestein-Ultrac-Pro_1920-800x534.jpg 800w, https:\/\/www.anicecommunication.com\/it\/wp-content\/uploads\/sites\/3\/2025\/02\/Vredestein-Ultrac-Pro_1920-1024x683.jpg 1024w, https:\/\/www.anicecommunication.com\/it\/wp-content\/uploads\/sites\/3\/2025\/02\/Vredestein-Ultrac-Pro_1920-1200x801.jpg 1200w, https:\/\/www.anicecommunication.com\/it\/wp-content\/uploads\/sites\/3\/2025\/02\/Vredestein-Ultrac-Pro_1920-1536x1025.jpg 1536w, https:\/\/www.anicecommunication.com\/it\/wp-content\/uploads\/sites\/3\/2025\/02\/Vredestein-Ultrac-Pro_1920.jpg 1799w\" sizes=\"(max-width: 1799px) 100vw, 1799px\" \/><\/a><\/p>\n<p>Lo pneumatico si caratterizza per un esclusivo design asimmetrico del fianco, ideato espressamente da Italdesign, l\u2019illustre studio italiano di disegno industriale, progettazione e prototipazione. Il design distintivo trae ispirazione dall&#8217;estetica dei cronometri e degli strumenti di precisione per la misurazione del tempo, utilizzando il motivo del tempo che scorre come metafora dell&#8217;eccellenza prestazionale dello pneumatico.<\/p>\n<p>Rispetto alla precedente generazione di pneumatici UUHP Vredestein e ai prodotti affermati della categoria, la disposizione dei materiali all&#8217;interno della struttura dello pneumatico presenta differenze significative. Ci\u00f2 \u00e8 particolarmente evidente nell&#8217;area del tallone e nella parte inferiore del fianco, vicino al cerchio, dove tali materiali sono stati completamente ripensati. Il risultato \u00e8 un design che garantisce stabilit\u00e0 alle alte velocit\u00e0 e in curva ad andature sostenute, offrendo al contempo una guida fluida anche su fondi irregolari.<\/p>\n<p><a href=\"https:\/\/www.anicecommunication.com\/it\/wp-content\/uploads\/sites\/3\/2025\/02\/Porsche-Panamera-Arc-de-Triomph-Ultrac-Pro_96dpi_1024x661px_E_NR-16886.jpg\"><img decoding=\"async\" class=\"aligncenter size-full wp-image-22382\" src=\"https:\/\/www.anicecommunication.com\/it\/wp-content\/uploads\/sites\/3\/2025\/02\/Porsche-Panamera-Arc-de-Triomph-Ultrac-Pro_96dpi_1024x661px_E_NR-16886.jpg\" alt=\"Vredestein Ultrac Pro Porsche Panamera Arc de Triomph\" width=\"1024\" height=\"661\" srcset=\"https:\/\/www.anicecommunication.com\/it\/wp-content\/uploads\/sites\/3\/2025\/02\/Porsche-Panamera-Arc-de-Triomph-Ultrac-Pro_96dpi_1024x661px_E_NR-16886-200x129.jpg 200w, https:\/\/www.anicecommunication.com\/it\/wp-content\/uploads\/sites\/3\/2025\/02\/Porsche-Panamera-Arc-de-Triomph-Ultrac-Pro_96dpi_1024x661px_E_NR-16886-300x194.jpg 300w, https:\/\/www.anicecommunication.com\/it\/wp-content\/uploads\/sites\/3\/2025\/02\/Porsche-Panamera-Arc-de-Triomph-Ultrac-Pro_96dpi_1024x661px_E_NR-16886-400x258.jpg 400w, https:\/\/www.anicecommunication.com\/it\/wp-content\/uploads\/sites\/3\/2025\/02\/Porsche-Panamera-Arc-de-Triomph-Ultrac-Pro_96dpi_1024x661px_E_NR-16886-600x387.jpg 600w, https:\/\/www.anicecommunication.com\/it\/wp-content\/uploads\/sites\/3\/2025\/02\/Porsche-Panamera-Arc-de-Triomph-Ultrac-Pro_96dpi_1024x661px_E_NR-16886-768x496.jpg 768w, https:\/\/www.anicecommunication.com\/it\/wp-content\/uploads\/sites\/3\/2025\/02\/Porsche-Panamera-Arc-de-Triomph-Ultrac-Pro_96dpi_1024x661px_E_NR-16886-800x516.jpg 800w, https:\/\/www.anicecommunication.com\/it\/wp-content\/uploads\/sites\/3\/2025\/02\/Porsche-Panamera-Arc-de-Triomph-Ultrac-Pro_96dpi_1024x661px_E_NR-16886.jpg 1024w\" sizes=\"(max-width: 1024px) 100vw, 1024px\" \/><\/a><\/p>\n<p>Inoltre, il battistrada dello pneumatico incorpora un&#8217;inedita mescola di nuova generazione, prodotta tramite un processo di miscelazione intelligente che utilizza polimeri all\u2019avanguardia, riempitivi e resine ad alte prestazioni per garantire l&#8217;aderenza su fondi bagnati e asciutti in un ampio intervallo di temperature.<\/p>\n<p>Prima del suo lancio, Ultrac Pro \u00e8 stato valutato a fondo dalla societ\u00e0 spagnola di test e progettazione Applus+ IDIADA per esaminarne le caratteristiche rispetto a sei prodotti concorrenti leader nella categoria UUHP. Confrontato con tre pneumatici UUHP che sono i pi\u00f9 performanti in termini di prestazioni e con altri tre leader della categoria in termini di comfort, Ultrac Pro ha superato tutti tranne uno degli pneumatici UUHP orientati alla performance nella valutazione \u201cLimit Handling\u201d di Applus+ IDIADA (con una differenza inferiore a 1 km\/h nelle velocit\u00e0 di ingresso e uscita rispetto allo pneumatico primo classificato), mentre ha superato gli pneumatici UUHP pi\u00f9 orientati al comfort nei test complessivi di &#8216;Ride Comfort&#8217;.<\/p>\n<p><a href=\"https:\/\/www.anicecommunication.com\/it\/wp-content\/uploads\/sites\/3\/2025\/02\/Vredestein-Ultrac-Pro-Product-Image_45_96dpi_1024x1024px_E_NR-16390.jpg\"><img decoding=\"async\" class=\"aligncenter size-full wp-image-22383\" src=\"https:\/\/www.anicecommunication.com\/it\/wp-content\/uploads\/sites\/3\/2025\/02\/Vredestein-Ultrac-Pro-Product-Image_45_96dpi_1024x1024px_E_NR-16390.jpg\" alt=\"Vredestein Ultrac Pro\" width=\"1024\" height=\"1024\" srcset=\"https:\/\/www.anicecommunication.com\/it\/wp-content\/uploads\/sites\/3\/2025\/02\/Vredestein-Ultrac-Pro-Product-Image_45_96dpi_1024x1024px_E_NR-16390-66x66.jpg 66w, https:\/\/www.anicecommunication.com\/it\/wp-content\/uploads\/sites\/3\/2025\/02\/Vredestein-Ultrac-Pro-Product-Image_45_96dpi_1024x1024px_E_NR-16390-150x150.jpg 150w, https:\/\/www.anicecommunication.com\/it\/wp-content\/uploads\/sites\/3\/2025\/02\/Vredestein-Ultrac-Pro-Product-Image_45_96dpi_1024x1024px_E_NR-16390-200x200.jpg 200w, https:\/\/www.anicecommunication.com\/it\/wp-content\/uploads\/sites\/3\/2025\/02\/Vredestein-Ultrac-Pro-Product-Image_45_96dpi_1024x1024px_E_NR-16390-300x300.jpg 300w, https:\/\/www.anicecommunication.com\/it\/wp-content\/uploads\/sites\/3\/2025\/02\/Vredestein-Ultrac-Pro-Product-Image_45_96dpi_1024x1024px_E_NR-16390-400x400.jpg 400w, https:\/\/www.anicecommunication.com\/it\/wp-content\/uploads\/sites\/3\/2025\/02\/Vredestein-Ultrac-Pro-Product-Image_45_96dpi_1024x1024px_E_NR-16390-600x600.jpg 600w, https:\/\/www.anicecommunication.com\/it\/wp-content\/uploads\/sites\/3\/2025\/02\/Vredestein-Ultrac-Pro-Product-Image_45_96dpi_1024x1024px_E_NR-16390-768x768.jpg 768w, https:\/\/www.anicecommunication.com\/it\/wp-content\/uploads\/sites\/3\/2025\/02\/Vredestein-Ultrac-Pro-Product-Image_45_96dpi_1024x1024px_E_NR-16390-800x800.jpg 800w, https:\/\/www.anicecommunication.com\/it\/wp-content\/uploads\/sites\/3\/2025\/02\/Vredestein-Ultrac-Pro-Product-Image_45_96dpi_1024x1024px_E_NR-16390.jpg 1024w\" sizes=\"(max-width: 1024px) 100vw, 1024px\" \/><\/a><\/p>\n<p>Yves Pouliquen, Vice President, Commercial, Europe presso Apollo Tyres Ltd, ha dichiarato: &#8220;Il riscontro al nostro pneumatico di punta ad alte prestazioni lanciato lo scorso anno \u00e8 stato estremamente positivo. Questo ci permetter\u00e0 di rispondere in modo ancora pi\u00f9 efficace alla crescente domanda del mercato. Ultrac Pro \u00e8 gi\u00e0 compatibile con cerchi fino a 24 pollici e ora siamo in grado di soddisfare molte delle esigenze di misure pi\u00f9 richieste nel segmento UUHP&#8221;.<\/p>\n<p>Per ulteriori informazioni su Vredestein Ultrac Pro, visitare <a href=\"https:\/\/www.vredestein.it\/car-suv-tyres\/products\/1973-ULTRAC-PRO.all\/\">questa pagina&gt;&gt;<\/a><\/p>\n<p style=\"text-align: center;\"><em>[FINE]<\/em><\/p>\n<hr \/>\n<p>20 febbraio 2025<\/p>\n<p><a href=\"https:\/\/www.anicecommunication.it\/Apollo\/250220\/250220_Vredestein_Ultrac_Pro_nuove_misure.zip\">Scarica testo e immagine ad alta risoluzione&gt;&gt;<\/a><\/p>\n<p><a href=\"https:\/\/www.anicecommunication.com\/it\/anice-experience\/ufficio-stampa-apollo-tyres_vredestein-italia\/\">Anicecommunication, ufficio stampa Apollo Tyres \u2013 Vredestein Italia<\/a><\/p>\n","protected":false},"excerpt":{"rendered":"<p>Vredestein Ultrac Pro: la forte domanda spinge al lancio di nuove misure per gli pneumatici Vredestein Ultrac Pro &#8216;ultra-ultra-high-performance&#8217;.<\/p>\n","protected":false},"author":1,"featured_media":22382,"comment_status":"closed","ping_status":"closed","sticky":false,"template":"","format":"standard","meta":{"footnotes":""},"categories":[608,467,80],"tags":[1799,771,1801,1473,1800],"class_list":["post-22381","post","type-post","status-publish","format-standard","has-post-thumbnail","hentry","category-apollo-vredestein","category-press_room","category-blog-anicecommunication","tag-misure-vredestein-ultrac-pro","tag-pneumatici-vredestein","tag-vredestein-pneumatici-premium","tag-vredestein-ultrac-pro","tag-vredestein-ultrac-pro-uuhp"],"yoast_head":"<!-- This site is optimized with the Yoast SEO plugin v27.4 - https:\/\/yoast.com\/product\/yoast-seo-wordpress\/ -->\n<title>Vredestein Ultrac Pro: nuove misure<\/title>\n<meta name=\"description\" content=\"Vredestein Ultrac Pro: la forte domanda spinge al lancio di nuove misure per gli pneumatici &#039;ultra-ultra-high-performance&#039;.\" \/>\n<meta name=\"robots\" content=\"index, follow, max-snippet:-1, max-image-preview:large, max-video-preview:-1\" \/>\n<link rel=\"canonical\" href=\"https:\/\/www.anicecommunication.com\/it\/vredestein-ultrac-pro-nuove-misure\/\" \/>\n<meta property=\"og:locale\" content=\"it_IT\" \/>\n<meta property=\"og:type\" content=\"article\" \/>\n<meta property=\"og:title\" content=\"Vredestein Ultrac Pro: nuove misure\" \/>\n<meta property=\"og:description\" content=\"Vredestein Ultrac Pro: la forte domanda spinge al lancio di nuove misure per gli pneumatici &#039;ultra-ultra-high-performance&#039;.\" \/>\n<meta property=\"og:url\" content=\"https:\/\/www.anicecommunication.com\/it\/vredestein-ultrac-pro-nuove-misure\/\" \/>\n<meta property=\"og:site_name\" content=\"IT Anice Communication\" \/>\n<meta property=\"article:publisher\" content=\"https:\/\/www.facebook.com\/anicecommunication\" \/>\n<meta property=\"article:author\" content=\"https:\/\/www.facebook.com\/anicecommunication\" \/>\n<meta property=\"article:published_time\" content=\"2025-02-20T09:10:45+00:00\" \/>\n<meta property=\"og:image\" content=\"https:\/\/www.anicecommunication.com\/it\/wp-content\/uploads\/sites\/3\/2025\/02\/Porsche-Panamera-Arc-de-Triomph-Ultrac-Pro_96dpi_1024x661px_E_NR-16886.jpg\" \/>\n\t<meta property=\"og:image:width\" content=\"1024\" \/>\n\t<meta property=\"og:image:height\" content=\"661\" \/>\n\t<meta property=\"og:image:type\" content=\"image\/jpeg\" \/>\n<meta name=\"author\" content=\"Editorial Staff\" \/>\n<meta name=\"twitter:label1\" content=\"Scritto da\" \/>\n\t<meta name=\"twitter:data1\" content=\"Editorial Staff\" \/>\n\t<meta name=\"twitter:label2\" content=\"Tempo di lettura stimato\" \/>\n\t<meta name=\"twitter:data2\" content=\"4 minuti\" \/>\n<script type=\"application\/ld+json\" class=\"yoast-schema-graph\">{\"@context\":\"https:\\\/\\\/schema.org\",\"@graph\":[{\"@type\":\"Article\",\"@id\":\"https:\\\/\\\/www.anicecommunication.com\\\/it\\\/vredestein-ultrac-pro-nuove-misure\\\/#article\",\"isPartOf\":{\"@id\":\"https:\\\/\\\/www.anicecommunication.com\\\/it\\\/vredestein-ultrac-pro-nuove-misure\\\/\"},\"author\":{\"name\":\"Editorial Staff\",\"@id\":\"https:\\\/\\\/www.anicecommunication.com\\\/it\\\/#\\\/schema\\\/person\\\/d8f9046f11c2ab1ff15f1d0d580184d8\"},\"headline\":\"Vredestein Ultrac Pro: nuove misure per gli pneumatici &#8216;ultra-ultra-high-performance&#8217;\",\"datePublished\":\"2025-02-20T09:10:45+00:00\",\"mainEntityOfPage\":{\"@id\":\"https:\\\/\\\/www.anicecommunication.com\\\/it\\\/vredestein-ultrac-pro-nuove-misure\\\/\"},\"wordCount\":576,\"publisher\":{\"@id\":\"https:\\\/\\\/www.anicecommunication.com\\\/it\\\/#organization\"},\"image\":{\"@id\":\"https:\\\/\\\/www.anicecommunication.com\\\/it\\\/vredestein-ultrac-pro-nuove-misure\\\/#primaryimage\"},\"thumbnailUrl\":\"https:\\\/\\\/www.anicecommunication.com\\\/it\\\/wp-content\\\/uploads\\\/sites\\\/3\\\/2025\\\/02\\\/Porsche-Panamera-Arc-de-Triomph-Ultrac-Pro_96dpi_1024x661px_E_NR-16886.jpg\",\"keywords\":[\"misure Vredestein Ultrac Pro\",\"pneumatici Vredestein\",\"Vredestein pneumatici premium\",\"Vredestein Ultrac Pro\",\"Vredestein Ultrac Pro UUHP\"],\"articleSection\":[\"Apollo Tyres | Vredestein\",\"Press Room\",\"What A Nice Blog!\"],\"inLanguage\":\"it-IT\"},{\"@type\":\"WebPage\",\"@id\":\"https:\\\/\\\/www.anicecommunication.com\\\/it\\\/vredestein-ultrac-pro-nuove-misure\\\/\",\"url\":\"https:\\\/\\\/www.anicecommunication.com\\\/it\\\/vredestein-ultrac-pro-nuove-misure\\\/\",\"name\":\"Vredestein Ultrac Pro: nuove misure\",\"isPartOf\":{\"@id\":\"https:\\\/\\\/www.anicecommunication.com\\\/it\\\/#website\"},\"primaryImageOfPage\":{\"@id\":\"https:\\\/\\\/www.anicecommunication.com\\\/it\\\/vredestein-ultrac-pro-nuove-misure\\\/#primaryimage\"},\"image\":{\"@id\":\"https:\\\/\\\/www.anicecommunication.com\\\/it\\\/vredestein-ultrac-pro-nuove-misure\\\/#primaryimage\"},\"thumbnailUrl\":\"https:\\\/\\\/www.anicecommunication.com\\\/it\\\/wp-content\\\/uploads\\\/sites\\\/3\\\/2025\\\/02\\\/Porsche-Panamera-Arc-de-Triomph-Ultrac-Pro_96dpi_1024x661px_E_NR-16886.jpg\",\"datePublished\":\"2025-02-20T09:10:45+00:00\",\"description\":\"Vredestein Ultrac Pro: la forte domanda spinge al lancio di nuove misure per gli pneumatici 'ultra-ultra-high-performance'.\",\"breadcrumb\":{\"@id\":\"https:\\\/\\\/www.anicecommunication.com\\\/it\\\/vredestein-ultrac-pro-nuove-misure\\\/#breadcrumb\"},\"inLanguage\":\"it-IT\",\"potentialAction\":[{\"@type\":\"ReadAction\",\"target\":[\"https:\\\/\\\/www.anicecommunication.com\\\/it\\\/vredestein-ultrac-pro-nuove-misure\\\/\"]}]},{\"@type\":\"ImageObject\",\"inLanguage\":\"it-IT\",\"@id\":\"https:\\\/\\\/www.anicecommunication.com\\\/it\\\/vredestein-ultrac-pro-nuove-misure\\\/#primaryimage\",\"url\":\"https:\\\/\\\/www.anicecommunication.com\\\/it\\\/wp-content\\\/uploads\\\/sites\\\/3\\\/2025\\\/02\\\/Porsche-Panamera-Arc-de-Triomph-Ultrac-Pro_96dpi_1024x661px_E_NR-16886.jpg\",\"contentUrl\":\"https:\\\/\\\/www.anicecommunication.com\\\/it\\\/wp-content\\\/uploads\\\/sites\\\/3\\\/2025\\\/02\\\/Porsche-Panamera-Arc-de-Triomph-Ultrac-Pro_96dpi_1024x661px_E_NR-16886.jpg\",\"width\":1024,\"height\":661,\"caption\":\"Vredestein Ultrac Pro Porsche Panamera Arc de Triomph\"},{\"@type\":\"BreadcrumbList\",\"@id\":\"https:\\\/\\\/www.anicecommunication.com\\\/it\\\/vredestein-ultrac-pro-nuove-misure\\\/#breadcrumb\",\"itemListElement\":[{\"@type\":\"ListItem\",\"position\":1,\"name\":\"Home\",\"item\":\"https:\\\/\\\/www.anicecommunication.com\\\/it\\\/\"},{\"@type\":\"ListItem\",\"position\":2,\"name\":\"Vredestein Ultrac Pro: nuove misure per gli pneumatici &#8216;ultra-ultra-high-performance&#8217;\"}]},{\"@type\":\"WebSite\",\"@id\":\"https:\\\/\\\/www.anicecommunication.com\\\/it\\\/#website\",\"url\":\"https:\\\/\\\/www.anicecommunication.com\\\/it\\\/\",\"name\":\"IT Anice Communication\",\"description\":\"Anicecommunication agenzia di pubbliche relazioni,  ufficio stampa, media relations, automotive e mobility a livello internazionale - Torino\",\"publisher\":{\"@id\":\"https:\\\/\\\/www.anicecommunication.com\\\/it\\\/#organization\"},\"potentialAction\":[{\"@type\":\"SearchAction\",\"target\":{\"@type\":\"EntryPoint\",\"urlTemplate\":\"https:\\\/\\\/www.anicecommunication.com\\\/it\\\/?s={search_term_string}\"},\"query-input\":{\"@type\":\"PropertyValueSpecification\",\"valueRequired\":true,\"valueName\":\"search_term_string\"}}],\"inLanguage\":\"it-IT\"},{\"@type\":\"Organization\",\"@id\":\"https:\\\/\\\/www.anicecommunication.com\\\/it\\\/#organization\",\"name\":\"Anice SRL - Agenzia di comunicazione, mobility and automotive media relations & PR in Italia, Europa\",\"alternateName\":\"Anicecommunication\",\"url\":\"https:\\\/\\\/www.anicecommunication.com\\\/it\\\/\",\"logo\":{\"@type\":\"ImageObject\",\"inLanguage\":\"it-IT\",\"@id\":\"https:\\\/\\\/www.anicecommunication.com\\\/it\\\/#\\\/schema\\\/logo\\\/image\\\/\",\"url\":\"https:\\\/\\\/www.anicecommunication.com\\\/it\\\/wp-content\\\/uploads\\\/sites\\\/3\\\/2023\\\/06\\\/Anice_696x696.jpg\",\"contentUrl\":\"https:\\\/\\\/www.anicecommunication.com\\\/it\\\/wp-content\\\/uploads\\\/sites\\\/3\\\/2023\\\/06\\\/Anice_696x696.jpg\",\"width\":696,\"height\":696,\"caption\":\"Anice SRL - Agenzia di comunicazione, mobility and automotive media relations & PR in Italia, Europa\"},\"image\":{\"@id\":\"https:\\\/\\\/www.anicecommunication.com\\\/it\\\/#\\\/schema\\\/logo\\\/image\\\/\"},\"sameAs\":[\"https:\\\/\\\/www.facebook.com\\\/anicecommunication\",\"https:\\\/\\\/x.com\\\/Anicecom\",\"https:\\\/\\\/instagram.com\\\/anicecom\\\/\",\"https:\\\/\\\/www.linkedin.com\\\/company\\\/anice-s-r-l-\"]},{\"@type\":\"Person\",\"@id\":\"https:\\\/\\\/www.anicecommunication.com\\\/it\\\/#\\\/schema\\\/person\\\/d8f9046f11c2ab1ff15f1d0d580184d8\",\"name\":\"Editorial Staff\",\"image\":{\"@type\":\"ImageObject\",\"inLanguage\":\"it-IT\",\"@id\":\"https:\\\/\\\/secure.gravatar.com\\\/avatar\\\/62128a8e64953c282b330a12e5b592d8bc5d299b46ab0e6928129ae0d79e528a?s=96&d=mm&r=g\",\"url\":\"https:\\\/\\\/secure.gravatar.com\\\/avatar\\\/62128a8e64953c282b330a12e5b592d8bc5d299b46ab0e6928129ae0d79e528a?s=96&d=mm&r=g\",\"contentUrl\":\"https:\\\/\\\/secure.gravatar.com\\\/avatar\\\/62128a8e64953c282b330a12e5b592d8bc5d299b46ab0e6928129ae0d79e528a?s=96&d=mm&r=g\",\"caption\":\"Editorial Staff\"},\"description\":\"La redazione di Anicecommunication \u00e8 composta da giornalisti, esperti di comunicazione e marketing, content manager e storyteller.\",\"sameAs\":[\"http:\\\/\\\/www.anicecommunication.com\",\"https:\\\/\\\/www.facebook.com\\\/anicecommunication\",\"https:\\\/\\\/x.com\\\/anicecom\"]}]}<\/script>\n<!-- \/ Yoast SEO plugin. -->","yoast_head_json":{"title":"Vredestein Ultrac Pro: nuove misure","description":"Vredestein Ultrac Pro: la forte domanda spinge al lancio di nuove misure per gli pneumatici 'ultra-ultra-high-performance'.","robots":{"index":"index","follow":"follow","max-snippet":"max-snippet:-1","max-image-preview":"max-image-preview:large","max-video-preview":"max-video-preview:-1"},"canonical":"https:\/\/www.anicecommunication.com\/it\/vredestein-ultrac-pro-nuove-misure\/","og_locale":"it_IT","og_type":"article","og_title":"Vredestein Ultrac Pro: nuove misure","og_description":"Vredestein Ultrac Pro: la forte domanda spinge al lancio di nuove misure per gli pneumatici 'ultra-ultra-high-performance'.","og_url":"https:\/\/www.anicecommunication.com\/it\/vredestein-ultrac-pro-nuove-misure\/","og_site_name":"IT Anice Communication","article_publisher":"https:\/\/www.facebook.com\/anicecommunication","article_author":"https:\/\/www.facebook.com\/anicecommunication","article_published_time":"2025-02-20T09:10:45+00:00","og_image":[{"width":1024,"height":661,"url":"https:\/\/www.anicecommunication.com\/it\/wp-content\/uploads\/sites\/3\/2025\/02\/Porsche-Panamera-Arc-de-Triomph-Ultrac-Pro_96dpi_1024x661px_E_NR-16886.jpg","type":"image\/jpeg"}],"author":"Editorial Staff","twitter_misc":{"Scritto da":"Editorial Staff","Tempo di lettura stimato":"4 minuti"},"schema":{"@context":"https:\/\/schema.org","@graph":[{"@type":"Article","@id":"https:\/\/www.anicecommunication.com\/it\/vredestein-ultrac-pro-nuove-misure\/#article","isPartOf":{"@id":"https:\/\/www.anicecommunication.com\/it\/vredestein-ultrac-pro-nuove-misure\/"},"author":{"name":"Editorial Staff","@id":"https:\/\/www.anicecommunication.com\/it\/#\/schema\/person\/d8f9046f11c2ab1ff15f1d0d580184d8"},"headline":"Vredestein Ultrac Pro: nuove misure per gli pneumatici &#8216;ultra-ultra-high-performance&#8217;","datePublished":"2025-02-20T09:10:45+00:00","mainEntityOfPage":{"@id":"https:\/\/www.anicecommunication.com\/it\/vredestein-ultrac-pro-nuove-misure\/"},"wordCount":576,"publisher":{"@id":"https:\/\/www.anicecommunication.com\/it\/#organization"},"image":{"@id":"https:\/\/www.anicecommunication.com\/it\/vredestein-ultrac-pro-nuove-misure\/#primaryimage"},"thumbnailUrl":"https:\/\/www.anicecommunication.com\/it\/wp-content\/uploads\/sites\/3\/2025\/02\/Porsche-Panamera-Arc-de-Triomph-Ultrac-Pro_96dpi_1024x661px_E_NR-16886.jpg","keywords":["misure Vredestein Ultrac Pro","pneumatici Vredestein","Vredestein pneumatici premium","Vredestein Ultrac Pro","Vredestein Ultrac Pro UUHP"],"articleSection":["Apollo Tyres | Vredestein","Press Room","What A Nice Blog!"],"inLanguage":"it-IT"},{"@type":"WebPage","@id":"https:\/\/www.anicecommunication.com\/it\/vredestein-ultrac-pro-nuove-misure\/","url":"https:\/\/www.anicecommunication.com\/it\/vredestein-ultrac-pro-nuove-misure\/","name":"Vredestein Ultrac Pro: nuove misure","isPartOf":{"@id":"https:\/\/www.anicecommunication.com\/it\/#website"},"primaryImageOfPage":{"@id":"https:\/\/www.anicecommunication.com\/it\/vredestein-ultrac-pro-nuove-misure\/#primaryimage"},"image":{"@id":"https:\/\/www.anicecommunication.com\/it\/vredestein-ultrac-pro-nuove-misure\/#primaryimage"},"thumbnailUrl":"https:\/\/www.anicecommunication.com\/it\/wp-content\/uploads\/sites\/3\/2025\/02\/Porsche-Panamera-Arc-de-Triomph-Ultrac-Pro_96dpi_1024x661px_E_NR-16886.jpg","datePublished":"2025-02-20T09:10:45+00:00","description":"Vredestein Ultrac Pro: la forte domanda spinge al lancio di nuove misure per gli pneumatici 'ultra-ultra-high-performance'.","breadcrumb":{"@id":"https:\/\/www.anicecommunication.com\/it\/vredestein-ultrac-pro-nuove-misure\/#breadcrumb"},"inLanguage":"it-IT","potentialAction":[{"@type":"ReadAction","target":["https:\/\/www.anicecommunication.com\/it\/vredestein-ultrac-pro-nuove-misure\/"]}]},{"@type":"ImageObject","inLanguage":"it-IT","@id":"https:\/\/www.anicecommunication.com\/it\/vredestein-ultrac-pro-nuove-misure\/#primaryimage","url":"https:\/\/www.anicecommunication.com\/it\/wp-content\/uploads\/sites\/3\/2025\/02\/Porsche-Panamera-Arc-de-Triomph-Ultrac-Pro_96dpi_1024x661px_E_NR-16886.jpg","contentUrl":"https:\/\/www.anicecommunication.com\/it\/wp-content\/uploads\/sites\/3\/2025\/02\/Porsche-Panamera-Arc-de-Triomph-Ultrac-Pro_96dpi_1024x661px_E_NR-16886.jpg","width":1024,"height":661,"caption":"Vredestein Ultrac Pro Porsche Panamera Arc de Triomph"},{"@type":"BreadcrumbList","@id":"https:\/\/www.anicecommunication.com\/it\/vredestein-ultrac-pro-nuove-misure\/#breadcrumb","itemListElement":[{"@type":"ListItem","position":1,"name":"Home","item":"https:\/\/www.anicecommunication.com\/it\/"},{"@type":"ListItem","position":2,"name":"Vredestein Ultrac Pro: nuove misure per gli pneumatici &#8216;ultra-ultra-high-performance&#8217;"}]},{"@type":"WebSite","@id":"https:\/\/www.anicecommunication.com\/it\/#website","url":"https:\/\/www.anicecommunication.com\/it\/","name":"IT Anice Communication","description":"Anicecommunication agenzia di pubbliche relazioni,  ufficio stampa, media relations, automotive e mobility a livello internazionale - Torino","publisher":{"@id":"https:\/\/www.anicecommunication.com\/it\/#organization"},"potentialAction":[{"@type":"SearchAction","target":{"@type":"EntryPoint","urlTemplate":"https:\/\/www.anicecommunication.com\/it\/?s={search_term_string}"},"query-input":{"@type":"PropertyValueSpecification","valueRequired":true,"valueName":"search_term_string"}}],"inLanguage":"it-IT"},{"@type":"Organization","@id":"https:\/\/www.anicecommunication.com\/it\/#organization","name":"Anice SRL - Agenzia di comunicazione, mobility and automotive media relations & PR in Italia, Europa","alternateName":"Anicecommunication","url":"https:\/\/www.anicecommunication.com\/it\/","logo":{"@type":"ImageObject","inLanguage":"it-IT","@id":"https:\/\/www.anicecommunication.com\/it\/#\/schema\/logo\/image\/","url":"https:\/\/www.anicecommunication.com\/it\/wp-content\/uploads\/sites\/3\/2023\/06\/Anice_696x696.jpg","contentUrl":"https:\/\/www.anicecommunication.com\/it\/wp-content\/uploads\/sites\/3\/2023\/06\/Anice_696x696.jpg","width":696,"height":696,"caption":"Anice SRL - Agenzia di comunicazione, mobility and automotive media relations & PR in Italia, Europa"},"image":{"@id":"https:\/\/www.anicecommunication.com\/it\/#\/schema\/logo\/image\/"},"sameAs":["https:\/\/www.facebook.com\/anicecommunication","https:\/\/x.com\/Anicecom","https:\/\/instagram.com\/anicecom\/","https:\/\/www.linkedin.com\/company\/anice-s-r-l-"]},{"@type":"Person","@id":"https:\/\/www.anicecommunication.com\/it\/#\/schema\/person\/d8f9046f11c2ab1ff15f1d0d580184d8","name":"Editorial Staff","image":{"@type":"ImageObject","inLanguage":"it-IT","@id":"https:\/\/secure.gravatar.com\/avatar\/62128a8e64953c282b330a12e5b592d8bc5d299b46ab0e6928129ae0d79e528a?s=96&d=mm&r=g","url":"https:\/\/secure.gravatar.com\/avatar\/62128a8e64953c282b330a12e5b592d8bc5d299b46ab0e6928129ae0d79e528a?s=96&d=mm&r=g","contentUrl":"https:\/\/secure.gravatar.com\/avatar\/62128a8e64953c282b330a12e5b592d8bc5d299b46ab0e6928129ae0d79e528a?s=96&d=mm&r=g","caption":"Editorial Staff"},"description":"La redazione di Anicecommunication \u00e8 composta da giornalisti, esperti di comunicazione e marketing, content manager e storyteller.","sameAs":["http:\/\/www.anicecommunication.com","https:\/\/www.facebook.com\/anicecommunication","https:\/\/x.com\/anicecom"]}]}},"_links":{"self":[{"href":"https:\/\/www.anicecommunication.com\/it\/wp-json\/wp\/v2\/posts\/22381","targetHints":{"allow":["GET"]}}],"collection":[{"href":"https:\/\/www.anicecommunication.com\/it\/wp-json\/wp\/v2\/posts"}],"about":[{"href":"https:\/\/www.anicecommunication.com\/it\/wp-json\/wp\/v2\/types\/post"}],"author":[{"embeddable":true,"href":"https:\/\/www.anicecommunication.com\/it\/wp-json\/wp\/v2\/users\/1"}],"replies":[{"embeddable":true,"href":"https:\/\/www.anicecommunication.com\/it\/wp-json\/wp\/v2\/comments?post=22381"}],"version-history":[{"count":1,"href":"https:\/\/www.anicecommunication.com\/it\/wp-json\/wp\/v2\/posts\/22381\/revisions"}],"predecessor-version":[{"id":22385,"href":"https:\/\/www.anicecommunication.com\/it\/wp-json\/wp\/v2\/posts\/22381\/revisions\/22385"}],"wp:featuredmedia":[{"embeddable":true,"href":"https:\/\/www.anicecommunication.com\/it\/wp-json\/wp\/v2\/media\/22382"}],"wp:attachment":[{"href":"https:\/\/www.anicecommunication.com\/it\/wp-json\/wp\/v2\/media?parent=22381"}],"wp:term":[{"taxonomy":"category","embeddable":true,"href":"https:\/\/www.anicecommunication.com\/it\/wp-json\/wp\/v2\/categories?post=22381"},{"taxonomy":"post_tag","embeddable":true,"href":"https:\/\/www.anicecommunication.com\/it\/wp-json\/wp\/v2\/tags?post=22381"}],"curies":[{"name":"wp","href":"https:\/\/api.w.org\/{rel}","templated":true}]}}