{"id":22499,"date":"2025-04-04T20:57:33","date_gmt":"2025-04-04T18:57:33","guid":{"rendered":"https:\/\/www.anicecommunication.com\/it\/?p=22499"},"modified":"2025-04-07T19:18:55","modified_gmt":"2025-04-07T17:18:55","slug":"xpeng-debutta-in-italia-alla-milano-design-week_2025_con-la-mostra-xpeng-futurmobility","status":"publish","type":"post","link":"https:\/\/www.anicecommunication.com\/it\/xpeng-debutta-in-italia-alla-milano-design-week_2025_con-la-mostra-xpeng-futurmobility\/","title":{"rendered":"XPENG debutta in Italia alla Milano Design Week con la mostra XPENG: #FUTUREMOBILITY"},"content":{"rendered":"<h4 class=\"text-center\"><b>Intelligenza artificiale e auto volanti: i veicoli futuristici del brand automotive cinese nell&#8217;esclusiva mostra XPENG: #FUTUREMOBILITY presso l&#8217;ADI Design Museum<\/b><\/h4>\n<p><!--more--><\/p>\n<p class=\"text-justify\"><a href=\"https:\/\/www.xpeng.com\/\" target=\"_blank\" rel=\"noopener\">XPENG<\/a>, leader globale nel settore dei NEV (New Energy Vehicles) e pioniere nella mobilit\u00e0 intelligente, ha scelto l&#8217;iconica Milano Design Week 2025 come palcoscenico d&#8217;eccellenza per la sua anteprima sul mercato italiano.<\/p>\n<p class=\"text-justify\"><b>Dal 7 al 13 aprile 2025<\/b>, l\u2019ADI Design Museum ospiter\u00e0 &#8220;<b>XPENG: #FUTUREMOBILITY<\/b>&#8220;, una mostra esclusiva dedicata all\u2019innovazione nella mobilit\u00e0. Al centro dell\u2019esposizione, due avveniristici modelli del brand cinese, destinati a trasformare il concetto stesso di mobilit\u00e0: la EV <a href=\"https:\/\/www.anicecommunication.com\/it\/xpeng-p7-lia-protagonista-al-mondial-de-lauto-di-parigi\/\" target=\"_blank\" rel=\"noopener\"><b>XPENG P7+<\/b><\/a>, prima vettura al mondo definita dall&#8217;Intelligenza Artificiale, e la <b><a href=\"https:\/\/www.aeroht.com\/\" target=\"_blank\" rel=\"noopener\">XPENG AEROHT<\/a> X2,<\/b> auto elettrica volante gi\u00e0 premiata con il Gold Prize al \u201cChina Excellent Industrial Design Award\u201d, che promette di rivoluzionare il modo in cui ci sposter\u00e0 nelle citt\u00e0 del futuro. XPENG AEROHT X2 sar\u00e0 presto commercializzata in Cina e gi\u00e0 oggi assicura un servizio di commuting a cavallo del Fiume delle Perle, a Gu\u01cengzh\u014du (Canton), sede del quartier generale di XPENG.<\/p>\n<p><a href=\"https:\/\/www.anicecommunication.com\/it\/wp-content\/uploads\/sites\/3\/2025\/04\/XPENG_P7_1280.jpg\"><img decoding=\"async\" class=\"aligncenter size-full wp-image-22501\" src=\"https:\/\/www.anicecommunication.com\/it\/wp-content\/uploads\/sites\/3\/2025\/04\/XPENG_P7_1280.jpg\" alt=\"XPENG_P7+ la prima automobile definita dall'Intelligenza Artificiale\" width=\"1280\" height=\"726\" srcset=\"https:\/\/www.anicecommunication.com\/it\/wp-content\/uploads\/sites\/3\/2025\/04\/XPENG_P7_1280-200x113.jpg 200w, https:\/\/www.anicecommunication.com\/it\/wp-content\/uploads\/sites\/3\/2025\/04\/XPENG_P7_1280-300x170.jpg 300w, https:\/\/www.anicecommunication.com\/it\/wp-content\/uploads\/sites\/3\/2025\/04\/XPENG_P7_1280-400x227.jpg 400w, https:\/\/www.anicecommunication.com\/it\/wp-content\/uploads\/sites\/3\/2025\/04\/XPENG_P7_1280-600x340.jpg 600w, https:\/\/www.anicecommunication.com\/it\/wp-content\/uploads\/sites\/3\/2025\/04\/XPENG_P7_1280-768x436.jpg 768w, https:\/\/www.anicecommunication.com\/it\/wp-content\/uploads\/sites\/3\/2025\/04\/XPENG_P7_1280-800x454.jpg 800w, https:\/\/www.anicecommunication.com\/it\/wp-content\/uploads\/sites\/3\/2025\/04\/XPENG_P7_1280-1024x581.jpg 1024w, https:\/\/www.anicecommunication.com\/it\/wp-content\/uploads\/sites\/3\/2025\/04\/XPENG_P7_1280-1200x681.jpg 1200w, https:\/\/www.anicecommunication.com\/it\/wp-content\/uploads\/sites\/3\/2025\/04\/XPENG_P7_1280.jpg 1280w\" sizes=\"(max-width: 1280px) 100vw, 1280px\" \/><\/a><\/p>\n<p style=\"text-align: center;\"><em>XPENG P7+<\/em><\/p>\n<p class=\"text-justify\"><a href=\"https:\/\/www.anicecommunication.com\/it\/atflow-un-nuovo-attore-nel-settore-automotive-in-italia\/\" target=\"_blank\" rel=\"noopener\"><b>ATFLOW<\/b><\/a>, importatore e distributore esclusivo di XPENG in Italia, ha individuato nell&#8217;ADI Design Museum la location ideale per il debutto ufficiale del brand nel nostro paese. Questo spazio espositivo, punto di riferimento per il design italiano e custode della collezione storica del Premio Compasso d&#8217;Oro \u2013 il pi\u00f9 antico e autorevole riconoscimento internazionale nel settore \u2013 rappresenta il contesto ideale per esprimere i valori di innovazione ed eccellenza tecnologica che definiscono l&#8217;identit\u00e0 di XPENG.<\/p>\n<p class=\"text-justify\"><b>\u201cXPENG: #FUTUREMOBILITY\u201d<\/b> offre al pubblico italiano un&#8217;opportunit\u00e0 unica per scoprire le soluzioni all&#8217;avanguardia di un brand che coniuga robotica, intelligenza artificiale e design futuristico, aprendo nuove prospettive sulla mobilit\u00e0 urbana di domani<\/p>\n<p><a href=\"https:\/\/www.anicecommunication.com\/it\/wp-content\/uploads\/sites\/3\/2025\/04\/Xpeng_X2_1920.jpg\"><img decoding=\"async\" class=\"aligncenter size-full wp-image-22514\" src=\"https:\/\/www.anicecommunication.com\/it\/wp-content\/uploads\/sites\/3\/2025\/04\/Xpeng_X2_1920.jpg\" alt=\"XPENG AEROHT X2\" width=\"1804\" height=\"1200\" srcset=\"https:\/\/www.anicecommunication.com\/it\/wp-content\/uploads\/sites\/3\/2025\/04\/Xpeng_X2_1920-200x133.jpg 200w, https:\/\/www.anicecommunication.com\/it\/wp-content\/uploads\/sites\/3\/2025\/04\/Xpeng_X2_1920-300x200.jpg 300w, https:\/\/www.anicecommunication.com\/it\/wp-content\/uploads\/sites\/3\/2025\/04\/Xpeng_X2_1920-400x266.jpg 400w, https:\/\/www.anicecommunication.com\/it\/wp-content\/uploads\/sites\/3\/2025\/04\/Xpeng_X2_1920-600x399.jpg 600w, https:\/\/www.anicecommunication.com\/it\/wp-content\/uploads\/sites\/3\/2025\/04\/Xpeng_X2_1920-768x511.jpg 768w, https:\/\/www.anicecommunication.com\/it\/wp-content\/uploads\/sites\/3\/2025\/04\/Xpeng_X2_1920-800x532.jpg 800w, https:\/\/www.anicecommunication.com\/it\/wp-content\/uploads\/sites\/3\/2025\/04\/Xpeng_X2_1920-1024x681.jpg 1024w, https:\/\/www.anicecommunication.com\/it\/wp-content\/uploads\/sites\/3\/2025\/04\/Xpeng_X2_1920-1200x798.jpg 1200w, https:\/\/www.anicecommunication.com\/it\/wp-content\/uploads\/sites\/3\/2025\/04\/Xpeng_X2_1920-1536x1022.jpg 1536w, https:\/\/www.anicecommunication.com\/it\/wp-content\/uploads\/sites\/3\/2025\/04\/Xpeng_X2_1920.jpg 1804w\" sizes=\"(max-width: 1804px) 100vw, 1804px\" \/><\/a><\/p>\n<p style=\"text-align: center;\"><em>XPENG AEROHT X2<\/em><\/p>\n<p><b>Informazioni:<\/b><\/p>\n<ul>\n<li><b>Mostra<\/b>: XPENG: #FUTUREMOBILITY<\/li>\n<\/ul>\n<ul>\n<li><b>Luogo<\/b>: ADI Design Museum, Piazza Compasso d\u2019Oro 1, Milano<\/li>\n<\/ul>\n<ul>\n<li><b>Date<\/b>: da luned\u00ec 7 aprile a domenica 13 aprile 2025<\/li>\n<\/ul>\n<ul>\n<li><b>Orari apertura al pubblico<\/b>: dalle 10:30 alle 21:00 tutti i giorni<\/li>\n<\/ul>\n<hr \/>\n<p>Milano, 4 Aprile 2024<\/p>\n<p><a href=\"https:\/\/www.anicecommunication.it\/xpeng\/250404\/250404_XPENG_alla_Design_Week_2025.zip\">Scarica testo e immagini&gt;&gt;&gt;<\/a><\/p>\n<p><a href=\"https:\/\/www.anicecommunication.com\/it\/agenzia-di-comunicazione\/\">Anicecommunication<\/a>\u00a0\u2013\u00a0<a href=\"https:\/\/www.anicecommunication.com\/it\/media-relations\/\">Contatti Media XPENG Italia<\/a><\/p>\n","protected":false},"excerpt":{"rendered":"<p>Intelligenza artificiale e auto volanti: i veicoli futuristici del brand automotive cinese nell&#8217;esclusiva mostra XPENG: #FUTUREMOBILITY presso l&#8217;ADI Design Museum<\/p>\n","protected":false},"author":1,"featured_media":22501,"comment_status":"closed","ping_status":"closed","sticky":false,"template":"","format":"standard","meta":{"footnotes":""},"categories":[1830,467,80,1613],"tags":[1840,1839,1831,1841,1842,1843,1837,1838,1614,1715,1844,1722],"class_list":["post-22499","post","type-post","status-publish","format-standard","has-post-thumbnail","hentry","category-atflow","category-press_room","category-blog-anicecommunication","category-xpeng","tag-adi-design-museum","tag-aeroht-x2","tag-atflow","tag-design-week","tag-design-week-2025","tag-fuori-salone-del-mobile","tag-future-mobility","tag-p7","tag-xpeng","tag-xpeng-ai","tag-xpeng-italia","tag-xpeng-p7"],"yoast_head":"<!-- This site is optimized with the Yoast SEO plugin v27.4 - https:\/\/yoast.com\/product\/yoast-seo-wordpress\/ -->\n<title>XPENG debutta in Italia alla Milano Design Week<\/title>\n<meta name=\"description\" content=\"Dal 7 al 13 aprile 2025. Intelligenza artificiale e auto volanti nell&#039;esclusiva mostra XPENG: #FUTUREMOBILITY presso l&#039;ADI Design Museum\" \/>\n<meta name=\"robots\" content=\"index, follow, max-snippet:-1, max-image-preview:large, max-video-preview:-1\" \/>\n<link rel=\"canonical\" href=\"https:\/\/www.anicecommunication.com\/it\/xpeng-debutta-in-italia-alla-milano-design-week_2025_con-la-mostra-xpeng-futurmobility\/\" \/>\n<meta property=\"og:locale\" content=\"it_IT\" \/>\n<meta property=\"og:type\" content=\"article\" \/>\n<meta property=\"og:title\" content=\"XPENG debutta in Italia alla Milano Design Week\" \/>\n<meta property=\"og:description\" content=\"Dal 7 al 13 aprile 2025. Intelligenza artificiale e auto volanti nell&#039;esclusiva mostra XPENG: #FUTUREMOBILITY presso l&#039;ADI Design Museum\" \/>\n<meta property=\"og:url\" content=\"https:\/\/www.anicecommunication.com\/it\/xpeng-debutta-in-italia-alla-milano-design-week_2025_con-la-mostra-xpeng-futurmobility\/\" \/>\n<meta property=\"og:site_name\" content=\"IT Anice Communication\" \/>\n<meta property=\"article:publisher\" content=\"https:\/\/www.facebook.com\/anicecommunication\" \/>\n<meta property=\"article:author\" content=\"https:\/\/www.facebook.com\/anicecommunication\" \/>\n<meta property=\"article:published_time\" content=\"2025-04-04T18:57:33+00:00\" \/>\n<meta property=\"article:modified_time\" content=\"2025-04-07T17:18:55+00:00\" \/>\n<meta property=\"og:image\" content=\"https:\/\/www.anicecommunication.com\/it\/wp-content\/uploads\/sites\/3\/2025\/04\/XPENG_P7_1280.jpg\" \/>\n\t<meta property=\"og:image:width\" content=\"1280\" \/>\n\t<meta property=\"og:image:height\" content=\"726\" \/>\n\t<meta property=\"og:image:type\" content=\"image\/jpeg\" \/>\n<meta name=\"author\" content=\"Editorial Staff\" \/>\n<meta name=\"twitter:label1\" content=\"Scritto da\" \/>\n\t<meta name=\"twitter:data1\" content=\"Editorial Staff\" \/>\n\t<meta name=\"twitter:label2\" content=\"Tempo di lettura stimato\" \/>\n\t<meta name=\"twitter:data2\" content=\"3 minuti\" \/>\n<script type=\"application\/ld+json\" class=\"yoast-schema-graph\">{\"@context\":\"https:\\\/\\\/schema.org\",\"@graph\":[{\"@type\":\"Article\",\"@id\":\"https:\\\/\\\/www.anicecommunication.com\\\/it\\\/xpeng-debutta-in-italia-alla-milano-design-week_2025_con-la-mostra-xpeng-futurmobility\\\/#article\",\"isPartOf\":{\"@id\":\"https:\\\/\\\/www.anicecommunication.com\\\/it\\\/xpeng-debutta-in-italia-alla-milano-design-week_2025_con-la-mostra-xpeng-futurmobility\\\/\"},\"author\":{\"name\":\"Editorial Staff\",\"@id\":\"https:\\\/\\\/www.anicecommunication.com\\\/it\\\/#\\\/schema\\\/person\\\/d8f9046f11c2ab1ff15f1d0d580184d8\"},\"headline\":\"XPENG debutta in Italia alla Milano Design Week con la mostra XPENG: #FUTUREMOBILITY\",\"datePublished\":\"2025-04-04T18:57:33+00:00\",\"dateModified\":\"2025-04-07T17:18:55+00:00\",\"mainEntityOfPage\":{\"@id\":\"https:\\\/\\\/www.anicecommunication.com\\\/it\\\/xpeng-debutta-in-italia-alla-milano-design-week_2025_con-la-mostra-xpeng-futurmobility\\\/\"},\"wordCount\":340,\"publisher\":{\"@id\":\"https:\\\/\\\/www.anicecommunication.com\\\/it\\\/#organization\"},\"image\":{\"@id\":\"https:\\\/\\\/www.anicecommunication.com\\\/it\\\/xpeng-debutta-in-italia-alla-milano-design-week_2025_con-la-mostra-xpeng-futurmobility\\\/#primaryimage\"},\"thumbnailUrl\":\"https:\\\/\\\/www.anicecommunication.com\\\/it\\\/wp-content\\\/uploads\\\/sites\\\/3\\\/2025\\\/04\\\/XPENG_P7_1280.jpg\",\"keywords\":[\"ADI Design Museum\",\"Aeroht X2\",\"ATFLOW\",\"Design Week\",\"Design Week 2025\",\"Fuori Salone del Mobile\",\"future mobility\",\"P7+\",\"XPENG\",\"XPENG AI\",\"XPENG Italia\",\"XPENG P7+\"],\"articleSection\":[\"ATFlow\",\"Press Room\",\"What A Nice Blog!\",\"XPENG\"],\"inLanguage\":\"it-IT\"},{\"@type\":\"WebPage\",\"@id\":\"https:\\\/\\\/www.anicecommunication.com\\\/it\\\/xpeng-debutta-in-italia-alla-milano-design-week_2025_con-la-mostra-xpeng-futurmobility\\\/\",\"url\":\"https:\\\/\\\/www.anicecommunication.com\\\/it\\\/xpeng-debutta-in-italia-alla-milano-design-week_2025_con-la-mostra-xpeng-futurmobility\\\/\",\"name\":\"XPENG debutta in Italia alla Milano Design Week\",\"isPartOf\":{\"@id\":\"https:\\\/\\\/www.anicecommunication.com\\\/it\\\/#website\"},\"primaryImageOfPage\":{\"@id\":\"https:\\\/\\\/www.anicecommunication.com\\\/it\\\/xpeng-debutta-in-italia-alla-milano-design-week_2025_con-la-mostra-xpeng-futurmobility\\\/#primaryimage\"},\"image\":{\"@id\":\"https:\\\/\\\/www.anicecommunication.com\\\/it\\\/xpeng-debutta-in-italia-alla-milano-design-week_2025_con-la-mostra-xpeng-futurmobility\\\/#primaryimage\"},\"thumbnailUrl\":\"https:\\\/\\\/www.anicecommunication.com\\\/it\\\/wp-content\\\/uploads\\\/sites\\\/3\\\/2025\\\/04\\\/XPENG_P7_1280.jpg\",\"datePublished\":\"2025-04-04T18:57:33+00:00\",\"dateModified\":\"2025-04-07T17:18:55+00:00\",\"description\":\"Dal 7 al 13 aprile 2025. Intelligenza artificiale e auto volanti nell'esclusiva mostra XPENG: #FUTUREMOBILITY presso l'ADI Design Museum\",\"breadcrumb\":{\"@id\":\"https:\\\/\\\/www.anicecommunication.com\\\/it\\\/xpeng-debutta-in-italia-alla-milano-design-week_2025_con-la-mostra-xpeng-futurmobility\\\/#breadcrumb\"},\"inLanguage\":\"it-IT\",\"potentialAction\":[{\"@type\":\"ReadAction\",\"target\":[\"https:\\\/\\\/www.anicecommunication.com\\\/it\\\/xpeng-debutta-in-italia-alla-milano-design-week_2025_con-la-mostra-xpeng-futurmobility\\\/\"]}]},{\"@type\":\"ImageObject\",\"inLanguage\":\"it-IT\",\"@id\":\"https:\\\/\\\/www.anicecommunication.com\\\/it\\\/xpeng-debutta-in-italia-alla-milano-design-week_2025_con-la-mostra-xpeng-futurmobility\\\/#primaryimage\",\"url\":\"https:\\\/\\\/www.anicecommunication.com\\\/it\\\/wp-content\\\/uploads\\\/sites\\\/3\\\/2025\\\/04\\\/XPENG_P7_1280.jpg\",\"contentUrl\":\"https:\\\/\\\/www.anicecommunication.com\\\/it\\\/wp-content\\\/uploads\\\/sites\\\/3\\\/2025\\\/04\\\/XPENG_P7_1280.jpg\",\"width\":1280,\"height\":726,\"caption\":\"XPENG_P7+ la prima automobile definita dall'Intelligenza Artificiale\"},{\"@type\":\"BreadcrumbList\",\"@id\":\"https:\\\/\\\/www.anicecommunication.com\\\/it\\\/xpeng-debutta-in-italia-alla-milano-design-week_2025_con-la-mostra-xpeng-futurmobility\\\/#breadcrumb\",\"itemListElement\":[{\"@type\":\"ListItem\",\"position\":1,\"name\":\"Home\",\"item\":\"https:\\\/\\\/www.anicecommunication.com\\\/it\\\/\"},{\"@type\":\"ListItem\",\"position\":2,\"name\":\"XPENG debutta in Italia alla Milano Design Week con la mostra XPENG: #FUTUREMOBILITY\"}]},{\"@type\":\"WebSite\",\"@id\":\"https:\\\/\\\/www.anicecommunication.com\\\/it\\\/#website\",\"url\":\"https:\\\/\\\/www.anicecommunication.com\\\/it\\\/\",\"name\":\"IT Anice Communication\",\"description\":\"Anicecommunication agenzia di pubbliche relazioni,  ufficio stampa, media relations, automotive e mobility a livello internazionale - Torino\",\"publisher\":{\"@id\":\"https:\\\/\\\/www.anicecommunication.com\\\/it\\\/#organization\"},\"potentialAction\":[{\"@type\":\"SearchAction\",\"target\":{\"@type\":\"EntryPoint\",\"urlTemplate\":\"https:\\\/\\\/www.anicecommunication.com\\\/it\\\/?s={search_term_string}\"},\"query-input\":{\"@type\":\"PropertyValueSpecification\",\"valueRequired\":true,\"valueName\":\"search_term_string\"}}],\"inLanguage\":\"it-IT\"},{\"@type\":\"Organization\",\"@id\":\"https:\\\/\\\/www.anicecommunication.com\\\/it\\\/#organization\",\"name\":\"Anice SRL - Agenzia di comunicazione, mobility and automotive media relations & PR in Italia, Europa\",\"alternateName\":\"Anicecommunication\",\"url\":\"https:\\\/\\\/www.anicecommunication.com\\\/it\\\/\",\"logo\":{\"@type\":\"ImageObject\",\"inLanguage\":\"it-IT\",\"@id\":\"https:\\\/\\\/www.anicecommunication.com\\\/it\\\/#\\\/schema\\\/logo\\\/image\\\/\",\"url\":\"https:\\\/\\\/www.anicecommunication.com\\\/it\\\/wp-content\\\/uploads\\\/sites\\\/3\\\/2023\\\/06\\\/Anice_696x696.jpg\",\"contentUrl\":\"https:\\\/\\\/www.anicecommunication.com\\\/it\\\/wp-content\\\/uploads\\\/sites\\\/3\\\/2023\\\/06\\\/Anice_696x696.jpg\",\"width\":696,\"height\":696,\"caption\":\"Anice SRL - Agenzia di comunicazione, mobility and automotive media relations & PR in Italia, Europa\"},\"image\":{\"@id\":\"https:\\\/\\\/www.anicecommunication.com\\\/it\\\/#\\\/schema\\\/logo\\\/image\\\/\"},\"sameAs\":[\"https:\\\/\\\/www.facebook.com\\\/anicecommunication\",\"https:\\\/\\\/x.com\\\/Anicecom\",\"https:\\\/\\\/instagram.com\\\/anicecom\\\/\",\"https:\\\/\\\/www.linkedin.com\\\/company\\\/anice-s-r-l-\"]},{\"@type\":\"Person\",\"@id\":\"https:\\\/\\\/www.anicecommunication.com\\\/it\\\/#\\\/schema\\\/person\\\/d8f9046f11c2ab1ff15f1d0d580184d8\",\"name\":\"Editorial Staff\",\"image\":{\"@type\":\"ImageObject\",\"inLanguage\":\"it-IT\",\"@id\":\"https:\\\/\\\/secure.gravatar.com\\\/avatar\\\/62128a8e64953c282b330a12e5b592d8bc5d299b46ab0e6928129ae0d79e528a?s=96&d=mm&r=g\",\"url\":\"https:\\\/\\\/secure.gravatar.com\\\/avatar\\\/62128a8e64953c282b330a12e5b592d8bc5d299b46ab0e6928129ae0d79e528a?s=96&d=mm&r=g\",\"contentUrl\":\"https:\\\/\\\/secure.gravatar.com\\\/avatar\\\/62128a8e64953c282b330a12e5b592d8bc5d299b46ab0e6928129ae0d79e528a?s=96&d=mm&r=g\",\"caption\":\"Editorial Staff\"},\"description\":\"La redazione di Anicecommunication \u00e8 composta da giornalisti, esperti di comunicazione e marketing, content manager e storyteller.\",\"sameAs\":[\"http:\\\/\\\/www.anicecommunication.com\",\"https:\\\/\\\/www.facebook.com\\\/anicecommunication\",\"https:\\\/\\\/x.com\\\/anicecom\"]}]}<\/script>\n<!-- \/ Yoast SEO plugin. -->","yoast_head_json":{"title":"XPENG debutta in Italia alla Milano Design Week","description":"Dal 7 al 13 aprile 2025. Intelligenza artificiale e auto volanti nell'esclusiva mostra XPENG: #FUTUREMOBILITY presso l'ADI Design Museum","robots":{"index":"index","follow":"follow","max-snippet":"max-snippet:-1","max-image-preview":"max-image-preview:large","max-video-preview":"max-video-preview:-1"},"canonical":"https:\/\/www.anicecommunication.com\/it\/xpeng-debutta-in-italia-alla-milano-design-week_2025_con-la-mostra-xpeng-futurmobility\/","og_locale":"it_IT","og_type":"article","og_title":"XPENG debutta in Italia alla Milano Design Week","og_description":"Dal 7 al 13 aprile 2025. Intelligenza artificiale e auto volanti nell'esclusiva mostra XPENG: #FUTUREMOBILITY presso l'ADI Design Museum","og_url":"https:\/\/www.anicecommunication.com\/it\/xpeng-debutta-in-italia-alla-milano-design-week_2025_con-la-mostra-xpeng-futurmobility\/","og_site_name":"IT Anice Communication","article_publisher":"https:\/\/www.facebook.com\/anicecommunication","article_author":"https:\/\/www.facebook.com\/anicecommunication","article_published_time":"2025-04-04T18:57:33+00:00","article_modified_time":"2025-04-07T17:18:55+00:00","og_image":[{"width":1280,"height":726,"url":"https:\/\/www.anicecommunication.com\/it\/wp-content\/uploads\/sites\/3\/2025\/04\/XPENG_P7_1280.jpg","type":"image\/jpeg"}],"author":"Editorial Staff","twitter_misc":{"Scritto da":"Editorial Staff","Tempo di lettura stimato":"3 minuti"},"schema":{"@context":"https:\/\/schema.org","@graph":[{"@type":"Article","@id":"https:\/\/www.anicecommunication.com\/it\/xpeng-debutta-in-italia-alla-milano-design-week_2025_con-la-mostra-xpeng-futurmobility\/#article","isPartOf":{"@id":"https:\/\/www.anicecommunication.com\/it\/xpeng-debutta-in-italia-alla-milano-design-week_2025_con-la-mostra-xpeng-futurmobility\/"},"author":{"name":"Editorial Staff","@id":"https:\/\/www.anicecommunication.com\/it\/#\/schema\/person\/d8f9046f11c2ab1ff15f1d0d580184d8"},"headline":"XPENG debutta in Italia alla Milano Design Week con la mostra XPENG: #FUTUREMOBILITY","datePublished":"2025-04-04T18:57:33+00:00","dateModified":"2025-04-07T17:18:55+00:00","mainEntityOfPage":{"@id":"https:\/\/www.anicecommunication.com\/it\/xpeng-debutta-in-italia-alla-milano-design-week_2025_con-la-mostra-xpeng-futurmobility\/"},"wordCount":340,"publisher":{"@id":"https:\/\/www.anicecommunication.com\/it\/#organization"},"image":{"@id":"https:\/\/www.anicecommunication.com\/it\/xpeng-debutta-in-italia-alla-milano-design-week_2025_con-la-mostra-xpeng-futurmobility\/#primaryimage"},"thumbnailUrl":"https:\/\/www.anicecommunication.com\/it\/wp-content\/uploads\/sites\/3\/2025\/04\/XPENG_P7_1280.jpg","keywords":["ADI Design Museum","Aeroht X2","ATFLOW","Design Week","Design Week 2025","Fuori Salone del Mobile","future mobility","P7+","XPENG","XPENG AI","XPENG Italia","XPENG P7+"],"articleSection":["ATFlow","Press Room","What A Nice Blog!","XPENG"],"inLanguage":"it-IT"},{"@type":"WebPage","@id":"https:\/\/www.anicecommunication.com\/it\/xpeng-debutta-in-italia-alla-milano-design-week_2025_con-la-mostra-xpeng-futurmobility\/","url":"https:\/\/www.anicecommunication.com\/it\/xpeng-debutta-in-italia-alla-milano-design-week_2025_con-la-mostra-xpeng-futurmobility\/","name":"XPENG debutta in Italia alla Milano Design Week","isPartOf":{"@id":"https:\/\/www.anicecommunication.com\/it\/#website"},"primaryImageOfPage":{"@id":"https:\/\/www.anicecommunication.com\/it\/xpeng-debutta-in-italia-alla-milano-design-week_2025_con-la-mostra-xpeng-futurmobility\/#primaryimage"},"image":{"@id":"https:\/\/www.anicecommunication.com\/it\/xpeng-debutta-in-italia-alla-milano-design-week_2025_con-la-mostra-xpeng-futurmobility\/#primaryimage"},"thumbnailUrl":"https:\/\/www.anicecommunication.com\/it\/wp-content\/uploads\/sites\/3\/2025\/04\/XPENG_P7_1280.jpg","datePublished":"2025-04-04T18:57:33+00:00","dateModified":"2025-04-07T17:18:55+00:00","description":"Dal 7 al 13 aprile 2025. Intelligenza artificiale e auto volanti nell'esclusiva mostra XPENG: #FUTUREMOBILITY presso l'ADI Design Museum","breadcrumb":{"@id":"https:\/\/www.anicecommunication.com\/it\/xpeng-debutta-in-italia-alla-milano-design-week_2025_con-la-mostra-xpeng-futurmobility\/#breadcrumb"},"inLanguage":"it-IT","potentialAction":[{"@type":"ReadAction","target":["https:\/\/www.anicecommunication.com\/it\/xpeng-debutta-in-italia-alla-milano-design-week_2025_con-la-mostra-xpeng-futurmobility\/"]}]},{"@type":"ImageObject","inLanguage":"it-IT","@id":"https:\/\/www.anicecommunication.com\/it\/xpeng-debutta-in-italia-alla-milano-design-week_2025_con-la-mostra-xpeng-futurmobility\/#primaryimage","url":"https:\/\/www.anicecommunication.com\/it\/wp-content\/uploads\/sites\/3\/2025\/04\/XPENG_P7_1280.jpg","contentUrl":"https:\/\/www.anicecommunication.com\/it\/wp-content\/uploads\/sites\/3\/2025\/04\/XPENG_P7_1280.jpg","width":1280,"height":726,"caption":"XPENG_P7+ la prima automobile definita dall'Intelligenza Artificiale"},{"@type":"BreadcrumbList","@id":"https:\/\/www.anicecommunication.com\/it\/xpeng-debutta-in-italia-alla-milano-design-week_2025_con-la-mostra-xpeng-futurmobility\/#breadcrumb","itemListElement":[{"@type":"ListItem","position":1,"name":"Home","item":"https:\/\/www.anicecommunication.com\/it\/"},{"@type":"ListItem","position":2,"name":"XPENG debutta in Italia alla Milano Design Week con la mostra XPENG: #FUTUREMOBILITY"}]},{"@type":"WebSite","@id":"https:\/\/www.anicecommunication.com\/it\/#website","url":"https:\/\/www.anicecommunication.com\/it\/","name":"IT Anice Communication","description":"Anicecommunication agenzia di pubbliche relazioni,  ufficio stampa, media relations, automotive e mobility a livello internazionale - Torino","publisher":{"@id":"https:\/\/www.anicecommunication.com\/it\/#organization"},"potentialAction":[{"@type":"SearchAction","target":{"@type":"EntryPoint","urlTemplate":"https:\/\/www.anicecommunication.com\/it\/?s={search_term_string}"},"query-input":{"@type":"PropertyValueSpecification","valueRequired":true,"valueName":"search_term_string"}}],"inLanguage":"it-IT"},{"@type":"Organization","@id":"https:\/\/www.anicecommunication.com\/it\/#organization","name":"Anice SRL - Agenzia di comunicazione, mobility and automotive media relations & PR in Italia, Europa","alternateName":"Anicecommunication","url":"https:\/\/www.anicecommunication.com\/it\/","logo":{"@type":"ImageObject","inLanguage":"it-IT","@id":"https:\/\/www.anicecommunication.com\/it\/#\/schema\/logo\/image\/","url":"https:\/\/www.anicecommunication.com\/it\/wp-content\/uploads\/sites\/3\/2023\/06\/Anice_696x696.jpg","contentUrl":"https:\/\/www.anicecommunication.com\/it\/wp-content\/uploads\/sites\/3\/2023\/06\/Anice_696x696.jpg","width":696,"height":696,"caption":"Anice SRL - Agenzia di comunicazione, mobility and automotive media relations & PR in Italia, Europa"},"image":{"@id":"https:\/\/www.anicecommunication.com\/it\/#\/schema\/logo\/image\/"},"sameAs":["https:\/\/www.facebook.com\/anicecommunication","https:\/\/x.com\/Anicecom","https:\/\/instagram.com\/anicecom\/","https:\/\/www.linkedin.com\/company\/anice-s-r-l-"]},{"@type":"Person","@id":"https:\/\/www.anicecommunication.com\/it\/#\/schema\/person\/d8f9046f11c2ab1ff15f1d0d580184d8","name":"Editorial Staff","image":{"@type":"ImageObject","inLanguage":"it-IT","@id":"https:\/\/secure.gravatar.com\/avatar\/62128a8e64953c282b330a12e5b592d8bc5d299b46ab0e6928129ae0d79e528a?s=96&d=mm&r=g","url":"https:\/\/secure.gravatar.com\/avatar\/62128a8e64953c282b330a12e5b592d8bc5d299b46ab0e6928129ae0d79e528a?s=96&d=mm&r=g","contentUrl":"https:\/\/secure.gravatar.com\/avatar\/62128a8e64953c282b330a12e5b592d8bc5d299b46ab0e6928129ae0d79e528a?s=96&d=mm&r=g","caption":"Editorial Staff"},"description":"La redazione di Anicecommunication \u00e8 composta da giornalisti, esperti di comunicazione e marketing, content manager e storyteller.","sameAs":["http:\/\/www.anicecommunication.com","https:\/\/www.facebook.com\/anicecommunication","https:\/\/x.com\/anicecom"]}]}},"_links":{"self":[{"href":"https:\/\/www.anicecommunication.com\/it\/wp-json\/wp\/v2\/posts\/22499","targetHints":{"allow":["GET"]}}],"collection":[{"href":"https:\/\/www.anicecommunication.com\/it\/wp-json\/wp\/v2\/posts"}],"about":[{"href":"https:\/\/www.anicecommunication.com\/it\/wp-json\/wp\/v2\/types\/post"}],"author":[{"embeddable":true,"href":"https:\/\/www.anicecommunication.com\/it\/wp-json\/wp\/v2\/users\/1"}],"replies":[{"embeddable":true,"href":"https:\/\/www.anicecommunication.com\/it\/wp-json\/wp\/v2\/comments?post=22499"}],"version-history":[{"count":9,"href":"https:\/\/www.anicecommunication.com\/it\/wp-json\/wp\/v2\/posts\/22499\/revisions"}],"predecessor-version":[{"id":22518,"href":"https:\/\/www.anicecommunication.com\/it\/wp-json\/wp\/v2\/posts\/22499\/revisions\/22518"}],"wp:featuredmedia":[{"embeddable":true,"href":"https:\/\/www.anicecommunication.com\/it\/wp-json\/wp\/v2\/media\/22501"}],"wp:attachment":[{"href":"https:\/\/www.anicecommunication.com\/it\/wp-json\/wp\/v2\/media?parent=22499"}],"wp:term":[{"taxonomy":"category","embeddable":true,"href":"https:\/\/www.anicecommunication.com\/it\/wp-json\/wp\/v2\/categories?post=22499"},{"taxonomy":"post_tag","embeddable":true,"href":"https:\/\/www.anicecommunication.com\/it\/wp-json\/wp\/v2\/tags?post=22499"}],"curies":[{"name":"wp","href":"https:\/\/api.w.org\/{rel}","templated":true}]}}