{"id":23089,"date":"2025-11-25T10:07:41","date_gmt":"2025-11-25T09:07:41","guid":{"rendered":"https:\/\/www.anicecommunication.com\/it\/?p=23089"},"modified":"2025-11-25T10:09:51","modified_gmt":"2025-11-25T09:09:51","slug":"responsabilita-sociale-e-inclusione-le-iniziative-di-petronas","status":"publish","type":"post","link":"https:\/\/www.anicecommunication.com\/it\/responsabilita-sociale-e-inclusione-le-iniziative-di-petronas\/","title":{"rendered":"Responsabilit\u00e0 sociale d&#8217;impresa e inclusione: le iniziative di PETRONAS"},"content":{"rendered":"<p><strong>PETRONAS Lubricants Italy: una stagione all\u2019insegna della responsabilit\u00e0 sociale d\u2019impresa e dell\u2019inclusione.<\/strong><!--more--><\/p>\n<ul>\n<li><strong>Giornata Internazionale per l\u2019Eliminazione della Violenza contro le Donne<\/strong>: l\u2019autunno 2025 segna nuove tappe del percorso <em>Our Road to Parity<\/em> con iniziative concrete e momenti di confronto che culminano nel Live Talk di <strong>gioved\u00ec 27 novembre 2025<\/strong> in azienda <em>\u201cIl Rispetto. Dalla Consapevolezza all\u2019Azione\u201d<\/em> con interventi di Gino Cecchettin (Fondazione Giulia Cecchettin), Lorenzo Gasparrini (filosofo femminista), Stefania Vivona (titolare Autofficina Vivona), l\u2019attrice Caterina Pressenda, volto dello spot tv PETRONAS \u201cLegacy\u201d e la moderazione di Matilde D\u2019Errico (Amore Criminale, Sopravvissute &#8211; Rai)<\/li>\n<\/ul>\n<ul>\n<li><strong>Priority Parking<\/strong> <strong>e Lady Care Project <\/strong>sono le ultime iniziative concrete realizzate nelle sedi italiane (Torino e Napoli), parti di un percorso di welfare aziendale intrapreso da tempo da PETRONAS Lubricants Italy e diventate parte integrante dell\u2019offerta ai dipendenti<\/li>\n<\/ul>\n<p>PETRONAS Lubricants Italy prosegue con determinazione il proprio cammino verso una <strong>cultura aziendale sempre pi\u00f9 inclusiva e attenta alle persone<\/strong>. I mesi di ottobre e novembre 2025 hanno rappresentato una vera e propria <strong>stagione della responsabilit\u00e0 d\u2019impresa<\/strong>, scandita da iniziative concrete e appuntamenti di sensibilizzazione che testimoniano l\u2019impegno costante dell\u2019azienda nel promuovere parit\u00e0, inclusione e benessere.<\/p>\n<p>Dopo aver ottenuto la <strong>certificazione per la parit\u00e0 di genere UNI\/PdR 125:2022<\/strong> e aver sottoscritto la<strong> Carta per le Pari Opportunit\u00e0 e l\u2019Uguaglianza sul Lavoro<\/strong>, PETRONAS Lubricants Italy ha continuato a tradurre in azioni tangibili i valori che guidano il programma <strong>Our Road to Parity<\/strong>.<\/p>\n<p><a href=\"https:\/\/www.anicecommunication.com\/it\/wp-content\/uploads\/sites\/3\/2025\/11\/Priority.png\"><img decoding=\"async\" class=\"wp-image-23094 alignleft\" src=\"https:\/\/www.anicecommunication.com\/it\/wp-content\/uploads\/sites\/3\/2025\/11\/Priority.png\" alt=\"Responsabilit\u00e0 sociale e inclusione PETRONAS\" width=\"181\" height=\"266\" srcset=\"https:\/\/www.anicecommunication.com\/it\/wp-content\/uploads\/sites\/3\/2025\/11\/Priority-200x294.png 200w, https:\/\/www.anicecommunication.com\/it\/wp-content\/uploads\/sites\/3\/2025\/11\/Priority-204x300.png 204w, https:\/\/www.anicecommunication.com\/it\/wp-content\/uploads\/sites\/3\/2025\/11\/Priority.png 382w\" sizes=\"(max-width: 181px) 100vw, 181px\" \/><\/a><a href=\"https:\/\/www.anicecommunication.com\/it\/wp-content\/uploads\/sites\/3\/2025\/11\/Cosa-e-OK.jpg\"><img decoding=\"async\" class=\"wp-image-23091 alignleft\" src=\"https:\/\/www.anicecommunication.com\/it\/wp-content\/uploads\/sites\/3\/2025\/11\/Cosa-e-OK.jpg\" alt=\"Responsabilit\u00e0 sociale e inclusione PETRONAS\" width=\"179\" height=\"265\" srcset=\"https:\/\/www.anicecommunication.com\/it\/wp-content\/uploads\/sites\/3\/2025\/11\/Cosa-e-OK-200x296.jpg 200w, https:\/\/www.anicecommunication.com\/it\/wp-content\/uploads\/sites\/3\/2025\/11\/Cosa-e-OK-203x300.jpg 203w, https:\/\/www.anicecommunication.com\/it\/wp-content\/uploads\/sites\/3\/2025\/11\/Cosa-e-OK-400x592.jpg 400w, https:\/\/www.anicecommunication.com\/it\/wp-content\/uploads\/sites\/3\/2025\/11\/Cosa-e-OK.jpg 462w\" sizes=\"(max-width: 179px) 100vw, 179px\" \/><\/a><\/p>\n<p><strong>Iniziative concrete per il benessere delle persone<\/strong><\/p>\n<p>Nel mese di ottobre sono state introdotte due nuove misure aziendali, pensate per rendere gli ambienti di lavoro sempre pi\u00f9 accoglienti e inclusivi:<\/p>\n<p><strong>Priority Parking<\/strong>, con posti auto riservati a lavoratrici in gravidanza e a colleghi e colleghe con esigenze temporanee specifiche;<\/p>\n<p><strong>Lady Care Project<\/strong>, un progetto pilota attivo nelle sedi di Villastellone, Santena e Napoli che prevede l\u2019installazione di dispenser gratuiti di prodotti ecocompatibili per l\u2019igiene femminile. Nel sito torinese la rappresentanza femminile raggiunge il 25% della forza lavoro, superiore alla media nazionale del settore automotive in Italia.<\/p>\n<p>Entrambe le iniziative sono nate da un principio comune: promuovere la cultura del <strong>rispetto verso le persone e i loro bisogni<\/strong>, favorendo un clima di cura e attenzione reciproca. Queste nuove azioni si aggiungono alle numerose misure di welfare aziendale e impegno sociale gi\u00e0 attive come lo <strong>smart working aggiuntivo per caregiver e neo-genitori<\/strong> oppure il <strong>supporto psicologico in convenzione<\/strong>. Tutte iniziative strutturali a cui Petronas Lubricants italy crede fortemente e ha introdotto nel tempo, rendendole parte integrante dell\u2019offerta ai dipendenti.<\/p>\n<p><strong>Eventi e partecipazione<\/strong><\/p>\n<p>Durante la stagione autunnale, PETRONAS Lubricants Italy ha preso parte attivamente a numerosi appuntamenti dedicati a sostenibilit\u00e0, responsabilit\u00e0 sociale e innovazione.<a href=\"https:\/\/www.anicecommunication.com\/it\/wp-content\/uploads\/sites\/3\/2025\/11\/A-chi-possiamo-rivolgerci_600px.jpg\"><img decoding=\"async\" class=\"wp-image-23090 alignright\" src=\"https:\/\/www.anicecommunication.com\/it\/wp-content\/uploads\/sites\/3\/2025\/11\/A-chi-possiamo-rivolgerci_600px.jpg\" alt=\"Responsabilit\u00e0 sociale e inclusione PETRONAS\" width=\"438\" height=\"320\" srcset=\"https:\/\/www.anicecommunication.com\/it\/wp-content\/uploads\/sites\/3\/2025\/11\/A-chi-possiamo-rivolgerci_600px-200x146.jpg 200w, https:\/\/www.anicecommunication.com\/it\/wp-content\/uploads\/sites\/3\/2025\/11\/A-chi-possiamo-rivolgerci_600px-300x220.jpg 300w, https:\/\/www.anicecommunication.com\/it\/wp-content\/uploads\/sites\/3\/2025\/11\/A-chi-possiamo-rivolgerci_600px-400x293.jpg 400w, https:\/\/www.anicecommunication.com\/it\/wp-content\/uploads\/sites\/3\/2025\/11\/A-chi-possiamo-rivolgerci_600px.jpg 600w\" sizes=\"(max-width: 438px) 100vw, 438px\" \/><\/a><\/p>\n<p><strong>Salone della CSR e dell\u2019Innovazione Sociale, Universit\u00e0 Bocconi | Economia Circolare<\/strong><\/p>\n<p>Al Salone della CSR e dell\u2019Innovazione Sociale, presso l\u2019Universit\u00e0 Bocconi di Milano, l\u2019azienda \u00e8 stata rappresentata da <strong>Ciro Lupo<\/strong>, Business Head Italy &amp; Africa. Invitato come relatore nel panel <em>\u201cEcodesign, riuso e riciclo: principi e vantaggi dell\u2019economia circolare\u201d<\/em>, Lupo ha portato la visione di PETRONAS sul ruolo strategico dell\u2019innovazione sostenibile e sulle opportunit\u00e0 che l\u2019economia circolare offre al settore industriale.<\/p>\n<p><strong>Congresso \u201cBiodiversit\u00e0 e persone\u201d | Sostenibilit\u00e0<\/strong><\/p>\n<p>Nel corso del congresso <em>\u201cBiodiversit\u00e0 e persone\u201d<\/em>, organizzato da Apicoltura Urbana e dedicato al valore della biodiversit\u00e0 e del capitale umano, \u00e8 intervenuta <strong>Stefania Migliore<\/strong>, Communication &amp; PR Specialist Italy &amp; Africa. La partecipazione si inserisce nella collaborazione avviata tra PETRONAS Lubricants Italy e Apicoltura Urbana, che ha gi\u00e0 portato all\u2019installazione di arnie in azienda e all\u2019avvio di iniziative sociali legate alla tutela dell\u2019ecosistema.<\/p>\n<p><strong>Lube Day 2025 \u2013 Federchimica | Transizione energetica<\/strong><\/p>\n<p>In occasione del Lube Day 2025, evento promosso da Federchimica e focalizzato sul tema <em>\u201cCompetitivit\u00e0 del sistema industriale Europa-Italia e transizione energetica\u201d<\/em>, <strong>Fulvio Savio<\/strong>, Marketing Manager Italy &amp; Africa, \u00e8 intervenuto nel panel <em>\u201cInnovazione responsabile: dal prodotto al sociale\u201d<\/em>. Il suo contributo ha evidenziato come responsabilit\u00e0, sostenibilit\u00e0 e innovazione guidino lo sviluppo di soluzioni che generano valore sia per il mercato sia per la societ\u00e0.<\/p>\n<p><strong>Panel \u201cScuola di Futuro\u201d \u2013 MAUTO Museo Nazionale dell\u2019Automobile | STEM<\/strong><\/p>\n<p>All\u2019interno del Public Program <em>\u201cThe Future Unfolds\u201d<\/em>, ospitato al MAUTO di Torino e rivolto a numerose scuole del territorio, <strong>Federico Rossotto<\/strong>, HR Manager Italy &amp; Africa, ha partecipato al panel <em>\u201cScuola di Futuro\u201d<\/em>. Il suo intervento si \u00e8 concentrato sui valori che orientano le nuove generazioni, spaziando dalle discipline STEM al tema dell\u2019inclusione, e sottolineando l\u2019impegno dell\u2019azienda nel sostenere lo sviluppo di competenze per il futuro.<\/p>\n<p>A novembre, in occasione della <strong>Giornata Mondiale della Gentilezza e della Giornata Nazionale degli Alberi<\/strong>, l\u2019iniziativa <strong>\u201cSeminiamo gentilezza\u201d<\/strong>, ha coinvolto le scuole del territorio di Santena e tutta l\u2019azienda. A guidare il workshop <strong>Francesca Doro di Apicoltura Urbana<\/strong>, <strong>Nicola Iacopelli, CEO di Bee.it<\/strong> e <strong>Natalia Re, presidente del Movimento Italiano Gentilezza (MIG)<\/strong> che hanno intrattenuto studenti, insegnanti e dipendenti dell\u2019azienda prima del momento centrale della giornata: la piantumazione di nuovi alberi accanto all\u2019apiario aziendale, simbolo concreto di un impegno condiviso verso la cura dell\u2019ambiente e delle relazioni. Ma gli spunti non si sono esauriti in quell\u2019occasione, infatti \u00e8 stata presentata e avviata anche <strong>una campagna interna che mira a sottolineare l\u2019importanza del rispetto, della cura e degli atti gentili verso gli altri.<\/strong><a href=\"https:\/\/www.anicecommunication.com\/it\/wp-content\/uploads\/sites\/3\/2025\/11\/DSC01376_600px.jpg\"><img decoding=\"async\" class=\" wp-image-23093 alignleft\" src=\"https:\/\/www.anicecommunication.com\/it\/wp-content\/uploads\/sites\/3\/2025\/11\/DSC01376_600px.jpg\" alt=\"Responsabilit\u00e0 sociale e inclusione PETRONAS\" width=\"452\" height=\"301\" srcset=\"https:\/\/www.anicecommunication.com\/it\/wp-content\/uploads\/sites\/3\/2025\/11\/DSC01376_600px-200x133.jpg 200w, https:\/\/www.anicecommunication.com\/it\/wp-content\/uploads\/sites\/3\/2025\/11\/DSC01376_600px-300x200.jpg 300w, https:\/\/www.anicecommunication.com\/it\/wp-content\/uploads\/sites\/3\/2025\/11\/DSC01376_600px-400x267.jpg 400w, https:\/\/www.anicecommunication.com\/it\/wp-content\/uploads\/sites\/3\/2025\/11\/DSC01376_600px.jpg 600w\" sizes=\"(max-width: 452px) 100vw, 452px\" \/><\/a><\/p>\n<p><strong>Live Talk \u201cIl Rispetto. Dalla Consapevolezza all\u2019Azione\u201d<\/strong><\/p>\n<p>Il percorso, avviato a inizio 2025, raggiunge una nuova tappa nel pomeriggio di <strong>gioved\u00ec<\/strong> <strong>27 novembre 2025<\/strong> con il <strong>Live Talk \u201cIl Rispetto. Dalla Consapevolezza all\u2019Azione\u201d<\/strong>, organizzato nel <strong>PETRONAS Global Research &amp; Technology Centre di Santena (TO)<\/strong>.<\/p>\n<p>L\u2019evento, dedicato alla <strong>Giornata Internazionale per l\u2019Eliminazione della Violenza contro le Donne<\/strong>, offre un\u2019occasione di confronto per riflettere sul valore del rispetto e sull\u2019importanza di trasformare la consapevolezza in azione.<\/p>\n<p>Intervengono <strong>Gino Cecchettin<\/strong>, Presidente della Fondazione Giulia Cecchettin, <strong>Lorenzo Gasparrini<\/strong>, filosofo femminista, formatore e scrittore, <strong>Stefania Vivona<\/strong>, titolare Autofficina Vivona e l\u2019attrice <strong>Caterina Pressenda<\/strong>, volto dello <a href=\"https:\/\/www.youtube.com\/watch?v=JO88kZC2YZg\"><u>spot tv PETRONAS \u201cLegacy\u201d<\/u><\/a>. Modera gli ospiti <strong>Matilde D\u2019Errico<\/strong>, autrice e regista di <em>Amore Criminale<\/em>; autrice e conduttrice di <em>Sopravvissute <\/em>(Rai).<\/p>\n<p>Il talk rappresenta la <strong>terza tappa del percorso \u201cOur Road to Parity\u201d<\/strong>, dedicata a <em>Respecting Boundaries<\/em>, con l\u2019obiettivo di promuovere una cultura del rispetto in tutte le sue forme: verso gli altri, verso s\u00e9 stessi e verso i bisogni di tutte e tutti.<em>\u00a0<\/em><\/p>\n<p><em>\u201cLa responsabilit\u00e0 sociale non \u00e8 solo un impegno aziendale, ma un modo concreto di essere e vivere la comunit\u00e0. Le iniziative di questi mesi ci ricordano che il rispetto \u00e8 la base di ogni relazione sana e di ogni ambiente di lavoro inclusivo\u201d<\/em>, ha commentato <strong>Stefania Migliore,<\/strong> <strong>Communication &amp; PR Specialist Italy &amp; Africa di PETRONAS Lubricants International<\/strong>.<\/p>\n<p><em>\u201cQuello che stiamo costruendo \u00e8 un percorso culturale che coinvolge ogni persona dell\u2019azienda e queste iniziative sono un\u2019occasione per ribadirlo<\/em> \u2013 conferma <strong>Federico Rossotto, HR Manager Italy &amp; Africa<\/strong> <strong>PLI<\/strong> \u2013. <em>Le azioni introdotte negli ultimi mesi, dal Priority Parking al Lady Care Project, fino ai momenti di confronto come i Parity Live Talk, rappresentano tappe concrete di un impegno che non pu\u00f2 e non deve fermarsi. La responsabilit\u00e0 sociale, per noi, non \u00e8 un progetto a termine ma un metodo quotidiano che ci guida nel creare ambienti di lavoro rispettosi, inclusivi e attenti ai bisogni reali delle persone. Ogni passo che facciamo \u00e8 un invito ad arricchire questo percorso, insieme.\u201d<\/em><\/p>\n<p>Con queste iniziative, <strong>PETRONAS Lubricants Italy<\/strong> rafforza il proprio impegno verso un modello d\u2019impresa fondato su responsabilit\u00e0, parit\u00e0 e sostenibilit\u00e0, guardando al futuro con la consapevolezza che il benessere di ciascuno contribuisce al benessere di tutti.<\/p>\n<p style=\"text-align: center;\">\u2013 Fine \u2013<\/p>\n<p>Santena (Torino), 25 novembre 2025<\/p>\n<hr \/>\n<p><a href=\"https:\/\/www.anicecommunication.it\/petronas\/251125\/251125_PETRONAS_CSR.zip\">Scarica testo e immagini&gt;&gt;<\/a><\/p>\n<p><a href=\"https:\/\/www.anicecommunication.com\/it\/petronas-lubricants-international-affida-ad-anice-le-media-relations-per-il-cluster-italia-e-africa\/\">Anice \u2013 Ufficio Stampa PETRONAS Italy &amp; Africa<\/a><\/p>\n","protected":false},"excerpt":{"rendered":"<p>PETRONAS Lubricants Italy: una stagione all\u2019insegna della responsabilit\u00e0 sociale d\u2019impresa e dell\u2019inclusione.<\/p>\n","protected":false},"author":1,"featured_media":23090,"comment_status":"closed","ping_status":"closed","sticky":false,"template":"","format":"standard","meta":{"footnotes":""},"categories":[599,467,80],"tags":[2082,2079,2080,2078,2081],"class_list":["post-23089","post","type-post","status-publish","format-standard","has-post-thumbnail","hentry","category-petronas","category-press_room","category-blog-anicecommunication","tag-csr-petronas","tag-inclusione-petronas","tag-priority-park-petronas","tag-responsabilita-sociale-petronas","tag-rispetto-delle-diversita-petronas"],"yoast_head":"<!-- This site is optimized with the Yoast SEO plugin v27.4 - https:\/\/yoast.com\/product\/yoast-seo-wordpress\/ -->\n<title>Responsabilit\u00e0 sociale e inclusione: le iniziative di PETRONAS<\/title>\n<meta name=\"description\" content=\"PETRONAS Lubricants Italy: una stagione all\u2019insegna della responsabilit\u00e0 sociale d\u2019impresa e dell\u2019inclusione. Leggi il comunicato stampa\" \/>\n<meta name=\"robots\" content=\"index, follow, max-snippet:-1, max-image-preview:large, max-video-preview:-1\" \/>\n<link rel=\"canonical\" href=\"https:\/\/www.anicecommunication.com\/it\/responsabilita-sociale-e-inclusione-le-iniziative-di-petronas\/\" \/>\n<meta property=\"og:locale\" content=\"it_IT\" \/>\n<meta property=\"og:type\" content=\"article\" \/>\n<meta property=\"og:title\" content=\"Responsabilit\u00e0 sociale e inclusione: le iniziative di PETRONAS\" \/>\n<meta property=\"og:description\" content=\"PETRONAS Lubricants Italy: una stagione all\u2019insegna della responsabilit\u00e0 sociale d\u2019impresa e dell\u2019inclusione. Leggi il comunicato stampa\" \/>\n<meta property=\"og:url\" content=\"https:\/\/www.anicecommunication.com\/it\/responsabilita-sociale-e-inclusione-le-iniziative-di-petronas\/\" \/>\n<meta property=\"og:site_name\" content=\"IT Anice Communication\" \/>\n<meta property=\"article:publisher\" content=\"https:\/\/www.facebook.com\/anicecommunication\" \/>\n<meta property=\"article:author\" content=\"https:\/\/www.facebook.com\/anicecommunication\" \/>\n<meta property=\"article:published_time\" content=\"2025-11-25T09:07:41+00:00\" \/>\n<meta property=\"article:modified_time\" content=\"2025-11-25T09:09:51+00:00\" \/>\n<meta property=\"og:image\" content=\"https:\/\/www.anicecommunication.com\/it\/wp-content\/uploads\/sites\/3\/2025\/11\/A-chi-possiamo-rivolgerci_600px.jpg\" \/>\n\t<meta property=\"og:image:width\" content=\"600\" \/>\n\t<meta property=\"og:image:height\" content=\"439\" \/>\n\t<meta property=\"og:image:type\" content=\"image\/jpeg\" \/>\n<meta name=\"author\" content=\"Editorial Staff\" \/>\n<meta name=\"twitter:label1\" content=\"Scritto da\" \/>\n\t<meta name=\"twitter:data1\" content=\"Editorial Staff\" \/>\n\t<meta name=\"twitter:label2\" content=\"Tempo di lettura stimato\" \/>\n\t<meta name=\"twitter:data2\" content=\"8 minuti\" \/>\n<script type=\"application\/ld+json\" class=\"yoast-schema-graph\">{\"@context\":\"https:\\\/\\\/schema.org\",\"@graph\":[{\"@type\":\"Article\",\"@id\":\"https:\\\/\\\/www.anicecommunication.com\\\/it\\\/responsabilita-sociale-e-inclusione-le-iniziative-di-petronas\\\/#article\",\"isPartOf\":{\"@id\":\"https:\\\/\\\/www.anicecommunication.com\\\/it\\\/responsabilita-sociale-e-inclusione-le-iniziative-di-petronas\\\/\"},\"author\":{\"name\":\"Editorial Staff\",\"@id\":\"https:\\\/\\\/www.anicecommunication.com\\\/it\\\/#\\\/schema\\\/person\\\/d8f9046f11c2ab1ff15f1d0d580184d8\"},\"headline\":\"Responsabilit\u00e0 sociale d&#8217;impresa e inclusione: le iniziative di PETRONAS\",\"datePublished\":\"2025-11-25T09:07:41+00:00\",\"dateModified\":\"2025-11-25T09:09:51+00:00\",\"mainEntityOfPage\":{\"@id\":\"https:\\\/\\\/www.anicecommunication.com\\\/it\\\/responsabilita-sociale-e-inclusione-le-iniziative-di-petronas\\\/\"},\"wordCount\":1266,\"publisher\":{\"@id\":\"https:\\\/\\\/www.anicecommunication.com\\\/it\\\/#organization\"},\"image\":{\"@id\":\"https:\\\/\\\/www.anicecommunication.com\\\/it\\\/responsabilita-sociale-e-inclusione-le-iniziative-di-petronas\\\/#primaryimage\"},\"thumbnailUrl\":\"https:\\\/\\\/www.anicecommunication.com\\\/it\\\/wp-content\\\/uploads\\\/sites\\\/3\\\/2025\\\/11\\\/A-chi-possiamo-rivolgerci_600px.jpg\",\"keywords\":[\"CSR PETRONAS\",\"inclusione PETRONAS\",\"Priority Park PETRONAS\",\"Responsabilit\u00e0 sociale PETRONAS\",\"rispetto delle diversit\u00e0 PETRONAS\"],\"articleSection\":[\"PLI - Petronas\",\"Press Room\",\"What A Nice Blog!\"],\"inLanguage\":\"it-IT\"},{\"@type\":\"WebPage\",\"@id\":\"https:\\\/\\\/www.anicecommunication.com\\\/it\\\/responsabilita-sociale-e-inclusione-le-iniziative-di-petronas\\\/\",\"url\":\"https:\\\/\\\/www.anicecommunication.com\\\/it\\\/responsabilita-sociale-e-inclusione-le-iniziative-di-petronas\\\/\",\"name\":\"Responsabilit\u00e0 sociale e inclusione: le iniziative di PETRONAS\",\"isPartOf\":{\"@id\":\"https:\\\/\\\/www.anicecommunication.com\\\/it\\\/#website\"},\"primaryImageOfPage\":{\"@id\":\"https:\\\/\\\/www.anicecommunication.com\\\/it\\\/responsabilita-sociale-e-inclusione-le-iniziative-di-petronas\\\/#primaryimage\"},\"image\":{\"@id\":\"https:\\\/\\\/www.anicecommunication.com\\\/it\\\/responsabilita-sociale-e-inclusione-le-iniziative-di-petronas\\\/#primaryimage\"},\"thumbnailUrl\":\"https:\\\/\\\/www.anicecommunication.com\\\/it\\\/wp-content\\\/uploads\\\/sites\\\/3\\\/2025\\\/11\\\/A-chi-possiamo-rivolgerci_600px.jpg\",\"datePublished\":\"2025-11-25T09:07:41+00:00\",\"dateModified\":\"2025-11-25T09:09:51+00:00\",\"description\":\"PETRONAS Lubricants Italy: una stagione all\u2019insegna della responsabilit\u00e0 sociale d\u2019impresa e dell\u2019inclusione. Leggi il comunicato stampa\",\"breadcrumb\":{\"@id\":\"https:\\\/\\\/www.anicecommunication.com\\\/it\\\/responsabilita-sociale-e-inclusione-le-iniziative-di-petronas\\\/#breadcrumb\"},\"inLanguage\":\"it-IT\",\"potentialAction\":[{\"@type\":\"ReadAction\",\"target\":[\"https:\\\/\\\/www.anicecommunication.com\\\/it\\\/responsabilita-sociale-e-inclusione-le-iniziative-di-petronas\\\/\"]}]},{\"@type\":\"ImageObject\",\"inLanguage\":\"it-IT\",\"@id\":\"https:\\\/\\\/www.anicecommunication.com\\\/it\\\/responsabilita-sociale-e-inclusione-le-iniziative-di-petronas\\\/#primaryimage\",\"url\":\"https:\\\/\\\/www.anicecommunication.com\\\/it\\\/wp-content\\\/uploads\\\/sites\\\/3\\\/2025\\\/11\\\/A-chi-possiamo-rivolgerci_600px.jpg\",\"contentUrl\":\"https:\\\/\\\/www.anicecommunication.com\\\/it\\\/wp-content\\\/uploads\\\/sites\\\/3\\\/2025\\\/11\\\/A-chi-possiamo-rivolgerci_600px.jpg\",\"width\":600,\"height\":439,\"caption\":\"Responsabilit\u00e0 sociale e inclusione PETRONAS\"},{\"@type\":\"BreadcrumbList\",\"@id\":\"https:\\\/\\\/www.anicecommunication.com\\\/it\\\/responsabilita-sociale-e-inclusione-le-iniziative-di-petronas\\\/#breadcrumb\",\"itemListElement\":[{\"@type\":\"ListItem\",\"position\":1,\"name\":\"Home\",\"item\":\"https:\\\/\\\/www.anicecommunication.com\\\/it\\\/\"},{\"@type\":\"ListItem\",\"position\":2,\"name\":\"Responsabilit\u00e0 sociale d&#8217;impresa e inclusione: le iniziative di PETRONAS\"}]},{\"@type\":\"WebSite\",\"@id\":\"https:\\\/\\\/www.anicecommunication.com\\\/it\\\/#website\",\"url\":\"https:\\\/\\\/www.anicecommunication.com\\\/it\\\/\",\"name\":\"IT Anice Communication\",\"description\":\"Anicecommunication agenzia di pubbliche relazioni,  ufficio stampa, media relations, automotive e mobility a livello internazionale - Torino\",\"publisher\":{\"@id\":\"https:\\\/\\\/www.anicecommunication.com\\\/it\\\/#organization\"},\"potentialAction\":[{\"@type\":\"SearchAction\",\"target\":{\"@type\":\"EntryPoint\",\"urlTemplate\":\"https:\\\/\\\/www.anicecommunication.com\\\/it\\\/?s={search_term_string}\"},\"query-input\":{\"@type\":\"PropertyValueSpecification\",\"valueRequired\":true,\"valueName\":\"search_term_string\"}}],\"inLanguage\":\"it-IT\"},{\"@type\":\"Organization\",\"@id\":\"https:\\\/\\\/www.anicecommunication.com\\\/it\\\/#organization\",\"name\":\"Anice SRL - Agenzia di comunicazione, mobility and automotive media relations & PR in Italia, Europa\",\"alternateName\":\"Anicecommunication\",\"url\":\"https:\\\/\\\/www.anicecommunication.com\\\/it\\\/\",\"logo\":{\"@type\":\"ImageObject\",\"inLanguage\":\"it-IT\",\"@id\":\"https:\\\/\\\/www.anicecommunication.com\\\/it\\\/#\\\/schema\\\/logo\\\/image\\\/\",\"url\":\"https:\\\/\\\/www.anicecommunication.com\\\/it\\\/wp-content\\\/uploads\\\/sites\\\/3\\\/2023\\\/06\\\/Anice_696x696.jpg\",\"contentUrl\":\"https:\\\/\\\/www.anicecommunication.com\\\/it\\\/wp-content\\\/uploads\\\/sites\\\/3\\\/2023\\\/06\\\/Anice_696x696.jpg\",\"width\":696,\"height\":696,\"caption\":\"Anice SRL - Agenzia di comunicazione, mobility and automotive media relations & PR in Italia, Europa\"},\"image\":{\"@id\":\"https:\\\/\\\/www.anicecommunication.com\\\/it\\\/#\\\/schema\\\/logo\\\/image\\\/\"},\"sameAs\":[\"https:\\\/\\\/www.facebook.com\\\/anicecommunication\",\"https:\\\/\\\/x.com\\\/Anicecom\",\"https:\\\/\\\/instagram.com\\\/anicecom\\\/\",\"https:\\\/\\\/www.linkedin.com\\\/company\\\/anice-s-r-l-\"]},{\"@type\":\"Person\",\"@id\":\"https:\\\/\\\/www.anicecommunication.com\\\/it\\\/#\\\/schema\\\/person\\\/d8f9046f11c2ab1ff15f1d0d580184d8\",\"name\":\"Editorial Staff\",\"image\":{\"@type\":\"ImageObject\",\"inLanguage\":\"it-IT\",\"@id\":\"https:\\\/\\\/secure.gravatar.com\\\/avatar\\\/62128a8e64953c282b330a12e5b592d8bc5d299b46ab0e6928129ae0d79e528a?s=96&d=mm&r=g\",\"url\":\"https:\\\/\\\/secure.gravatar.com\\\/avatar\\\/62128a8e64953c282b330a12e5b592d8bc5d299b46ab0e6928129ae0d79e528a?s=96&d=mm&r=g\",\"contentUrl\":\"https:\\\/\\\/secure.gravatar.com\\\/avatar\\\/62128a8e64953c282b330a12e5b592d8bc5d299b46ab0e6928129ae0d79e528a?s=96&d=mm&r=g\",\"caption\":\"Editorial Staff\"},\"description\":\"La redazione di Anicecommunication \u00e8 composta da giornalisti, esperti di comunicazione e marketing, content manager e storyteller.\",\"sameAs\":[\"http:\\\/\\\/www.anicecommunication.com\",\"https:\\\/\\\/www.facebook.com\\\/anicecommunication\",\"https:\\\/\\\/x.com\\\/anicecom\"]}]}<\/script>\n<!-- \/ Yoast SEO plugin. -->","yoast_head_json":{"title":"Responsabilit\u00e0 sociale e inclusione: le iniziative di PETRONAS","description":"PETRONAS Lubricants Italy: una stagione all\u2019insegna della responsabilit\u00e0 sociale d\u2019impresa e dell\u2019inclusione. Leggi il comunicato stampa","robots":{"index":"index","follow":"follow","max-snippet":"max-snippet:-1","max-image-preview":"max-image-preview:large","max-video-preview":"max-video-preview:-1"},"canonical":"https:\/\/www.anicecommunication.com\/it\/responsabilita-sociale-e-inclusione-le-iniziative-di-petronas\/","og_locale":"it_IT","og_type":"article","og_title":"Responsabilit\u00e0 sociale e inclusione: le iniziative di PETRONAS","og_description":"PETRONAS Lubricants Italy: una stagione all\u2019insegna della responsabilit\u00e0 sociale d\u2019impresa e dell\u2019inclusione. Leggi il comunicato stampa","og_url":"https:\/\/www.anicecommunication.com\/it\/responsabilita-sociale-e-inclusione-le-iniziative-di-petronas\/","og_site_name":"IT Anice Communication","article_publisher":"https:\/\/www.facebook.com\/anicecommunication","article_author":"https:\/\/www.facebook.com\/anicecommunication","article_published_time":"2025-11-25T09:07:41+00:00","article_modified_time":"2025-11-25T09:09:51+00:00","og_image":[{"width":600,"height":439,"url":"https:\/\/www.anicecommunication.com\/it\/wp-content\/uploads\/sites\/3\/2025\/11\/A-chi-possiamo-rivolgerci_600px.jpg","type":"image\/jpeg"}],"author":"Editorial Staff","twitter_misc":{"Scritto da":"Editorial Staff","Tempo di lettura stimato":"8 minuti"},"schema":{"@context":"https:\/\/schema.org","@graph":[{"@type":"Article","@id":"https:\/\/www.anicecommunication.com\/it\/responsabilita-sociale-e-inclusione-le-iniziative-di-petronas\/#article","isPartOf":{"@id":"https:\/\/www.anicecommunication.com\/it\/responsabilita-sociale-e-inclusione-le-iniziative-di-petronas\/"},"author":{"name":"Editorial Staff","@id":"https:\/\/www.anicecommunication.com\/it\/#\/schema\/person\/d8f9046f11c2ab1ff15f1d0d580184d8"},"headline":"Responsabilit\u00e0 sociale d&#8217;impresa e inclusione: le iniziative di PETRONAS","datePublished":"2025-11-25T09:07:41+00:00","dateModified":"2025-11-25T09:09:51+00:00","mainEntityOfPage":{"@id":"https:\/\/www.anicecommunication.com\/it\/responsabilita-sociale-e-inclusione-le-iniziative-di-petronas\/"},"wordCount":1266,"publisher":{"@id":"https:\/\/www.anicecommunication.com\/it\/#organization"},"image":{"@id":"https:\/\/www.anicecommunication.com\/it\/responsabilita-sociale-e-inclusione-le-iniziative-di-petronas\/#primaryimage"},"thumbnailUrl":"https:\/\/www.anicecommunication.com\/it\/wp-content\/uploads\/sites\/3\/2025\/11\/A-chi-possiamo-rivolgerci_600px.jpg","keywords":["CSR PETRONAS","inclusione PETRONAS","Priority Park PETRONAS","Responsabilit\u00e0 sociale PETRONAS","rispetto delle diversit\u00e0 PETRONAS"],"articleSection":["PLI - Petronas","Press Room","What A Nice Blog!"],"inLanguage":"it-IT"},{"@type":"WebPage","@id":"https:\/\/www.anicecommunication.com\/it\/responsabilita-sociale-e-inclusione-le-iniziative-di-petronas\/","url":"https:\/\/www.anicecommunication.com\/it\/responsabilita-sociale-e-inclusione-le-iniziative-di-petronas\/","name":"Responsabilit\u00e0 sociale e inclusione: le iniziative di PETRONAS","isPartOf":{"@id":"https:\/\/www.anicecommunication.com\/it\/#website"},"primaryImageOfPage":{"@id":"https:\/\/www.anicecommunication.com\/it\/responsabilita-sociale-e-inclusione-le-iniziative-di-petronas\/#primaryimage"},"image":{"@id":"https:\/\/www.anicecommunication.com\/it\/responsabilita-sociale-e-inclusione-le-iniziative-di-petronas\/#primaryimage"},"thumbnailUrl":"https:\/\/www.anicecommunication.com\/it\/wp-content\/uploads\/sites\/3\/2025\/11\/A-chi-possiamo-rivolgerci_600px.jpg","datePublished":"2025-11-25T09:07:41+00:00","dateModified":"2025-11-25T09:09:51+00:00","description":"PETRONAS Lubricants Italy: una stagione all\u2019insegna della responsabilit\u00e0 sociale d\u2019impresa e dell\u2019inclusione. Leggi il comunicato stampa","breadcrumb":{"@id":"https:\/\/www.anicecommunication.com\/it\/responsabilita-sociale-e-inclusione-le-iniziative-di-petronas\/#breadcrumb"},"inLanguage":"it-IT","potentialAction":[{"@type":"ReadAction","target":["https:\/\/www.anicecommunication.com\/it\/responsabilita-sociale-e-inclusione-le-iniziative-di-petronas\/"]}]},{"@type":"ImageObject","inLanguage":"it-IT","@id":"https:\/\/www.anicecommunication.com\/it\/responsabilita-sociale-e-inclusione-le-iniziative-di-petronas\/#primaryimage","url":"https:\/\/www.anicecommunication.com\/it\/wp-content\/uploads\/sites\/3\/2025\/11\/A-chi-possiamo-rivolgerci_600px.jpg","contentUrl":"https:\/\/www.anicecommunication.com\/it\/wp-content\/uploads\/sites\/3\/2025\/11\/A-chi-possiamo-rivolgerci_600px.jpg","width":600,"height":439,"caption":"Responsabilit\u00e0 sociale e inclusione PETRONAS"},{"@type":"BreadcrumbList","@id":"https:\/\/www.anicecommunication.com\/it\/responsabilita-sociale-e-inclusione-le-iniziative-di-petronas\/#breadcrumb","itemListElement":[{"@type":"ListItem","position":1,"name":"Home","item":"https:\/\/www.anicecommunication.com\/it\/"},{"@type":"ListItem","position":2,"name":"Responsabilit\u00e0 sociale d&#8217;impresa e inclusione: le iniziative di PETRONAS"}]},{"@type":"WebSite","@id":"https:\/\/www.anicecommunication.com\/it\/#website","url":"https:\/\/www.anicecommunication.com\/it\/","name":"IT Anice Communication","description":"Anicecommunication agenzia di pubbliche relazioni,  ufficio stampa, media relations, automotive e mobility a livello internazionale - Torino","publisher":{"@id":"https:\/\/www.anicecommunication.com\/it\/#organization"},"potentialAction":[{"@type":"SearchAction","target":{"@type":"EntryPoint","urlTemplate":"https:\/\/www.anicecommunication.com\/it\/?s={search_term_string}"},"query-input":{"@type":"PropertyValueSpecification","valueRequired":true,"valueName":"search_term_string"}}],"inLanguage":"it-IT"},{"@type":"Organization","@id":"https:\/\/www.anicecommunication.com\/it\/#organization","name":"Anice SRL - Agenzia di comunicazione, mobility and automotive media relations & PR in Italia, Europa","alternateName":"Anicecommunication","url":"https:\/\/www.anicecommunication.com\/it\/","logo":{"@type":"ImageObject","inLanguage":"it-IT","@id":"https:\/\/www.anicecommunication.com\/it\/#\/schema\/logo\/image\/","url":"https:\/\/www.anicecommunication.com\/it\/wp-content\/uploads\/sites\/3\/2023\/06\/Anice_696x696.jpg","contentUrl":"https:\/\/www.anicecommunication.com\/it\/wp-content\/uploads\/sites\/3\/2023\/06\/Anice_696x696.jpg","width":696,"height":696,"caption":"Anice SRL - Agenzia di comunicazione, mobility and automotive media relations & PR in Italia, Europa"},"image":{"@id":"https:\/\/www.anicecommunication.com\/it\/#\/schema\/logo\/image\/"},"sameAs":["https:\/\/www.facebook.com\/anicecommunication","https:\/\/x.com\/Anicecom","https:\/\/instagram.com\/anicecom\/","https:\/\/www.linkedin.com\/company\/anice-s-r-l-"]},{"@type":"Person","@id":"https:\/\/www.anicecommunication.com\/it\/#\/schema\/person\/d8f9046f11c2ab1ff15f1d0d580184d8","name":"Editorial Staff","image":{"@type":"ImageObject","inLanguage":"it-IT","@id":"https:\/\/secure.gravatar.com\/avatar\/62128a8e64953c282b330a12e5b592d8bc5d299b46ab0e6928129ae0d79e528a?s=96&d=mm&r=g","url":"https:\/\/secure.gravatar.com\/avatar\/62128a8e64953c282b330a12e5b592d8bc5d299b46ab0e6928129ae0d79e528a?s=96&d=mm&r=g","contentUrl":"https:\/\/secure.gravatar.com\/avatar\/62128a8e64953c282b330a12e5b592d8bc5d299b46ab0e6928129ae0d79e528a?s=96&d=mm&r=g","caption":"Editorial Staff"},"description":"La redazione di Anicecommunication \u00e8 composta da giornalisti, esperti di comunicazione e marketing, content manager e storyteller.","sameAs":["http:\/\/www.anicecommunication.com","https:\/\/www.facebook.com\/anicecommunication","https:\/\/x.com\/anicecom"]}]}},"_links":{"self":[{"href":"https:\/\/www.anicecommunication.com\/it\/wp-json\/wp\/v2\/posts\/23089","targetHints":{"allow":["GET"]}}],"collection":[{"href":"https:\/\/www.anicecommunication.com\/it\/wp-json\/wp\/v2\/posts"}],"about":[{"href":"https:\/\/www.anicecommunication.com\/it\/wp-json\/wp\/v2\/types\/post"}],"author":[{"embeddable":true,"href":"https:\/\/www.anicecommunication.com\/it\/wp-json\/wp\/v2\/users\/1"}],"replies":[{"embeddable":true,"href":"https:\/\/www.anicecommunication.com\/it\/wp-json\/wp\/v2\/comments?post=23089"}],"version-history":[{"count":3,"href":"https:\/\/www.anicecommunication.com\/it\/wp-json\/wp\/v2\/posts\/23089\/revisions"}],"predecessor-version":[{"id":23099,"href":"https:\/\/www.anicecommunication.com\/it\/wp-json\/wp\/v2\/posts\/23089\/revisions\/23099"}],"wp:featuredmedia":[{"embeddable":true,"href":"https:\/\/www.anicecommunication.com\/it\/wp-json\/wp\/v2\/media\/23090"}],"wp:attachment":[{"href":"https:\/\/www.anicecommunication.com\/it\/wp-json\/wp\/v2\/media?parent=23089"}],"wp:term":[{"taxonomy":"category","embeddable":true,"href":"https:\/\/www.anicecommunication.com\/it\/wp-json\/wp\/v2\/categories?post=23089"},{"taxonomy":"post_tag","embeddable":true,"href":"https:\/\/www.anicecommunication.com\/it\/wp-json\/wp\/v2\/tags?post=23089"}],"curies":[{"name":"wp","href":"https:\/\/api.w.org\/{rel}","templated":true}]}}