{"id":23125,"date":"2025-12-15T10:20:05","date_gmt":"2025-12-15T09:20:05","guid":{"rendered":"https:\/\/www.anicecommunication.com\/it\/?p=23125"},"modified":"2025-12-15T10:20:52","modified_gmt":"2025-12-15T09:20:52","slug":"comtrac-2-la-gamma-di-pneumatici-vredestein-per-furgoni-si-amplia-con-21-nuove-misure","status":"publish","type":"post","link":"https:\/\/www.anicecommunication.com\/it\/comtrac-2-la-gamma-di-pneumatici-vredestein-per-furgoni-si-amplia-con-21-nuove-misure\/","title":{"rendered":"Con Comtrac 2+ la gamma di pneumatici Vredestein per furgoni si amplia con 21 nuove misure"},"content":{"rendered":"<p>La gamma di pneumatici Vredestein per furgoni si amplia con l\u2019arrivo del nuovo Comtrac 2+, resistente ed efficiente.<!--more--><\/p>\n<ul>\n<li><strong><em>La versione estiva premium sar\u00e0 disponibile a partire da gennaio 2026 in 21 misure, per cerchi da 15 a 17 pollici<\/em><\/strong><\/li>\n<li><strong><em>Costi di esercizio ridotti e massimi tempi di attivit\u00e0 grazie a una pi\u00f9 lunga durata degli pneumatici, a una maggiore efficienza del carburante e a una struttura pi\u00f9 robusta<\/em><\/strong><\/li>\n<li><strong><em>Prestazioni migliorate rispetto al suo predecessore: resistenza all&#8217;abrasione aumentata del 13%, resistenza al rotolamento inferiore del 7% e migliore aderenza su fondi bagnati <\/em><\/strong><\/li>\n<\/ul>\n<p><a href=\"https:\/\/www.anicecommunication.com\/it\/wp-content\/uploads\/sites\/3\/2025\/12\/Vredestein_Comtrac_2__side_shadow.jpg\"><img decoding=\"async\" class=\" wp-image-23126 alignleft\" src=\"https:\/\/www.anicecommunication.com\/it\/wp-content\/uploads\/sites\/3\/2025\/12\/Vredestein_Comtrac_2__side_shadow.jpg\" alt=\"Comtrac 2+ Vredestein\" width=\"287\" height=\"287\" srcset=\"https:\/\/www.anicecommunication.com\/it\/wp-content\/uploads\/sites\/3\/2025\/12\/Vredestein_Comtrac_2__side_shadow-66x66.jpg 66w, https:\/\/www.anicecommunication.com\/it\/wp-content\/uploads\/sites\/3\/2025\/12\/Vredestein_Comtrac_2__side_shadow-150x150.jpg 150w, https:\/\/www.anicecommunication.com\/it\/wp-content\/uploads\/sites\/3\/2025\/12\/Vredestein_Comtrac_2__side_shadow-200x200.jpg 200w, https:\/\/www.anicecommunication.com\/it\/wp-content\/uploads\/sites\/3\/2025\/12\/Vredestein_Comtrac_2__side_shadow-300x300.jpg 300w, https:\/\/www.anicecommunication.com\/it\/wp-content\/uploads\/sites\/3\/2025\/12\/Vredestein_Comtrac_2__side_shadow-400x400.jpg 400w, https:\/\/www.anicecommunication.com\/it\/wp-content\/uploads\/sites\/3\/2025\/12\/Vredestein_Comtrac_2__side_shadow.jpg 600w\" sizes=\"(max-width: 287px) 100vw, 287px\" \/><\/a>Apollo Tyres Ltd ha presentato Vredestein Comtrac 2+, uno pneumatico estivo premium sviluppato in modo specifico per i veicoli commerciali leggeri. Forte del successo consolidato della serie Comtrac, il nuovo modello offre una durata superiore, una maneggevolezza ottimizzata e un\u2019autonomia estesa, con vantaggi operativi concreti e una maggiore efficienza dei costi per gli utenti aziendali.<\/p>\n<p>Disponibile in tutta Europa a partire da gennaio 2026, Vredestein Comtrac 2+ sar\u00e0 proposto in 21 misure, per cerchi da 15 a 17 pollici, con alcune dimensioni dotate di indice di carico XL, per utilizzi pi\u00f9 impegnativi.<\/p>\n<p>Comtrac 2+ garantisce un aumento della resistenza all&#8217;abrasione del 13% rispetto al suo predecessore grazie all&#8217;innovativa mescola polimerica di quarta generazione, realizzata con una tecnologia di miscelazione avanzata. Questa soluzione estende la durata del battistrada, permettendo percorrenze chilometriche superiori, meno sostituzioni e costi di esercizio ridotti per le flotte. Il miglioramento della resistenza all&#8217;abrasione si traduce inoltre in una minore usura degli pneumatici con conseguente minore rilascio di microplastiche, contribuendo a ridurre i rifiuti per un\u2019impronta ambientale pi\u00f9 sostenibile.<\/p>\n<p>L&#8217;area del tallone rinforzata assicura pi\u00f9 stabilit\u00e0 e una maneggevolezza ottimizzata, anche in presenza di carichi pesanti e a temperature elevate. La carcassa ad alta robustezza e la spalla rinforzata aumentano l\u2019affidabilit\u00e0 complessiva dello pneumatico e riducono il rischio di fermo veicolo, consentendo agli operatori professionali di massimizzare l\u2019operativit\u00e0 delle flotte.<\/p>\n<p>Per garantire elevati livelli di aderenza e trazione sul bagnato, Vredestein Comtrac 2+ integra un filler in silice ad alta dispersione e un disegno del battistrada progettato per convogliare rapidamente l\u2019acqua lontano dall\u2019area di contatto. Queste innovazioni contribuiscono a ridurre il rischio di aquaplaning e assicurano controllo e sicurezza in ogni condizione di guida.<\/p>\n<p><a href=\"https:\/\/www.anicecommunication.com\/it\/wp-content\/uploads\/sites\/3\/2025\/12\/Vredestein_Comtrac_2__front_shadow2.jpg\"><img decoding=\"async\" class=\"wp-image-23127 alignright\" src=\"https:\/\/www.anicecommunication.com\/it\/wp-content\/uploads\/sites\/3\/2025\/12\/Vredestein_Comtrac_2__front_shadow2.jpg\" alt=\"Comtrac 2+ Vredestein\" width=\"400\" height=\"266\" srcset=\"https:\/\/www.anicecommunication.com\/it\/wp-content\/uploads\/sites\/3\/2025\/12\/Vredestein_Comtrac_2__front_shadow2-200x133.jpg 200w, https:\/\/www.anicecommunication.com\/it\/wp-content\/uploads\/sites\/3\/2025\/12\/Vredestein_Comtrac_2__front_shadow2-300x200.jpg 300w, https:\/\/www.anicecommunication.com\/it\/wp-content\/uploads\/sites\/3\/2025\/12\/Vredestein_Comtrac_2__front_shadow2-400x266.jpg 400w, https:\/\/www.anicecommunication.com\/it\/wp-content\/uploads\/sites\/3\/2025\/12\/Vredestein_Comtrac_2__front_shadow2.jpg 600w\" sizes=\"(max-width: 400px) 100vw, 400px\" \/><\/a>Progettato per la massima durata, Comtrac 2+ combina una struttura robusta con materiali ad alta resistenza, riducendo al minimo i fermi macchina e i costi di esercizio sull\u2019intero ciclo di vita. Con una resistenza al rotolamento inferiore del 7%, il nuovo pneumatico offre un&#8217;efficienza del carburante superiore ed \u00e8 particolarmente particolarmente indicato per veicoli commerciali elettrici e ibridi, contribuendo ad aumentare l\u2019autonomia di guida e a contenere i consumi.<\/p>\n<p>Comtrac 2+ \u00e8 inoltre conforme alla normativa EUDR, nel rispetto dei pi\u00f9 recenti standard europei in materia di ambiente e sostenibilit\u00e0.<\/p>\n<p>Yves Pouliquen, Vice President, Commercial EMEA di Apollo Tyres Ltd, ha dichiarato: &#8220;Con Comtrac 2+ ci siamo posti l\u2019obiettivo di rispondere alle esigenze in evoluzione degli operatori dei veicoli commerciali leggeri, che si tratti di professionisti indipendenti o di gestori di flotte. Il nostro team R&amp;D ha progettato lo pneumatico per garantire una maggiore durata del battistrada, una minore resistenza al rotolamento e una guida pi\u00f9 sicura e confortevole che favorisce una maggiore efficienza, il tutto a un prezzo accessibile&#8221;.<\/p>\n<p>Per ulteriori informazioni sulla gamma Vredestein, visitare <a href=\"https:\/\/www.vredestein.it\/\">vredestein.it<\/a><\/p>\n<p><em>FINE<\/em><\/p>\n<hr \/>\n<p>15 dicembre 2025<\/p>\n<p><a href=\"https:\/\/www.anicecommunication.it\/Apollo\/251215\/251215_Vredestein_Comtrac2Plus.zip\" target=\"_blank\" rel=\"noopener\">Scarica testi e immagini ad alta risoluzione &gt;<\/a><\/p>\n<p><a href=\"https:\/\/www.anicecommunication.com\/it\/anice-experience\/ufficio-stampa-apollo-tyres_vredestein-italia\/\">Anicecommunication Ufficio Stampa Apollo Tyres Italia<\/a><\/p>\n<p>&nbsp;<\/p>\n","protected":false},"excerpt":{"rendered":"<p>La gamma di pneumatici Vredestein per furgoni si amplia con l\u2019arrivo del nuovo Comtrac 2+, resistente ed efficiente.<\/p>\n","protected":false},"author":1,"featured_media":23127,"comment_status":"closed","ping_status":"closed","sticky":false,"template":"","format":"standard","meta":{"footnotes":""},"categories":[608,467,80],"tags":[971,2086,771,1343],"class_list":["post-23125","post","type-post","status-publish","format-standard","has-post-thumbnail","hentry","category-apollo-vredestein","category-press_room","category-blog-anicecommunication","tag-apollo-tyres-vredestein","tag-comtrac-2","tag-pneumatici-vredestein","tag-vredestein-comtrac-2"],"yoast_head":"<!-- This site is optimized with the Yoast SEO plugin v27.4 - https:\/\/yoast.com\/product\/yoast-seo-wordpress\/ -->\n<title>Vredestein Comtrac 2+: si amplia la gamma<\/title>\n<meta name=\"description\" content=\"La gamma di pneumatici Vredestein per furgoni si amplia con l\u2019arrivo del nuovo Comtrac 2+, resistente ed efficiente.\" \/>\n<meta name=\"robots\" content=\"index, follow, max-snippet:-1, max-image-preview:large, max-video-preview:-1\" \/>\n<link rel=\"canonical\" href=\"https:\/\/www.anicecommunication.com\/it\/comtrac-2-la-gamma-di-pneumatici-vredestein-per-furgoni-si-amplia-con-21-nuove-misure\/\" \/>\n<meta property=\"og:locale\" content=\"it_IT\" \/>\n<meta property=\"og:type\" content=\"article\" \/>\n<meta property=\"og:title\" content=\"Vredestein Comtrac 2+: si amplia la gamma\" \/>\n<meta property=\"og:description\" content=\"La gamma di pneumatici Vredestein per furgoni si amplia con l\u2019arrivo del nuovo Comtrac 2+, resistente ed efficiente.\" \/>\n<meta property=\"og:url\" content=\"https:\/\/www.anicecommunication.com\/it\/comtrac-2-la-gamma-di-pneumatici-vredestein-per-furgoni-si-amplia-con-21-nuove-misure\/\" \/>\n<meta property=\"og:site_name\" content=\"IT Anice Communication\" \/>\n<meta property=\"article:publisher\" content=\"https:\/\/www.facebook.com\/anicecommunication\" \/>\n<meta property=\"article:author\" content=\"https:\/\/www.facebook.com\/anicecommunication\" \/>\n<meta property=\"article:published_time\" content=\"2025-12-15T09:20:05+00:00\" \/>\n<meta property=\"article:modified_time\" content=\"2025-12-15T09:20:52+00:00\" \/>\n<meta property=\"og:image\" content=\"https:\/\/www.anicecommunication.com\/it\/wp-content\/uploads\/sites\/3\/2025\/12\/Vredestein_Comtrac_2__front_shadow2.jpg\" \/>\n\t<meta property=\"og:image:width\" content=\"600\" \/>\n\t<meta property=\"og:image:height\" content=\"399\" \/>\n\t<meta property=\"og:image:type\" content=\"image\/jpeg\" \/>\n<meta name=\"author\" content=\"Editorial Staff\" \/>\n<meta name=\"twitter:label1\" content=\"Scritto da\" \/>\n\t<meta name=\"twitter:data1\" content=\"Editorial Staff\" \/>\n\t<meta name=\"twitter:label2\" content=\"Tempo di lettura stimato\" \/>\n\t<meta name=\"twitter:data2\" content=\"4 minuti\" \/>\n<script type=\"application\/ld+json\" class=\"yoast-schema-graph\">{\"@context\":\"https:\\\/\\\/schema.org\",\"@graph\":[{\"@type\":\"Article\",\"@id\":\"https:\\\/\\\/www.anicecommunication.com\\\/it\\\/comtrac-2-la-gamma-di-pneumatici-vredestein-per-furgoni-si-amplia-con-21-nuove-misure\\\/#article\",\"isPartOf\":{\"@id\":\"https:\\\/\\\/www.anicecommunication.com\\\/it\\\/comtrac-2-la-gamma-di-pneumatici-vredestein-per-furgoni-si-amplia-con-21-nuove-misure\\\/\"},\"author\":{\"name\":\"Editorial Staff\",\"@id\":\"https:\\\/\\\/www.anicecommunication.com\\\/it\\\/#\\\/schema\\\/person\\\/d8f9046f11c2ab1ff15f1d0d580184d8\"},\"headline\":\"Con Comtrac 2+ la gamma di pneumatici Vredestein per furgoni si amplia con 21 nuove misure\",\"datePublished\":\"2025-12-15T09:20:05+00:00\",\"dateModified\":\"2025-12-15T09:20:52+00:00\",\"mainEntityOfPage\":{\"@id\":\"https:\\\/\\\/www.anicecommunication.com\\\/it\\\/comtrac-2-la-gamma-di-pneumatici-vredestein-per-furgoni-si-amplia-con-21-nuove-misure\\\/\"},\"wordCount\":573,\"publisher\":{\"@id\":\"https:\\\/\\\/www.anicecommunication.com\\\/it\\\/#organization\"},\"image\":{\"@id\":\"https:\\\/\\\/www.anicecommunication.com\\\/it\\\/comtrac-2-la-gamma-di-pneumatici-vredestein-per-furgoni-si-amplia-con-21-nuove-misure\\\/#primaryimage\"},\"thumbnailUrl\":\"https:\\\/\\\/www.anicecommunication.com\\\/it\\\/wp-content\\\/uploads\\\/sites\\\/3\\\/2025\\\/12\\\/Vredestein_Comtrac_2__front_shadow2.jpg\",\"keywords\":[\"Apollo Tyres Vredestein\",\"Comtrac 2+\",\"pneumatici Vredestein\",\"Vredestein Comtrac 2\"],\"articleSection\":[\"Apollo Tyres | Vredestein\",\"Press Room\",\"What A Nice Blog!\"],\"inLanguage\":\"it-IT\"},{\"@type\":\"WebPage\",\"@id\":\"https:\\\/\\\/www.anicecommunication.com\\\/it\\\/comtrac-2-la-gamma-di-pneumatici-vredestein-per-furgoni-si-amplia-con-21-nuove-misure\\\/\",\"url\":\"https:\\\/\\\/www.anicecommunication.com\\\/it\\\/comtrac-2-la-gamma-di-pneumatici-vredestein-per-furgoni-si-amplia-con-21-nuove-misure\\\/\",\"name\":\"Vredestein Comtrac 2+: si amplia la gamma\",\"isPartOf\":{\"@id\":\"https:\\\/\\\/www.anicecommunication.com\\\/it\\\/#website\"},\"primaryImageOfPage\":{\"@id\":\"https:\\\/\\\/www.anicecommunication.com\\\/it\\\/comtrac-2-la-gamma-di-pneumatici-vredestein-per-furgoni-si-amplia-con-21-nuove-misure\\\/#primaryimage\"},\"image\":{\"@id\":\"https:\\\/\\\/www.anicecommunication.com\\\/it\\\/comtrac-2-la-gamma-di-pneumatici-vredestein-per-furgoni-si-amplia-con-21-nuove-misure\\\/#primaryimage\"},\"thumbnailUrl\":\"https:\\\/\\\/www.anicecommunication.com\\\/it\\\/wp-content\\\/uploads\\\/sites\\\/3\\\/2025\\\/12\\\/Vredestein_Comtrac_2__front_shadow2.jpg\",\"datePublished\":\"2025-12-15T09:20:05+00:00\",\"dateModified\":\"2025-12-15T09:20:52+00:00\",\"description\":\"La gamma di pneumatici Vredestein per furgoni si amplia con l\u2019arrivo del nuovo Comtrac 2+, resistente ed efficiente.\",\"breadcrumb\":{\"@id\":\"https:\\\/\\\/www.anicecommunication.com\\\/it\\\/comtrac-2-la-gamma-di-pneumatici-vredestein-per-furgoni-si-amplia-con-21-nuove-misure\\\/#breadcrumb\"},\"inLanguage\":\"it-IT\",\"potentialAction\":[{\"@type\":\"ReadAction\",\"target\":[\"https:\\\/\\\/www.anicecommunication.com\\\/it\\\/comtrac-2-la-gamma-di-pneumatici-vredestein-per-furgoni-si-amplia-con-21-nuove-misure\\\/\"]}]},{\"@type\":\"ImageObject\",\"inLanguage\":\"it-IT\",\"@id\":\"https:\\\/\\\/www.anicecommunication.com\\\/it\\\/comtrac-2-la-gamma-di-pneumatici-vredestein-per-furgoni-si-amplia-con-21-nuove-misure\\\/#primaryimage\",\"url\":\"https:\\\/\\\/www.anicecommunication.com\\\/it\\\/wp-content\\\/uploads\\\/sites\\\/3\\\/2025\\\/12\\\/Vredestein_Comtrac_2__front_shadow2.jpg\",\"contentUrl\":\"https:\\\/\\\/www.anicecommunication.com\\\/it\\\/wp-content\\\/uploads\\\/sites\\\/3\\\/2025\\\/12\\\/Vredestein_Comtrac_2__front_shadow2.jpg\",\"width\":600,\"height\":399,\"caption\":\"Comtrac 2+ Vredestein\"},{\"@type\":\"BreadcrumbList\",\"@id\":\"https:\\\/\\\/www.anicecommunication.com\\\/it\\\/comtrac-2-la-gamma-di-pneumatici-vredestein-per-furgoni-si-amplia-con-21-nuove-misure\\\/#breadcrumb\",\"itemListElement\":[{\"@type\":\"ListItem\",\"position\":1,\"name\":\"Home\",\"item\":\"https:\\\/\\\/www.anicecommunication.com\\\/it\\\/\"},{\"@type\":\"ListItem\",\"position\":2,\"name\":\"Con Comtrac 2+ la gamma di pneumatici Vredestein per furgoni si amplia con 21 nuove misure\"}]},{\"@type\":\"WebSite\",\"@id\":\"https:\\\/\\\/www.anicecommunication.com\\\/it\\\/#website\",\"url\":\"https:\\\/\\\/www.anicecommunication.com\\\/it\\\/\",\"name\":\"IT Anice Communication\",\"description\":\"Anicecommunication agenzia di pubbliche relazioni,  ufficio stampa, media relations, automotive e mobility a livello internazionale - Torino\",\"publisher\":{\"@id\":\"https:\\\/\\\/www.anicecommunication.com\\\/it\\\/#organization\"},\"potentialAction\":[{\"@type\":\"SearchAction\",\"target\":{\"@type\":\"EntryPoint\",\"urlTemplate\":\"https:\\\/\\\/www.anicecommunication.com\\\/it\\\/?s={search_term_string}\"},\"query-input\":{\"@type\":\"PropertyValueSpecification\",\"valueRequired\":true,\"valueName\":\"search_term_string\"}}],\"inLanguage\":\"it-IT\"},{\"@type\":\"Organization\",\"@id\":\"https:\\\/\\\/www.anicecommunication.com\\\/it\\\/#organization\",\"name\":\"Anice SRL - Agenzia di comunicazione, mobility and automotive media relations & PR in Italia, Europa\",\"alternateName\":\"Anicecommunication\",\"url\":\"https:\\\/\\\/www.anicecommunication.com\\\/it\\\/\",\"logo\":{\"@type\":\"ImageObject\",\"inLanguage\":\"it-IT\",\"@id\":\"https:\\\/\\\/www.anicecommunication.com\\\/it\\\/#\\\/schema\\\/logo\\\/image\\\/\",\"url\":\"https:\\\/\\\/www.anicecommunication.com\\\/it\\\/wp-content\\\/uploads\\\/sites\\\/3\\\/2023\\\/06\\\/Anice_696x696.jpg\",\"contentUrl\":\"https:\\\/\\\/www.anicecommunication.com\\\/it\\\/wp-content\\\/uploads\\\/sites\\\/3\\\/2023\\\/06\\\/Anice_696x696.jpg\",\"width\":696,\"height\":696,\"caption\":\"Anice SRL - Agenzia di comunicazione, mobility and automotive media relations & PR in Italia, Europa\"},\"image\":{\"@id\":\"https:\\\/\\\/www.anicecommunication.com\\\/it\\\/#\\\/schema\\\/logo\\\/image\\\/\"},\"sameAs\":[\"https:\\\/\\\/www.facebook.com\\\/anicecommunication\",\"https:\\\/\\\/x.com\\\/Anicecom\",\"https:\\\/\\\/instagram.com\\\/anicecom\\\/\",\"https:\\\/\\\/www.linkedin.com\\\/company\\\/anice-s-r-l-\"]},{\"@type\":\"Person\",\"@id\":\"https:\\\/\\\/www.anicecommunication.com\\\/it\\\/#\\\/schema\\\/person\\\/d8f9046f11c2ab1ff15f1d0d580184d8\",\"name\":\"Editorial Staff\",\"image\":{\"@type\":\"ImageObject\",\"inLanguage\":\"it-IT\",\"@id\":\"https:\\\/\\\/secure.gravatar.com\\\/avatar\\\/62128a8e64953c282b330a12e5b592d8bc5d299b46ab0e6928129ae0d79e528a?s=96&d=mm&r=g\",\"url\":\"https:\\\/\\\/secure.gravatar.com\\\/avatar\\\/62128a8e64953c282b330a12e5b592d8bc5d299b46ab0e6928129ae0d79e528a?s=96&d=mm&r=g\",\"contentUrl\":\"https:\\\/\\\/secure.gravatar.com\\\/avatar\\\/62128a8e64953c282b330a12e5b592d8bc5d299b46ab0e6928129ae0d79e528a?s=96&d=mm&r=g\",\"caption\":\"Editorial Staff\"},\"description\":\"La redazione di Anicecommunication \u00e8 composta da giornalisti, esperti di comunicazione e marketing, content manager e storyteller.\",\"sameAs\":[\"http:\\\/\\\/www.anicecommunication.com\",\"https:\\\/\\\/www.facebook.com\\\/anicecommunication\",\"https:\\\/\\\/x.com\\\/anicecom\"]}]}<\/script>\n<!-- \/ Yoast SEO plugin. -->","yoast_head_json":{"title":"Vredestein Comtrac 2+: si amplia la gamma","description":"La gamma di pneumatici Vredestein per furgoni si amplia con l\u2019arrivo del nuovo Comtrac 2+, resistente ed efficiente.","robots":{"index":"index","follow":"follow","max-snippet":"max-snippet:-1","max-image-preview":"max-image-preview:large","max-video-preview":"max-video-preview:-1"},"canonical":"https:\/\/www.anicecommunication.com\/it\/comtrac-2-la-gamma-di-pneumatici-vredestein-per-furgoni-si-amplia-con-21-nuove-misure\/","og_locale":"it_IT","og_type":"article","og_title":"Vredestein Comtrac 2+: si amplia la gamma","og_description":"La gamma di pneumatici Vredestein per furgoni si amplia con l\u2019arrivo del nuovo Comtrac 2+, resistente ed efficiente.","og_url":"https:\/\/www.anicecommunication.com\/it\/comtrac-2-la-gamma-di-pneumatici-vredestein-per-furgoni-si-amplia-con-21-nuove-misure\/","og_site_name":"IT Anice Communication","article_publisher":"https:\/\/www.facebook.com\/anicecommunication","article_author":"https:\/\/www.facebook.com\/anicecommunication","article_published_time":"2025-12-15T09:20:05+00:00","article_modified_time":"2025-12-15T09:20:52+00:00","og_image":[{"width":600,"height":399,"url":"https:\/\/www.anicecommunication.com\/it\/wp-content\/uploads\/sites\/3\/2025\/12\/Vredestein_Comtrac_2__front_shadow2.jpg","type":"image\/jpeg"}],"author":"Editorial Staff","twitter_misc":{"Scritto da":"Editorial Staff","Tempo di lettura stimato":"4 minuti"},"schema":{"@context":"https:\/\/schema.org","@graph":[{"@type":"Article","@id":"https:\/\/www.anicecommunication.com\/it\/comtrac-2-la-gamma-di-pneumatici-vredestein-per-furgoni-si-amplia-con-21-nuove-misure\/#article","isPartOf":{"@id":"https:\/\/www.anicecommunication.com\/it\/comtrac-2-la-gamma-di-pneumatici-vredestein-per-furgoni-si-amplia-con-21-nuove-misure\/"},"author":{"name":"Editorial Staff","@id":"https:\/\/www.anicecommunication.com\/it\/#\/schema\/person\/d8f9046f11c2ab1ff15f1d0d580184d8"},"headline":"Con Comtrac 2+ la gamma di pneumatici Vredestein per furgoni si amplia con 21 nuove misure","datePublished":"2025-12-15T09:20:05+00:00","dateModified":"2025-12-15T09:20:52+00:00","mainEntityOfPage":{"@id":"https:\/\/www.anicecommunication.com\/it\/comtrac-2-la-gamma-di-pneumatici-vredestein-per-furgoni-si-amplia-con-21-nuove-misure\/"},"wordCount":573,"publisher":{"@id":"https:\/\/www.anicecommunication.com\/it\/#organization"},"image":{"@id":"https:\/\/www.anicecommunication.com\/it\/comtrac-2-la-gamma-di-pneumatici-vredestein-per-furgoni-si-amplia-con-21-nuove-misure\/#primaryimage"},"thumbnailUrl":"https:\/\/www.anicecommunication.com\/it\/wp-content\/uploads\/sites\/3\/2025\/12\/Vredestein_Comtrac_2__front_shadow2.jpg","keywords":["Apollo Tyres Vredestein","Comtrac 2+","pneumatici Vredestein","Vredestein Comtrac 2"],"articleSection":["Apollo Tyres | Vredestein","Press Room","What A Nice Blog!"],"inLanguage":"it-IT"},{"@type":"WebPage","@id":"https:\/\/www.anicecommunication.com\/it\/comtrac-2-la-gamma-di-pneumatici-vredestein-per-furgoni-si-amplia-con-21-nuove-misure\/","url":"https:\/\/www.anicecommunication.com\/it\/comtrac-2-la-gamma-di-pneumatici-vredestein-per-furgoni-si-amplia-con-21-nuove-misure\/","name":"Vredestein Comtrac 2+: si amplia la gamma","isPartOf":{"@id":"https:\/\/www.anicecommunication.com\/it\/#website"},"primaryImageOfPage":{"@id":"https:\/\/www.anicecommunication.com\/it\/comtrac-2-la-gamma-di-pneumatici-vredestein-per-furgoni-si-amplia-con-21-nuove-misure\/#primaryimage"},"image":{"@id":"https:\/\/www.anicecommunication.com\/it\/comtrac-2-la-gamma-di-pneumatici-vredestein-per-furgoni-si-amplia-con-21-nuove-misure\/#primaryimage"},"thumbnailUrl":"https:\/\/www.anicecommunication.com\/it\/wp-content\/uploads\/sites\/3\/2025\/12\/Vredestein_Comtrac_2__front_shadow2.jpg","datePublished":"2025-12-15T09:20:05+00:00","dateModified":"2025-12-15T09:20:52+00:00","description":"La gamma di pneumatici Vredestein per furgoni si amplia con l\u2019arrivo del nuovo Comtrac 2+, resistente ed efficiente.","breadcrumb":{"@id":"https:\/\/www.anicecommunication.com\/it\/comtrac-2-la-gamma-di-pneumatici-vredestein-per-furgoni-si-amplia-con-21-nuove-misure\/#breadcrumb"},"inLanguage":"it-IT","potentialAction":[{"@type":"ReadAction","target":["https:\/\/www.anicecommunication.com\/it\/comtrac-2-la-gamma-di-pneumatici-vredestein-per-furgoni-si-amplia-con-21-nuove-misure\/"]}]},{"@type":"ImageObject","inLanguage":"it-IT","@id":"https:\/\/www.anicecommunication.com\/it\/comtrac-2-la-gamma-di-pneumatici-vredestein-per-furgoni-si-amplia-con-21-nuove-misure\/#primaryimage","url":"https:\/\/www.anicecommunication.com\/it\/wp-content\/uploads\/sites\/3\/2025\/12\/Vredestein_Comtrac_2__front_shadow2.jpg","contentUrl":"https:\/\/www.anicecommunication.com\/it\/wp-content\/uploads\/sites\/3\/2025\/12\/Vredestein_Comtrac_2__front_shadow2.jpg","width":600,"height":399,"caption":"Comtrac 2+ Vredestein"},{"@type":"BreadcrumbList","@id":"https:\/\/www.anicecommunication.com\/it\/comtrac-2-la-gamma-di-pneumatici-vredestein-per-furgoni-si-amplia-con-21-nuove-misure\/#breadcrumb","itemListElement":[{"@type":"ListItem","position":1,"name":"Home","item":"https:\/\/www.anicecommunication.com\/it\/"},{"@type":"ListItem","position":2,"name":"Con Comtrac 2+ la gamma di pneumatici Vredestein per furgoni si amplia con 21 nuove misure"}]},{"@type":"WebSite","@id":"https:\/\/www.anicecommunication.com\/it\/#website","url":"https:\/\/www.anicecommunication.com\/it\/","name":"IT Anice Communication","description":"Anicecommunication agenzia di pubbliche relazioni,  ufficio stampa, media relations, automotive e mobility a livello internazionale - Torino","publisher":{"@id":"https:\/\/www.anicecommunication.com\/it\/#organization"},"potentialAction":[{"@type":"SearchAction","target":{"@type":"EntryPoint","urlTemplate":"https:\/\/www.anicecommunication.com\/it\/?s={search_term_string}"},"query-input":{"@type":"PropertyValueSpecification","valueRequired":true,"valueName":"search_term_string"}}],"inLanguage":"it-IT"},{"@type":"Organization","@id":"https:\/\/www.anicecommunication.com\/it\/#organization","name":"Anice SRL - Agenzia di comunicazione, mobility and automotive media relations & PR in Italia, Europa","alternateName":"Anicecommunication","url":"https:\/\/www.anicecommunication.com\/it\/","logo":{"@type":"ImageObject","inLanguage":"it-IT","@id":"https:\/\/www.anicecommunication.com\/it\/#\/schema\/logo\/image\/","url":"https:\/\/www.anicecommunication.com\/it\/wp-content\/uploads\/sites\/3\/2023\/06\/Anice_696x696.jpg","contentUrl":"https:\/\/www.anicecommunication.com\/it\/wp-content\/uploads\/sites\/3\/2023\/06\/Anice_696x696.jpg","width":696,"height":696,"caption":"Anice SRL - Agenzia di comunicazione, mobility and automotive media relations & PR in Italia, Europa"},"image":{"@id":"https:\/\/www.anicecommunication.com\/it\/#\/schema\/logo\/image\/"},"sameAs":["https:\/\/www.facebook.com\/anicecommunication","https:\/\/x.com\/Anicecom","https:\/\/instagram.com\/anicecom\/","https:\/\/www.linkedin.com\/company\/anice-s-r-l-"]},{"@type":"Person","@id":"https:\/\/www.anicecommunication.com\/it\/#\/schema\/person\/d8f9046f11c2ab1ff15f1d0d580184d8","name":"Editorial Staff","image":{"@type":"ImageObject","inLanguage":"it-IT","@id":"https:\/\/secure.gravatar.com\/avatar\/62128a8e64953c282b330a12e5b592d8bc5d299b46ab0e6928129ae0d79e528a?s=96&d=mm&r=g","url":"https:\/\/secure.gravatar.com\/avatar\/62128a8e64953c282b330a12e5b592d8bc5d299b46ab0e6928129ae0d79e528a?s=96&d=mm&r=g","contentUrl":"https:\/\/secure.gravatar.com\/avatar\/62128a8e64953c282b330a12e5b592d8bc5d299b46ab0e6928129ae0d79e528a?s=96&d=mm&r=g","caption":"Editorial Staff"},"description":"La redazione di Anicecommunication \u00e8 composta da giornalisti, esperti di comunicazione e marketing, content manager e storyteller.","sameAs":["http:\/\/www.anicecommunication.com","https:\/\/www.facebook.com\/anicecommunication","https:\/\/x.com\/anicecom"]}]}},"_links":{"self":[{"href":"https:\/\/www.anicecommunication.com\/it\/wp-json\/wp\/v2\/posts\/23125","targetHints":{"allow":["GET"]}}],"collection":[{"href":"https:\/\/www.anicecommunication.com\/it\/wp-json\/wp\/v2\/posts"}],"about":[{"href":"https:\/\/www.anicecommunication.com\/it\/wp-json\/wp\/v2\/types\/post"}],"author":[{"embeddable":true,"href":"https:\/\/www.anicecommunication.com\/it\/wp-json\/wp\/v2\/users\/1"}],"replies":[{"embeddable":true,"href":"https:\/\/www.anicecommunication.com\/it\/wp-json\/wp\/v2\/comments?post=23125"}],"version-history":[{"count":1,"href":"https:\/\/www.anicecommunication.com\/it\/wp-json\/wp\/v2\/posts\/23125\/revisions"}],"predecessor-version":[{"id":23128,"href":"https:\/\/www.anicecommunication.com\/it\/wp-json\/wp\/v2\/posts\/23125\/revisions\/23128"}],"wp:featuredmedia":[{"embeddable":true,"href":"https:\/\/www.anicecommunication.com\/it\/wp-json\/wp\/v2\/media\/23127"}],"wp:attachment":[{"href":"https:\/\/www.anicecommunication.com\/it\/wp-json\/wp\/v2\/media?parent=23125"}],"wp:term":[{"taxonomy":"category","embeddable":true,"href":"https:\/\/www.anicecommunication.com\/it\/wp-json\/wp\/v2\/categories?post=23125"},{"taxonomy":"post_tag","embeddable":true,"href":"https:\/\/www.anicecommunication.com\/it\/wp-json\/wp\/v2\/tags?post=23125"}],"curies":[{"name":"wp","href":"https:\/\/api.w.org\/{rel}","templated":true}]}}