{"id":23163,"date":"2026-01-08T10:10:48","date_gmt":"2026-01-08T09:10:48","guid":{"rendered":"https:\/\/www.anicecommunication.com\/it\/?p=23163"},"modified":"2025-12-28T18:59:27","modified_gmt":"2025-12-28T17:59:27","slug":"nuovi-pneumatici-gravel-vredestein-per-biciclette","status":"publish","type":"post","link":"https:\/\/www.anicecommunication.com\/it\/nuovi-pneumatici-gravel-vredestein-per-biciclette\/","title":{"rendered":"Nuovi pneumatici gravel Vredestein per biciclette"},"content":{"rendered":"<p>I nuovi pneumatici gravel Vredestein per biciclette garantiscono velocit\u00e0, durata e valore aggiunto su terreni misti.<!--more--><\/p>\n<ul>\n<li><strong><em>Aventura Grezzo Core, Aventura Seta Core e Aventura Core, progettati per terreni misti, con robusta carcassa 60 TPI e struttura tubeless ready<\/em><\/strong><\/li>\n<li><strong><em>Disegni del battistrada specifici per ogni terreno che garantiscono maggiore aderenza, efficienza di rotolamento e sicurezza su superfici sconnesse, compatte e miste<\/em><\/strong><\/li>\n<li><strong><em>Tutti i modelli saranno disponibili in Europa dal 1\u00b0 febbraio 2026<\/em><\/strong><\/li>\n<\/ul>\n<p>Apollo Tyres Ltd ha ampliato la gamma di pneumatici gravel Vredestein Aventura per biciclette con l&#8217;introduzione della serie Core. Gli pneumatici di nuova generazione Aventura Grezzo Core, Aventura Seta Core e Aventura Core di nuova generazione sono progettati per offrire prestazioni affidabili su diversi tipi di terreno, una maggiore durata nell\u2019adventure biking rispetto ai precedenti pneumatici gravel Vredestein per biciclette. Vengono inoltre proposti a un prezzo pi\u00f9 competitivo, offrendo ai ciclisti un eccellente rapporto qualit\u00e0\/prezzo senza alcun compromesso sulle prestazioni.<\/p>\n<p>Sviluppata dal team R&amp;D di Apollo Tyres in Europa, la serie Aventura Core mantiene gli stessi disegni del battistrada degli attuali pneumatici gravel, ma introduce una carcassa rinforzata da 60 TPI che garantisce un elevato livello di resistenza alle forature e assicura stabilit\u00e0 anche su superfici irregolari e sconnesse. Grazie al perfezionamento della struttura costruttiva e all&#8217;adozione di una piattaforma Core razionalizzata, la nuova gamma offre prestazioni di alto livello a un prezzo pi\u00f9 accessibile, rappresentando un upgrade conveniente e performante per gli appassionati del moderno gravel riding.<\/p>\n<p><strong>Aventura Seta Core \u2013 prestazioni scorrevoli ad alta velocit\u00e0 su asfalto e sterrato veloce<\/strong><\/p>\n<p>Progettata per la velocit\u00e0, la serie Aventura Seta Core \u00e8 dotata di un battistrada ottimizzato per le competizioni, ideale per superfici pi\u00f9 regolari, mentre i tasselli integrati sulla spalla facilitano le curve sui terreni tecnici. Pensata per i ciclisti che privilegiano il ritmo senza rinunciare al controllo, la serie Seta Core offre prestazioni affidabili nelle percorrenze veloci e ad alta intensit\u00e0 su terreni misti.<\/p>\n<p><a href=\"https:\/\/www.anicecommunication.com\/it\/wp-content\/uploads\/sites\/3\/2025\/12\/Aventura-Seta-Core-bl-bl-angle-shared_web.jpg\"><img decoding=\"async\" class=\"aligncenter size-full wp-image-23166\" src=\"https:\/\/www.anicecommunication.com\/it\/wp-content\/uploads\/sites\/3\/2025\/12\/Aventura-Seta-Core-bl-bl-angle-shared_web.jpg\" alt=\"nuovi pneumatici gravel Vredestein per biciclette - Aventura Seta\" width=\"1280\" height=\"681\" srcset=\"https:\/\/www.anicecommunication.com\/it\/wp-content\/uploads\/sites\/3\/2025\/12\/Aventura-Seta-Core-bl-bl-angle-shared_web-200x106.jpg 200w, https:\/\/www.anicecommunication.com\/it\/wp-content\/uploads\/sites\/3\/2025\/12\/Aventura-Seta-Core-bl-bl-angle-shared_web-300x160.jpg 300w, https:\/\/www.anicecommunication.com\/it\/wp-content\/uploads\/sites\/3\/2025\/12\/Aventura-Seta-Core-bl-bl-angle-shared_web-400x213.jpg 400w, https:\/\/www.anicecommunication.com\/it\/wp-content\/uploads\/sites\/3\/2025\/12\/Aventura-Seta-Core-bl-bl-angle-shared_web-600x319.jpg 600w, https:\/\/www.anicecommunication.com\/it\/wp-content\/uploads\/sites\/3\/2025\/12\/Aventura-Seta-Core-bl-bl-angle-shared_web-768x409.jpg 768w, https:\/\/www.anicecommunication.com\/it\/wp-content\/uploads\/sites\/3\/2025\/12\/Aventura-Seta-Core-bl-bl-angle-shared_web-800x426.jpg 800w, https:\/\/www.anicecommunication.com\/it\/wp-content\/uploads\/sites\/3\/2025\/12\/Aventura-Seta-Core-bl-bl-angle-shared_web-1024x545.jpg 1024w, https:\/\/www.anicecommunication.com\/it\/wp-content\/uploads\/sites\/3\/2025\/12\/Aventura-Seta-Core-bl-bl-angle-shared_web-1200x638.jpg 1200w, https:\/\/www.anicecommunication.com\/it\/wp-content\/uploads\/sites\/3\/2025\/12\/Aventura-Seta-Core-bl-bl-angle-shared_web.jpg 1280w\" sizes=\"(max-width: 1280px) 100vw, 1280px\" \/><\/a><\/p>\n<p style=\"text-align: center;\"><em>Vredestein Aventura Seta Core<\/em><\/p>\n<p><strong>Aventura Core \u2013 versatilit\u00e0 totale per l&#8217;uso quotidiano<\/strong><\/p>\n<p>Aventura Core offre un mix bilanciato di efficienza di scorrimento e aderenza costante su asfalto, sterrato compatto e percorsi gravel. Il battistrada dalla geometria versatile garantisce controllo e sicurezza nelle diverse condizioni, il che la rende una soluzione affidabile per i ciclisti alla ricerca di un unico pneumatico in grado di adattarsi ai cambiamenti di terreno.<\/p>\n<p><a href=\"https:\/\/www.anicecommunication.com\/it\/wp-content\/uploads\/sites\/3\/2025\/12\/Aventura-Core-bl-tr-angle-shared_web.jpg\"><img decoding=\"async\" class=\"aligncenter size-full wp-image-23165\" src=\"https:\/\/www.anicecommunication.com\/it\/wp-content\/uploads\/sites\/3\/2025\/12\/Aventura-Core-bl-tr-angle-shared_web.jpg\" alt=\"nuovi pneumatici gravel Vredestein per biciclette - Aventura Core\" width=\"1204\" height=\"638\" srcset=\"https:\/\/www.anicecommunication.com\/it\/wp-content\/uploads\/sites\/3\/2025\/12\/Aventura-Core-bl-tr-angle-shared_web-200x106.jpg 200w, https:\/\/www.anicecommunication.com\/it\/wp-content\/uploads\/sites\/3\/2025\/12\/Aventura-Core-bl-tr-angle-shared_web-300x159.jpg 300w, https:\/\/www.anicecommunication.com\/it\/wp-content\/uploads\/sites\/3\/2025\/12\/Aventura-Core-bl-tr-angle-shared_web-400x212.jpg 400w, https:\/\/www.anicecommunication.com\/it\/wp-content\/uploads\/sites\/3\/2025\/12\/Aventura-Core-bl-tr-angle-shared_web-600x318.jpg 600w, https:\/\/www.anicecommunication.com\/it\/wp-content\/uploads\/sites\/3\/2025\/12\/Aventura-Core-bl-tr-angle-shared_web-768x407.jpg 768w, https:\/\/www.anicecommunication.com\/it\/wp-content\/uploads\/sites\/3\/2025\/12\/Aventura-Core-bl-tr-angle-shared_web-800x424.jpg 800w, https:\/\/www.anicecommunication.com\/it\/wp-content\/uploads\/sites\/3\/2025\/12\/Aventura-Core-bl-tr-angle-shared_web-1024x543.jpg 1024w, https:\/\/www.anicecommunication.com\/it\/wp-content\/uploads\/sites\/3\/2025\/12\/Aventura-Core-bl-tr-angle-shared_web-1200x636.jpg 1200w, https:\/\/www.anicecommunication.com\/it\/wp-content\/uploads\/sites\/3\/2025\/12\/Aventura-Core-bl-tr-angle-shared_web.jpg 1204w\" sizes=\"(max-width: 1204px) 100vw, 1204px\" \/><\/a><\/p>\n<p style=\"text-align: center;\"><em>Vredestein Aventura Core<\/em><\/p>\n<p><strong>Aventura Grezzo Core<\/strong><strong> \u2013 controllo e sicurezza su terreni sconnessi e irregolari<\/strong><\/p>\n<p>La serie Aventura Grezzo Core \u00e8 progettata per i ciclisti che affrontano sabbia, superfici morbide e percorsi off-road impegnativi. Il disegno del battistrada, dal profilo aggressivo, migliora la trazione e la stabilit\u00e0 mantenendo al contempo una scorrevolezza regolare ed efficiente su terreni compatti grazie a un disegno del battistrada centrale a tasselli concatenati. Questo mix di capacit\u00e0 fuoristrada e guidabilit\u00e0 raffinata rende la serie Grezzo Core ideale per lunghi percorsi su terreni impegnativi e in condizioni climatiche variabili.<\/p>\n<p><a href=\"https:\/\/www.anicecommunication.com\/it\/wp-content\/uploads\/sites\/3\/2025\/12\/Aventura-Grezzo-Core-bl-bl-angle-shared_web.jpg\"><img decoding=\"async\" class=\"aligncenter size-full wp-image-23164\" src=\"https:\/\/www.anicecommunication.com\/it\/wp-content\/uploads\/sites\/3\/2025\/12\/Aventura-Grezzo-Core-bl-bl-angle-shared_web.jpg\" alt=\"nuovi pneumatici gravel Vredestein per biciclette - Aventura Grezzo\" width=\"1280\" height=\"693\" srcset=\"https:\/\/www.anicecommunication.com\/it\/wp-content\/uploads\/sites\/3\/2025\/12\/Aventura-Grezzo-Core-bl-bl-angle-shared_web-200x108.jpg 200w, https:\/\/www.anicecommunication.com\/it\/wp-content\/uploads\/sites\/3\/2025\/12\/Aventura-Grezzo-Core-bl-bl-angle-shared_web-300x162.jpg 300w, https:\/\/www.anicecommunication.com\/it\/wp-content\/uploads\/sites\/3\/2025\/12\/Aventura-Grezzo-Core-bl-bl-angle-shared_web-400x217.jpg 400w, https:\/\/www.anicecommunication.com\/it\/wp-content\/uploads\/sites\/3\/2025\/12\/Aventura-Grezzo-Core-bl-bl-angle-shared_web-600x325.jpg 600w, https:\/\/www.anicecommunication.com\/it\/wp-content\/uploads\/sites\/3\/2025\/12\/Aventura-Grezzo-Core-bl-bl-angle-shared_web-768x416.jpg 768w, https:\/\/www.anicecommunication.com\/it\/wp-content\/uploads\/sites\/3\/2025\/12\/Aventura-Grezzo-Core-bl-bl-angle-shared_web-800x433.jpg 800w, https:\/\/www.anicecommunication.com\/it\/wp-content\/uploads\/sites\/3\/2025\/12\/Aventura-Grezzo-Core-bl-bl-angle-shared_web-1024x554.jpg 1024w, https:\/\/www.anicecommunication.com\/it\/wp-content\/uploads\/sites\/3\/2025\/12\/Aventura-Grezzo-Core-bl-bl-angle-shared_web-1200x650.jpg 1200w, https:\/\/www.anicecommunication.com\/it\/wp-content\/uploads\/sites\/3\/2025\/12\/Aventura-Grezzo-Core-bl-bl-angle-shared_web.jpg 1280w\" sizes=\"(max-width: 1280px) 100vw, 1280px\" \/><\/a><\/p>\n<p style=\"text-align: center;\"><em>Vredestein Aventura Grezzo Core<\/em><\/p>\n<p>Disponibile a partire dal 1\u00b0 febbraio 2026, la serie Aventura Core sar\u00e0 proposta nelle misure pi\u00f9 comuni per biciclette gravel:<\/p>\n<ul>\n<li>Aventura Seta Core: 40\/45\/50-622 (nero\/nero, nero\/chiaro)<\/li>\n<li>Aventura Core: 50-584 (nero\/chiaro), 40\/45\/50-622 (nero\/nero, nero\/chiaro)<\/li>\n<li>Aventura Grezzo Core: 50-584 (nero\/chiaro), 40\/45\/50-622(nero\/nero, nero\/chiaro)<\/li>\n<\/ul>\n<p>Nic Knippers, Division Head Vredestein Two Wheel Tyres presso Apollo Tyres Ltd, ha dichiarato: &#8220;La serie Aventura Core segna un&#8217;importante espansione della nostra offerta per biciclette gravel all&#8217;interno della gamma Vredestein. Con l&#8217;introduzione di tre pneumatici appositamente progettati e costruiti su base condivisa e resistente, siamo in grado di supportare al meglio i ciclisti su tutti i tipi di terreni misti, dalle corse ad alta velocit\u00e0 al fuoristrada, fino all\u2019utilizzo quotidiano su superfici miste&#8221;.<\/p>\n<p>Per ulteriori informazioni sulla gamma Vredestein, visitare il sito Web all&#8217;indirizzo: <a href=\"https:\/\/www.vredestein.it\/bicycle-tyres\/products\/2266-AVENTURA\/\">Vredestein-aventura<\/a><\/p>\n<p style=\"text-align: center;\"><em>FINE<\/em><\/p>\n<hr \/>\n<p>8 gennaio 2026<\/p>\n<p><a href=\"https:\/\/www.anicecommunication.it\/Apollo\/260108\/260108_Nuovi_Vredestein_Aventura_Core_Grezzo_Seta.zip\" target=\"_blank\" rel=\"noopener\">Scarica testi e immagini ad alta risoluzione &gt;<\/a><\/p>\n<p><a href=\"https:\/\/www.anicecommunication.com\/it\/anice-experience\/ufficio-stampa-apollo-tyres_vredestein-italia\/\">Anicecommunication Ufficio Stampa Apollo Tyres Italia<\/a><\/p>\n","protected":false},"excerpt":{"rendered":"<p>I nuovi pneumatici gravel Vredestein per biciclette garantiscono velocit\u00e0, durata e valore aggiunto su terreni misti.<\/p>\n","protected":false},"author":1,"featured_media":23164,"comment_status":"closed","ping_status":"closed","sticky":false,"template":"","format":"standard","meta":{"footnotes":""},"categories":[608,467,80],"tags":[2098,2094,2096,2097,2095,2099],"class_list":["post-23163","post","type-post","status-publish","format-standard","has-post-thumbnail","hentry","category-apollo-vredestein","category-press_room","category-blog-anicecommunication","tag-pneumatici-bici-gravel","tag-pneumatici-gravel-vredestein-per-biciclette","tag-vredestein-aventura-core","tag-vredestein-aventura-grezzo","tag-vredestein-aventura-seta-core","tag-vredestein-pneumatici-bici-gravel"],"yoast_head":"<!-- This site is optimized with the Yoast SEO plugin v27.4 - https:\/\/yoast.com\/product\/yoast-seo-wordpress\/ -->\n<title>Nuovi pneumatici gravel Vredestein per biciclette<\/title>\n<meta name=\"description\" content=\"I nuovi pneumatici gravel Vredestein per biciclette garantiscono velocit\u00e0, durata e valore aggiunto su terreni misti.\" \/>\n<meta name=\"robots\" content=\"index, follow, max-snippet:-1, max-image-preview:large, max-video-preview:-1\" \/>\n<link rel=\"canonical\" href=\"https:\/\/www.anicecommunication.com\/it\/nuovi-pneumatici-gravel-vredestein-per-biciclette\/\" \/>\n<meta property=\"og:locale\" content=\"it_IT\" \/>\n<meta property=\"og:type\" content=\"article\" \/>\n<meta property=\"og:title\" content=\"Nuovi pneumatici gravel Vredestein per biciclette\" \/>\n<meta property=\"og:description\" content=\"I nuovi pneumatici gravel Vredestein per biciclette garantiscono velocit\u00e0, durata e valore aggiunto su terreni misti.\" \/>\n<meta property=\"og:url\" content=\"https:\/\/www.anicecommunication.com\/it\/nuovi-pneumatici-gravel-vredestein-per-biciclette\/\" \/>\n<meta property=\"og:site_name\" content=\"IT Anice Communication\" \/>\n<meta property=\"article:publisher\" content=\"https:\/\/www.facebook.com\/anicecommunication\" \/>\n<meta property=\"article:author\" content=\"https:\/\/www.facebook.com\/anicecommunication\" \/>\n<meta property=\"article:published_time\" content=\"2026-01-08T09:10:48+00:00\" \/>\n<meta property=\"og:image\" content=\"https:\/\/www.anicecommunication.com\/it\/wp-content\/uploads\/sites\/3\/2025\/12\/Aventura-Grezzo-Core-bl-bl-angle-shared_web.jpg\" \/>\n\t<meta property=\"og:image:width\" content=\"1280\" \/>\n\t<meta property=\"og:image:height\" content=\"693\" \/>\n\t<meta property=\"og:image:type\" content=\"image\/jpeg\" \/>\n<meta name=\"author\" content=\"Editorial Staff\" \/>\n<meta name=\"twitter:label1\" content=\"Scritto da\" \/>\n\t<meta name=\"twitter:data1\" content=\"Editorial Staff\" \/>\n\t<meta name=\"twitter:label2\" content=\"Tempo di lettura stimato\" \/>\n\t<meta name=\"twitter:data2\" content=\"5 minuti\" \/>\n<script type=\"application\/ld+json\" class=\"yoast-schema-graph\">{\"@context\":\"https:\\\/\\\/schema.org\",\"@graph\":[{\"@type\":\"Article\",\"@id\":\"https:\\\/\\\/www.anicecommunication.com\\\/it\\\/nuovi-pneumatici-gravel-vredestein-per-biciclette\\\/#article\",\"isPartOf\":{\"@id\":\"https:\\\/\\\/www.anicecommunication.com\\\/it\\\/nuovi-pneumatici-gravel-vredestein-per-biciclette\\\/\"},\"author\":{\"name\":\"Editorial Staff\",\"@id\":\"https:\\\/\\\/www.anicecommunication.com\\\/it\\\/#\\\/schema\\\/person\\\/d8f9046f11c2ab1ff15f1d0d580184d8\"},\"headline\":\"Nuovi pneumatici gravel Vredestein per biciclette\",\"datePublished\":\"2026-01-08T09:10:48+00:00\",\"mainEntityOfPage\":{\"@id\":\"https:\\\/\\\/www.anicecommunication.com\\\/it\\\/nuovi-pneumatici-gravel-vredestein-per-biciclette\\\/\"},\"wordCount\":640,\"publisher\":{\"@id\":\"https:\\\/\\\/www.anicecommunication.com\\\/it\\\/#organization\"},\"image\":{\"@id\":\"https:\\\/\\\/www.anicecommunication.com\\\/it\\\/nuovi-pneumatici-gravel-vredestein-per-biciclette\\\/#primaryimage\"},\"thumbnailUrl\":\"https:\\\/\\\/www.anicecommunication.com\\\/it\\\/wp-content\\\/uploads\\\/sites\\\/3\\\/2025\\\/12\\\/Aventura-Grezzo-Core-bl-bl-angle-shared_web.jpg\",\"keywords\":[\"pneumatici bici gravel\",\"pneumatici gravel Vredestein per biciclette\",\"Vredestein Aventura Core\",\"Vredestein Aventura Grezzo\",\"Vredestein Aventura Seta Core\",\"Vredestein pneumatici bici gravel\"],\"articleSection\":[\"Apollo Tyres | Vredestein\",\"Press Room\",\"What A Nice Blog!\"],\"inLanguage\":\"it-IT\"},{\"@type\":\"WebPage\",\"@id\":\"https:\\\/\\\/www.anicecommunication.com\\\/it\\\/nuovi-pneumatici-gravel-vredestein-per-biciclette\\\/\",\"url\":\"https:\\\/\\\/www.anicecommunication.com\\\/it\\\/nuovi-pneumatici-gravel-vredestein-per-biciclette\\\/\",\"name\":\"Nuovi pneumatici gravel Vredestein per biciclette\",\"isPartOf\":{\"@id\":\"https:\\\/\\\/www.anicecommunication.com\\\/it\\\/#website\"},\"primaryImageOfPage\":{\"@id\":\"https:\\\/\\\/www.anicecommunication.com\\\/it\\\/nuovi-pneumatici-gravel-vredestein-per-biciclette\\\/#primaryimage\"},\"image\":{\"@id\":\"https:\\\/\\\/www.anicecommunication.com\\\/it\\\/nuovi-pneumatici-gravel-vredestein-per-biciclette\\\/#primaryimage\"},\"thumbnailUrl\":\"https:\\\/\\\/www.anicecommunication.com\\\/it\\\/wp-content\\\/uploads\\\/sites\\\/3\\\/2025\\\/12\\\/Aventura-Grezzo-Core-bl-bl-angle-shared_web.jpg\",\"datePublished\":\"2026-01-08T09:10:48+00:00\",\"description\":\"I nuovi pneumatici gravel Vredestein per biciclette garantiscono velocit\u00e0, durata e valore aggiunto su terreni misti.\",\"breadcrumb\":{\"@id\":\"https:\\\/\\\/www.anicecommunication.com\\\/it\\\/nuovi-pneumatici-gravel-vredestein-per-biciclette\\\/#breadcrumb\"},\"inLanguage\":\"it-IT\",\"potentialAction\":[{\"@type\":\"ReadAction\",\"target\":[\"https:\\\/\\\/www.anicecommunication.com\\\/it\\\/nuovi-pneumatici-gravel-vredestein-per-biciclette\\\/\"]}]},{\"@type\":\"ImageObject\",\"inLanguage\":\"it-IT\",\"@id\":\"https:\\\/\\\/www.anicecommunication.com\\\/it\\\/nuovi-pneumatici-gravel-vredestein-per-biciclette\\\/#primaryimage\",\"url\":\"https:\\\/\\\/www.anicecommunication.com\\\/it\\\/wp-content\\\/uploads\\\/sites\\\/3\\\/2025\\\/12\\\/Aventura-Grezzo-Core-bl-bl-angle-shared_web.jpg\",\"contentUrl\":\"https:\\\/\\\/www.anicecommunication.com\\\/it\\\/wp-content\\\/uploads\\\/sites\\\/3\\\/2025\\\/12\\\/Aventura-Grezzo-Core-bl-bl-angle-shared_web.jpg\",\"width\":1280,\"height\":693,\"caption\":\"nuovi pneumatici gravel Vredestein per biciclette - Aventura Grezzo\"},{\"@type\":\"BreadcrumbList\",\"@id\":\"https:\\\/\\\/www.anicecommunication.com\\\/it\\\/nuovi-pneumatici-gravel-vredestein-per-biciclette\\\/#breadcrumb\",\"itemListElement\":[{\"@type\":\"ListItem\",\"position\":1,\"name\":\"Home\",\"item\":\"https:\\\/\\\/www.anicecommunication.com\\\/it\\\/\"},{\"@type\":\"ListItem\",\"position\":2,\"name\":\"Nuovi pneumatici gravel Vredestein per biciclette\"}]},{\"@type\":\"WebSite\",\"@id\":\"https:\\\/\\\/www.anicecommunication.com\\\/it\\\/#website\",\"url\":\"https:\\\/\\\/www.anicecommunication.com\\\/it\\\/\",\"name\":\"IT Anice Communication\",\"description\":\"Anicecommunication agenzia di pubbliche relazioni,  ufficio stampa, media relations, automotive e mobility a livello internazionale - Torino\",\"publisher\":{\"@id\":\"https:\\\/\\\/www.anicecommunication.com\\\/it\\\/#organization\"},\"potentialAction\":[{\"@type\":\"SearchAction\",\"target\":{\"@type\":\"EntryPoint\",\"urlTemplate\":\"https:\\\/\\\/www.anicecommunication.com\\\/it\\\/?s={search_term_string}\"},\"query-input\":{\"@type\":\"PropertyValueSpecification\",\"valueRequired\":true,\"valueName\":\"search_term_string\"}}],\"inLanguage\":\"it-IT\"},{\"@type\":\"Organization\",\"@id\":\"https:\\\/\\\/www.anicecommunication.com\\\/it\\\/#organization\",\"name\":\"Anice SRL - Agenzia di comunicazione, mobility and automotive media relations & PR in Italia, Europa\",\"alternateName\":\"Anicecommunication\",\"url\":\"https:\\\/\\\/www.anicecommunication.com\\\/it\\\/\",\"logo\":{\"@type\":\"ImageObject\",\"inLanguage\":\"it-IT\",\"@id\":\"https:\\\/\\\/www.anicecommunication.com\\\/it\\\/#\\\/schema\\\/logo\\\/image\\\/\",\"url\":\"https:\\\/\\\/www.anicecommunication.com\\\/it\\\/wp-content\\\/uploads\\\/sites\\\/3\\\/2023\\\/06\\\/Anice_696x696.jpg\",\"contentUrl\":\"https:\\\/\\\/www.anicecommunication.com\\\/it\\\/wp-content\\\/uploads\\\/sites\\\/3\\\/2023\\\/06\\\/Anice_696x696.jpg\",\"width\":696,\"height\":696,\"caption\":\"Anice SRL - Agenzia di comunicazione, mobility and automotive media relations & PR in Italia, Europa\"},\"image\":{\"@id\":\"https:\\\/\\\/www.anicecommunication.com\\\/it\\\/#\\\/schema\\\/logo\\\/image\\\/\"},\"sameAs\":[\"https:\\\/\\\/www.facebook.com\\\/anicecommunication\",\"https:\\\/\\\/x.com\\\/Anicecom\",\"https:\\\/\\\/instagram.com\\\/anicecom\\\/\",\"https:\\\/\\\/www.linkedin.com\\\/company\\\/anice-s-r-l-\"]},{\"@type\":\"Person\",\"@id\":\"https:\\\/\\\/www.anicecommunication.com\\\/it\\\/#\\\/schema\\\/person\\\/d8f9046f11c2ab1ff15f1d0d580184d8\",\"name\":\"Editorial Staff\",\"image\":{\"@type\":\"ImageObject\",\"inLanguage\":\"it-IT\",\"@id\":\"https:\\\/\\\/secure.gravatar.com\\\/avatar\\\/62128a8e64953c282b330a12e5b592d8bc5d299b46ab0e6928129ae0d79e528a?s=96&d=mm&r=g\",\"url\":\"https:\\\/\\\/secure.gravatar.com\\\/avatar\\\/62128a8e64953c282b330a12e5b592d8bc5d299b46ab0e6928129ae0d79e528a?s=96&d=mm&r=g\",\"contentUrl\":\"https:\\\/\\\/secure.gravatar.com\\\/avatar\\\/62128a8e64953c282b330a12e5b592d8bc5d299b46ab0e6928129ae0d79e528a?s=96&d=mm&r=g\",\"caption\":\"Editorial Staff\"},\"description\":\"La redazione di Anicecommunication \u00e8 composta da giornalisti, esperti di comunicazione e marketing, content manager e storyteller.\",\"sameAs\":[\"http:\\\/\\\/www.anicecommunication.com\",\"https:\\\/\\\/www.facebook.com\\\/anicecommunication\",\"https:\\\/\\\/x.com\\\/anicecom\"]}]}<\/script>\n<!-- \/ Yoast SEO plugin. -->","yoast_head_json":{"title":"Nuovi pneumatici gravel Vredestein per biciclette","description":"I nuovi pneumatici gravel Vredestein per biciclette garantiscono velocit\u00e0, durata e valore aggiunto su terreni misti.","robots":{"index":"index","follow":"follow","max-snippet":"max-snippet:-1","max-image-preview":"max-image-preview:large","max-video-preview":"max-video-preview:-1"},"canonical":"https:\/\/www.anicecommunication.com\/it\/nuovi-pneumatici-gravel-vredestein-per-biciclette\/","og_locale":"it_IT","og_type":"article","og_title":"Nuovi pneumatici gravel Vredestein per biciclette","og_description":"I nuovi pneumatici gravel Vredestein per biciclette garantiscono velocit\u00e0, durata e valore aggiunto su terreni misti.","og_url":"https:\/\/www.anicecommunication.com\/it\/nuovi-pneumatici-gravel-vredestein-per-biciclette\/","og_site_name":"IT Anice Communication","article_publisher":"https:\/\/www.facebook.com\/anicecommunication","article_author":"https:\/\/www.facebook.com\/anicecommunication","article_published_time":"2026-01-08T09:10:48+00:00","og_image":[{"width":1280,"height":693,"url":"https:\/\/www.anicecommunication.com\/it\/wp-content\/uploads\/sites\/3\/2025\/12\/Aventura-Grezzo-Core-bl-bl-angle-shared_web.jpg","type":"image\/jpeg"}],"author":"Editorial Staff","twitter_misc":{"Scritto da":"Editorial Staff","Tempo di lettura stimato":"5 minuti"},"schema":{"@context":"https:\/\/schema.org","@graph":[{"@type":"Article","@id":"https:\/\/www.anicecommunication.com\/it\/nuovi-pneumatici-gravel-vredestein-per-biciclette\/#article","isPartOf":{"@id":"https:\/\/www.anicecommunication.com\/it\/nuovi-pneumatici-gravel-vredestein-per-biciclette\/"},"author":{"name":"Editorial Staff","@id":"https:\/\/www.anicecommunication.com\/it\/#\/schema\/person\/d8f9046f11c2ab1ff15f1d0d580184d8"},"headline":"Nuovi pneumatici gravel Vredestein per biciclette","datePublished":"2026-01-08T09:10:48+00:00","mainEntityOfPage":{"@id":"https:\/\/www.anicecommunication.com\/it\/nuovi-pneumatici-gravel-vredestein-per-biciclette\/"},"wordCount":640,"publisher":{"@id":"https:\/\/www.anicecommunication.com\/it\/#organization"},"image":{"@id":"https:\/\/www.anicecommunication.com\/it\/nuovi-pneumatici-gravel-vredestein-per-biciclette\/#primaryimage"},"thumbnailUrl":"https:\/\/www.anicecommunication.com\/it\/wp-content\/uploads\/sites\/3\/2025\/12\/Aventura-Grezzo-Core-bl-bl-angle-shared_web.jpg","keywords":["pneumatici bici gravel","pneumatici gravel Vredestein per biciclette","Vredestein Aventura Core","Vredestein Aventura Grezzo","Vredestein Aventura Seta Core","Vredestein pneumatici bici gravel"],"articleSection":["Apollo Tyres | Vredestein","Press Room","What A Nice Blog!"],"inLanguage":"it-IT"},{"@type":"WebPage","@id":"https:\/\/www.anicecommunication.com\/it\/nuovi-pneumatici-gravel-vredestein-per-biciclette\/","url":"https:\/\/www.anicecommunication.com\/it\/nuovi-pneumatici-gravel-vredestein-per-biciclette\/","name":"Nuovi pneumatici gravel Vredestein per biciclette","isPartOf":{"@id":"https:\/\/www.anicecommunication.com\/it\/#website"},"primaryImageOfPage":{"@id":"https:\/\/www.anicecommunication.com\/it\/nuovi-pneumatici-gravel-vredestein-per-biciclette\/#primaryimage"},"image":{"@id":"https:\/\/www.anicecommunication.com\/it\/nuovi-pneumatici-gravel-vredestein-per-biciclette\/#primaryimage"},"thumbnailUrl":"https:\/\/www.anicecommunication.com\/it\/wp-content\/uploads\/sites\/3\/2025\/12\/Aventura-Grezzo-Core-bl-bl-angle-shared_web.jpg","datePublished":"2026-01-08T09:10:48+00:00","description":"I nuovi pneumatici gravel Vredestein per biciclette garantiscono velocit\u00e0, durata e valore aggiunto su terreni misti.","breadcrumb":{"@id":"https:\/\/www.anicecommunication.com\/it\/nuovi-pneumatici-gravel-vredestein-per-biciclette\/#breadcrumb"},"inLanguage":"it-IT","potentialAction":[{"@type":"ReadAction","target":["https:\/\/www.anicecommunication.com\/it\/nuovi-pneumatici-gravel-vredestein-per-biciclette\/"]}]},{"@type":"ImageObject","inLanguage":"it-IT","@id":"https:\/\/www.anicecommunication.com\/it\/nuovi-pneumatici-gravel-vredestein-per-biciclette\/#primaryimage","url":"https:\/\/www.anicecommunication.com\/it\/wp-content\/uploads\/sites\/3\/2025\/12\/Aventura-Grezzo-Core-bl-bl-angle-shared_web.jpg","contentUrl":"https:\/\/www.anicecommunication.com\/it\/wp-content\/uploads\/sites\/3\/2025\/12\/Aventura-Grezzo-Core-bl-bl-angle-shared_web.jpg","width":1280,"height":693,"caption":"nuovi pneumatici gravel Vredestein per biciclette - Aventura Grezzo"},{"@type":"BreadcrumbList","@id":"https:\/\/www.anicecommunication.com\/it\/nuovi-pneumatici-gravel-vredestein-per-biciclette\/#breadcrumb","itemListElement":[{"@type":"ListItem","position":1,"name":"Home","item":"https:\/\/www.anicecommunication.com\/it\/"},{"@type":"ListItem","position":2,"name":"Nuovi pneumatici gravel Vredestein per biciclette"}]},{"@type":"WebSite","@id":"https:\/\/www.anicecommunication.com\/it\/#website","url":"https:\/\/www.anicecommunication.com\/it\/","name":"IT Anice Communication","description":"Anicecommunication agenzia di pubbliche relazioni,  ufficio stampa, media relations, automotive e mobility a livello internazionale - Torino","publisher":{"@id":"https:\/\/www.anicecommunication.com\/it\/#organization"},"potentialAction":[{"@type":"SearchAction","target":{"@type":"EntryPoint","urlTemplate":"https:\/\/www.anicecommunication.com\/it\/?s={search_term_string}"},"query-input":{"@type":"PropertyValueSpecification","valueRequired":true,"valueName":"search_term_string"}}],"inLanguage":"it-IT"},{"@type":"Organization","@id":"https:\/\/www.anicecommunication.com\/it\/#organization","name":"Anice SRL - Agenzia di comunicazione, mobility and automotive media relations & PR in Italia, Europa","alternateName":"Anicecommunication","url":"https:\/\/www.anicecommunication.com\/it\/","logo":{"@type":"ImageObject","inLanguage":"it-IT","@id":"https:\/\/www.anicecommunication.com\/it\/#\/schema\/logo\/image\/","url":"https:\/\/www.anicecommunication.com\/it\/wp-content\/uploads\/sites\/3\/2023\/06\/Anice_696x696.jpg","contentUrl":"https:\/\/www.anicecommunication.com\/it\/wp-content\/uploads\/sites\/3\/2023\/06\/Anice_696x696.jpg","width":696,"height":696,"caption":"Anice SRL - Agenzia di comunicazione, mobility and automotive media relations & PR in Italia, Europa"},"image":{"@id":"https:\/\/www.anicecommunication.com\/it\/#\/schema\/logo\/image\/"},"sameAs":["https:\/\/www.facebook.com\/anicecommunication","https:\/\/x.com\/Anicecom","https:\/\/instagram.com\/anicecom\/","https:\/\/www.linkedin.com\/company\/anice-s-r-l-"]},{"@type":"Person","@id":"https:\/\/www.anicecommunication.com\/it\/#\/schema\/person\/d8f9046f11c2ab1ff15f1d0d580184d8","name":"Editorial Staff","image":{"@type":"ImageObject","inLanguage":"it-IT","@id":"https:\/\/secure.gravatar.com\/avatar\/62128a8e64953c282b330a12e5b592d8bc5d299b46ab0e6928129ae0d79e528a?s=96&d=mm&r=g","url":"https:\/\/secure.gravatar.com\/avatar\/62128a8e64953c282b330a12e5b592d8bc5d299b46ab0e6928129ae0d79e528a?s=96&d=mm&r=g","contentUrl":"https:\/\/secure.gravatar.com\/avatar\/62128a8e64953c282b330a12e5b592d8bc5d299b46ab0e6928129ae0d79e528a?s=96&d=mm&r=g","caption":"Editorial Staff"},"description":"La redazione di Anicecommunication \u00e8 composta da giornalisti, esperti di comunicazione e marketing, content manager e storyteller.","sameAs":["http:\/\/www.anicecommunication.com","https:\/\/www.facebook.com\/anicecommunication","https:\/\/x.com\/anicecom"]}]}},"_links":{"self":[{"href":"https:\/\/www.anicecommunication.com\/it\/wp-json\/wp\/v2\/posts\/23163","targetHints":{"allow":["GET"]}}],"collection":[{"href":"https:\/\/www.anicecommunication.com\/it\/wp-json\/wp\/v2\/posts"}],"about":[{"href":"https:\/\/www.anicecommunication.com\/it\/wp-json\/wp\/v2\/types\/post"}],"author":[{"embeddable":true,"href":"https:\/\/www.anicecommunication.com\/it\/wp-json\/wp\/v2\/users\/1"}],"replies":[{"embeddable":true,"href":"https:\/\/www.anicecommunication.com\/it\/wp-json\/wp\/v2\/comments?post=23163"}],"version-history":[{"count":1,"href":"https:\/\/www.anicecommunication.com\/it\/wp-json\/wp\/v2\/posts\/23163\/revisions"}],"predecessor-version":[{"id":23167,"href":"https:\/\/www.anicecommunication.com\/it\/wp-json\/wp\/v2\/posts\/23163\/revisions\/23167"}],"wp:featuredmedia":[{"embeddable":true,"href":"https:\/\/www.anicecommunication.com\/it\/wp-json\/wp\/v2\/media\/23164"}],"wp:attachment":[{"href":"https:\/\/www.anicecommunication.com\/it\/wp-json\/wp\/v2\/media?parent=23163"}],"wp:term":[{"taxonomy":"category","embeddable":true,"href":"https:\/\/www.anicecommunication.com\/it\/wp-json\/wp\/v2\/categories?post=23163"},{"taxonomy":"post_tag","embeddable":true,"href":"https:\/\/www.anicecommunication.com\/it\/wp-json\/wp\/v2\/tags?post=23163"}],"curies":[{"name":"wp","href":"https:\/\/api.w.org\/{rel}","templated":true}]}}