{"id":23334,"date":"2026-03-10T12:54:08","date_gmt":"2026-03-10T11:54:08","guid":{"rendered":"https:\/\/www.anicecommunication.com\/it\/?p=23334"},"modified":"2026-03-10T12:54:08","modified_gmt":"2026-03-10T11:54:08","slug":"il-nuovo-pneumatico-all-season-di-vredestein-debutta-con-una-struttura-e-materiali-innovativi","status":"publish","type":"post","link":"https:\/\/www.anicecommunication.com\/it\/il-nuovo-pneumatico-all-season-di-vredestein-debutta-con-una-struttura-e-materiali-innovativi\/","title":{"rendered":"Il nuovo pneumatico all-season di Vredestein debutta con una struttura e materiali innovativi"},"content":{"rendered":"<p>Progettato come un prodotto rivoluzionario e ad alte prestazioni, capace di affrontare ogni condizione, <strong>Quatrac Pro 2<\/strong> rappresenta un importante passo avanti per il marchio Vredestein.<\/p>\n<p><!--more--><\/p>\n<ul>\n<li><strong>Design del battistrada direzionale con lamelle 3D ad incastro per una maggiore resistenza all&#8217;aquaplaning e una tenuta su asciutto ottimizzata<\/strong><\/li>\n<li><strong>La mescola di nuova generazione include resine e polimeri esclusivi e una tecnologia multi-filler all&#8217;avanguardia per una migliore trazione e resistenza all&#8217;usura<\/strong><\/li>\n<li><strong>Certificato 3PMSF, con prestazioni sulla neve ai vertici della categoria<\/strong><\/li>\n<li><strong>La struttura pi\u00f9 leggera riduce la resistenza al rotolamento per migliorare l&#8217;efficienza e l&#8217;autonomia dei veicoli elettrici<\/strong><\/li>\n<li><strong>L&#8217;equilibrio ottimizzato tra la rigidit\u00e0 della zona tallone e il disegno della cintura garantisce una migliore stabilit\u00e0 in curva e un maggiore controllo laterale, senza compromettere il comfort di guida<\/strong>.<\/li>\n<li><strong>Una delle gamme all-season pi\u00f9 complete sul mercato, per cerchi fino a 24 pollici e la pi\u00f9 ampia scelta di larghezze di sezione nel segmento.<\/strong><\/li>\n<\/ul>\n<p>Il nuovo Vredestein Quatrac Pro 2, pneumatico all-season ultra-high-performance (UHP), che debutter\u00e0 quest\u2019estate, sar\u00e0 dotato di una nuova mescola e di una struttura altamente innovativa per offrire un livello senza precedenti di sicurezza, prestazioni ed efficienza su asciutto, bagnato e neve.<\/p>\n<p>Progettato come un prodotto rivoluzionario e ad alte prestazioni, capace di affrontare ogni condizione, <strong>Quatrac Pro 2<\/strong> rappresenta un importante passo avanti per il marchio Vredestein, pioniere nel segmento degli pneumatici all-season fin dai primi anni \u201990.<\/p>\n<p>Il nuovo pneumatico \u00e8 stato progettato e sviluppato da Apollo Tyres Ltd presso il suo Global R&amp;D Centre nei Paesi Bassi e sar\u00e0 prodotto nello stabilimento all&#8217;avanguardia dell&#8217;azienda in Ungheria.<\/p>\n<p>Anzich\u00e9 partire da un progetto esistente, gli ingegneri di Apollo Tyres hanno scelto un approccio di sviluppo completamente inedito, ripensando al battistrada, ai materiali e alla struttura per superare i limiti tradizionalmente associati agli pneumatici all-season ad alte prestazioni.<\/p>\n<p><a href=\"https:\/\/www.anicecommunication.com\/it\/wp-content\/uploads\/sites\/3\/2026\/03\/260310_Vredestein_Quatrac_Pro2_02_1280.jpg\"><img decoding=\"async\" class=\"aligncenter size-full wp-image-23336\" src=\"https:\/\/www.anicecommunication.com\/it\/wp-content\/uploads\/sites\/3\/2026\/03\/260310_Vredestein_Quatrac_Pro2_02_1280.jpg\" alt=\"\" width=\"1280\" height=\"960\" srcset=\"https:\/\/www.anicecommunication.com\/it\/wp-content\/uploads\/sites\/3\/2026\/03\/260310_Vredestein_Quatrac_Pro2_02_1280-200x150.jpg 200w, https:\/\/www.anicecommunication.com\/it\/wp-content\/uploads\/sites\/3\/2026\/03\/260310_Vredestein_Quatrac_Pro2_02_1280-300x225.jpg 300w, https:\/\/www.anicecommunication.com\/it\/wp-content\/uploads\/sites\/3\/2026\/03\/260310_Vredestein_Quatrac_Pro2_02_1280-400x300.jpg 400w, https:\/\/www.anicecommunication.com\/it\/wp-content\/uploads\/sites\/3\/2026\/03\/260310_Vredestein_Quatrac_Pro2_02_1280-600x450.jpg 600w, https:\/\/www.anicecommunication.com\/it\/wp-content\/uploads\/sites\/3\/2026\/03\/260310_Vredestein_Quatrac_Pro2_02_1280-768x576.jpg 768w, https:\/\/www.anicecommunication.com\/it\/wp-content\/uploads\/sites\/3\/2026\/03\/260310_Vredestein_Quatrac_Pro2_02_1280-800x600.jpg 800w, https:\/\/www.anicecommunication.com\/it\/wp-content\/uploads\/sites\/3\/2026\/03\/260310_Vredestein_Quatrac_Pro2_02_1280-1024x768.jpg 1024w, https:\/\/www.anicecommunication.com\/it\/wp-content\/uploads\/sites\/3\/2026\/03\/260310_Vredestein_Quatrac_Pro2_02_1280-1200x900.jpg 1200w, https:\/\/www.anicecommunication.com\/it\/wp-content\/uploads\/sites\/3\/2026\/03\/260310_Vredestein_Quatrac_Pro2_02_1280.jpg 1280w\" sizes=\"(max-width: 1280px) 100vw, 1280px\" \/><\/a><\/p>\n<p><strong>Nuovo design direzionale del battistrada <\/strong><\/p>\n<p>Il nuovo design direzionale del battistrada, sviluppato specificamente per l&#8217;uso all-season ad alte prestazioni, presenta scanalature longitudinali e un disegno a V. Questa configurazione migliora la resistenza all&#8217;aquaplaning, contribuisce a ridurre la rumorosit\u00e0 esterna e assicura un\u2019eccellente maneggevolezza.<\/p>\n<p>Le scanalature longitudinali aumentano la resistenza all\u2019aquaplaning favorendo un efficace deflusso dell\u2019acqua, mentre le scanalature laterali, appositamente sagomate, contribuiscono a mantenere l\u2019equilibrio tra prestazioni sul bagnato e trazione affidabile nelle condizioni tipiche dell\u2019inverno.<\/p>\n<p>La solida nervatura centrale migliora la precisione di sterzo su superfici asciutte e massimizza la stabilit\u00e0 in frenata in ogni situazione del manto stradale. Le lamelle 3D ad incastro nella spalla assicurano una migliore aderenza sulla neve, preservando al contempo la stabilit\u00e0 del battistrada su asciutto e bagnato. La disposizione multi\u2011pitch dei blocchi del battistrada riduce la rumorosit\u00e0 di rotolamento, un vantaggio particolarmente apprezzato per i veicoli elettrici e ibridi.<\/p>\n<p>Inoltre, il Quatrac Pro 2 ottiene la classe A dell&#8217;etichetta europea per la rumorosit\u00e0 esterna sull&#8217;intera gamma.<\/p>\n<p><strong>Mescola di nuova generazione per elevata aderenza e bassa resistenza al rotolamento<\/strong><\/p>\n<p>Al centro delle prestazioni del Quatrac Pro 2 c&#8217;\u00e8 una mescola di trazione di nuova generazione che combina una selezione esclusiva di resine e polimeri con una tecnologia multi-filler avanzata. Il risultato \u00e8 uno pneumatico in grado di esprimere le massime prestazioni in un ampio intervallo di temperature, con particolare attenzione alla frenata sul bagnato.<\/p>\n<p>La nuova mescola \u00e8 stata progettata per coniugare flessibilit\u00e0 alle basse temperature e stabilit\u00e0 alle alte temperature, garantendo aderenza e trazione affidabili in climi freddi e su fondi bagnati, gelati o innevati. In condizioni di caldo e su fondi asciutti, la mescola mantiene la propria rigidit\u00e0, resistendo all&#8217;usura e garantendo aderenza e tenuta di guida costanti. Questo equilibrio contribuisce a una maggiore durabilit\u00e0 dello pneumatico, assicurando prestazioni prevedibili e affidabili in ogni stagione.<\/p>\n<p>Lo pneumatico riporta il marchio \u201cThree Peak Mountain Snowflake\u201d (3PMSF), che attesta la conformit\u00e0 agli standard internazionali UN per le prestazioni invernali e le eccellenti capacit\u00e0 di tenuta sulla neve.<\/p>\n<p>La nuova mescola, in sinergia con il design del battistrada, \u00e8 stata ottimizzata per rispondere alle esigenze specifiche dei veicoli elettrici e ibridi, garantendo aderenza costante e stabilit\u00e0 del battistrada anche a fronte del maggiore peso dei sistemi a batteria e dell\u2019elevata coppia immediatamente disponibile dei motori elettrici.<\/p>\n<p><a href=\"https:\/\/www.anicecommunication.com\/it\/wp-content\/uploads\/sites\/3\/2026\/03\/260310_Vredestein_Quatrac_Pro2_01_1280.jpg\"><img decoding=\"async\" class=\"aligncenter size-full wp-image-23335\" src=\"https:\/\/www.anicecommunication.com\/it\/wp-content\/uploads\/sites\/3\/2026\/03\/260310_Vredestein_Quatrac_Pro2_01_1280.jpg\" alt=\"\" width=\"1280\" height=\"960\" srcset=\"https:\/\/www.anicecommunication.com\/it\/wp-content\/uploads\/sites\/3\/2026\/03\/260310_Vredestein_Quatrac_Pro2_01_1280-200x150.jpg 200w, https:\/\/www.anicecommunication.com\/it\/wp-content\/uploads\/sites\/3\/2026\/03\/260310_Vredestein_Quatrac_Pro2_01_1280-300x225.jpg 300w, https:\/\/www.anicecommunication.com\/it\/wp-content\/uploads\/sites\/3\/2026\/03\/260310_Vredestein_Quatrac_Pro2_01_1280-400x300.jpg 400w, https:\/\/www.anicecommunication.com\/it\/wp-content\/uploads\/sites\/3\/2026\/03\/260310_Vredestein_Quatrac_Pro2_01_1280-600x450.jpg 600w, https:\/\/www.anicecommunication.com\/it\/wp-content\/uploads\/sites\/3\/2026\/03\/260310_Vredestein_Quatrac_Pro2_01_1280-768x576.jpg 768w, https:\/\/www.anicecommunication.com\/it\/wp-content\/uploads\/sites\/3\/2026\/03\/260310_Vredestein_Quatrac_Pro2_01_1280-800x600.jpg 800w, https:\/\/www.anicecommunication.com\/it\/wp-content\/uploads\/sites\/3\/2026\/03\/260310_Vredestein_Quatrac_Pro2_01_1280-1024x768.jpg 1024w, https:\/\/www.anicecommunication.com\/it\/wp-content\/uploads\/sites\/3\/2026\/03\/260310_Vredestein_Quatrac_Pro2_01_1280-1200x900.jpg 1200w, https:\/\/www.anicecommunication.com\/it\/wp-content\/uploads\/sites\/3\/2026\/03\/260310_Vredestein_Quatrac_Pro2_01_1280.jpg 1280w\" sizes=\"(max-width: 1280px) 100vw, 1280px\" \/><\/a><\/p>\n<p><strong>Struttura innovativa per stabilit\u00e0 e precisione<\/strong><\/p>\n<p>L&#8217;obiettivo degli ingegneri di Apollo Tyres era quello di garantire al Quatrac Pro 2 elevati livelli di stabilit\u00e0 in curva, precisione di guida e sicurezza, senza rinunciare al comfort di guida. Saper trovare il giusto equilibrio tra caratteristiche tradizionalmente in contrasto tra loro \u00e8 ci\u00f2 che distingue questo pneumatico dagli altri prodotti all-season ultra-high-performance.<\/p>\n<p>Parallelamente allo sviluppo della mescola, la struttura del Vredestein Quatrac Pro 2 \u00e8 stata interamente ripensata e ridisegnata. Rispetto agli pneumatici del segmento all-season, si registrano differenze significative negli elementi strutturali.<\/p>\n<p>Il Quatrac Pro 2 adotta una zona tallone pi\u00f9 rigida, con un profilo rastremato a doppia conicit\u00e0, per garantire un ancoraggio costante e preciso al cerchio anche durante le manovre ad alta velocit\u00e0. Il nuovo profilo della zona tallone distribuisce le forze in modo pi\u00f9 uniforme sull&#8217;intera struttura dello pneumatico, migliorando il comfort di guida e la precisione dello sterzo.<\/p>\n<p>A completare il pacchetto strutturale, il Quatrac Pro 2 integra una cintura dedicata per ottimizzare l&#8217;impronta a terra e aumentare la percorrenza chilometrica. Nelle configurazioni a montaggio misto, lo pneumatico garantisce maggiore precisione di sterzata sull&#8217;avantreno e migliore stabilit\u00e0 sul retrotreno.<\/p>\n<p>&#8220;Il Quatrac Pro 2 ha superato gli obiettivi prestazionali estremamente ambiziosi che ci eravamo prefissati in fase di sviluppo, offrendo un&#8217;aderenza superiore sul bagnato, eccellenti prestazioni sulla neve, bassa resistenza al rotolamento e un&#8217;elevata percorrenza chilometrica,&#8221; afferma Daniele Lorenzetti, Chief Technology Officer di Apollo Tyres Ltd. &#8220;Concentrandoci sui principi fondamentali del comportamento dello pneumatico e ripensando il disegno del battistrada, i materiali e la struttura, abbiamo creato uno pneumatico all-season orientato alle prestazioni che offre stabilit\u00e0, durata e aderenza in tutte le stagioni, con le migliori performance sul bagnato della categoria&#8221;.<\/p>\n<p>&#8220;Partendo dai fondamentali del comportamento del pneumatico e ripensando il design del battistrada, i materiali e la struttura, abbiamo creato uno pneumatico all-season orientato alle prestazioni, capace di coniugare stabilit\u00e0, durata, aderenza in ogni stagione, con le migliori prestazioni sul bagnato della categoria.&#8221;<\/p>\n<p>Quatrac Pro 2 sar\u00e0 disponibile in un&#8217;ampia gamma di misure per cerchi da 17 a 24 pollici. A conferma della sua vocazione sportiva, lo pneumatico sar\u00e0 disponibile anche con larghezze fino a 355 mm, offrendo una soluzione unica per i veicoli pi\u00f9 potenti.<\/p>\n<p>La gamma include pneumatici con indice di velocit\u00e0 fino a &#8220;Y&#8221; (300 km\/h), a conferma del posizionamento del Quatrac Pro 2 al vertice della categoria UHP all-season. La versione ad alto indice di carico (HL) sar\u00e0 disponibile su misure selezionate.<\/p>\n<p>Per ulteriori informazioni sulla gamma Vredestein, visitare il sito web <a href=\"https:\/\/www.vredestein.it\/\">Vredestein.it<\/a><\/p>\n<p style=\"text-align: center;\">\u2013\u00a0<em>FINE<\/em>\u00a0\u2013<\/p>\n<hr \/>\n<p>10 marzo 2026<\/p>\n<p><a href=\"https:\/\/www.anicecommunication.it\/Apollo\/260310\/260310_Vredestein_Quatrac_Pro2.zip\" target=\"_blank\" rel=\"noopener\">Scarica testi e immagini ad alta risoluzione &gt;<\/a><\/p>\n<p><a href=\"https:\/\/www.anicecommunication.com\/it\/anice-experience\/ufficio-stampa-apollo-tyres_vredestein-italia\/\">Anicecommunication Ufficio Stampa Apollo Tyres Italia<\/a><\/p>\n","protected":false},"excerpt":{"rendered":"<p>Progettato come un prodotto rivoluzionario e ad alte prestazioni, capace di affrontare ogni condizione, Quatrac Pro 2 rappresenta un importante passo avanti per il marchio Vredestein.<\/p>\n","protected":false},"author":1,"featured_media":23336,"comment_status":"closed","ping_status":"closed","sticky":false,"template":"","format":"standard","meta":{"footnotes":""},"categories":[608,66,467,80],"tags":[719,1184,641,2139,2140,2137],"class_list":["post-23334","post","type-post","status-publish","format-standard","has-post-thumbnail","hentry","category-apollo-vredestein","category-ufficio_stampa","category-press_room","category-blog-anicecommunication","tag-apollo-tyres","tag-apollo-tyres-pneumatici","tag-apollo-vredestein","tag-innovazione-pneumatici","tag-nuovo-quatrac-pro-2","tag-vredestein-quatrac-pro-2"],"yoast_head":"<!-- This site is optimized with the Yoast SEO plugin v27.4 - https:\/\/yoast.com\/product\/yoast-seo-wordpress\/ -->\n<title>Nuovo Vredestein Quatrac Pro 2 con struttura e materiali innovativi<\/title>\n<meta name=\"description\" content=\"Progettato come un prodotto rivoluzionario e ad alte prestazioni, capace di affrontare ogni condizione.\" \/>\n<meta name=\"robots\" content=\"index, follow, max-snippet:-1, max-image-preview:large, max-video-preview:-1\" \/>\n<link rel=\"canonical\" href=\"https:\/\/www.anicecommunication.com\/it\/il-nuovo-pneumatico-all-season-di-vredestein-debutta-con-una-struttura-e-materiali-innovativi\/\" \/>\n<meta property=\"og:locale\" content=\"it_IT\" \/>\n<meta property=\"og:type\" content=\"article\" \/>\n<meta property=\"og:title\" content=\"Nuovo Vredestein Quatrac Pro 2 con struttura e materiali innovativi\" \/>\n<meta property=\"og:description\" content=\"Progettato come un prodotto rivoluzionario e ad alte prestazioni, capace di affrontare ogni condizione.\" \/>\n<meta property=\"og:url\" content=\"https:\/\/www.anicecommunication.com\/it\/il-nuovo-pneumatico-all-season-di-vredestein-debutta-con-una-struttura-e-materiali-innovativi\/\" \/>\n<meta property=\"og:site_name\" content=\"IT Anice Communication\" \/>\n<meta property=\"article:publisher\" content=\"https:\/\/www.facebook.com\/anicecommunication\" \/>\n<meta property=\"article:author\" content=\"https:\/\/www.facebook.com\/anicecommunication\" \/>\n<meta property=\"article:published_time\" content=\"2026-03-10T11:54:08+00:00\" \/>\n<meta property=\"og:image\" content=\"https:\/\/www.anicecommunication.com\/it\/wp-content\/uploads\/sites\/3\/2026\/03\/260310_Vredestein_Quatrac_Pro2_02_1280.jpg\" \/>\n\t<meta property=\"og:image:width\" content=\"1280\" \/>\n\t<meta property=\"og:image:height\" content=\"960\" \/>\n\t<meta property=\"og:image:type\" content=\"image\/jpeg\" \/>\n<meta name=\"author\" content=\"Editorial Staff\" \/>\n<meta name=\"twitter:label1\" content=\"Scritto da\" \/>\n\t<meta name=\"twitter:data1\" content=\"Editorial Staff\" \/>\n\t<meta name=\"twitter:label2\" content=\"Tempo di lettura stimato\" \/>\n\t<meta name=\"twitter:data2\" content=\"7 minuti\" \/>\n<script type=\"application\/ld+json\" class=\"yoast-schema-graph\">{\"@context\":\"https:\\\/\\\/schema.org\",\"@graph\":[{\"@type\":\"Article\",\"@id\":\"https:\\\/\\\/www.anicecommunication.com\\\/it\\\/il-nuovo-pneumatico-all-season-di-vredestein-debutta-con-una-struttura-e-materiali-innovativi\\\/#article\",\"isPartOf\":{\"@id\":\"https:\\\/\\\/www.anicecommunication.com\\\/it\\\/il-nuovo-pneumatico-all-season-di-vredestein-debutta-con-una-struttura-e-materiali-innovativi\\\/\"},\"author\":{\"name\":\"Editorial Staff\",\"@id\":\"https:\\\/\\\/www.anicecommunication.com\\\/it\\\/#\\\/schema\\\/person\\\/d8f9046f11c2ab1ff15f1d0d580184d8\"},\"headline\":\"Il nuovo pneumatico all-season di Vredestein debutta con una struttura e materiali innovativi\",\"datePublished\":\"2026-03-10T11:54:08+00:00\",\"mainEntityOfPage\":{\"@id\":\"https:\\\/\\\/www.anicecommunication.com\\\/it\\\/il-nuovo-pneumatico-all-season-di-vredestein-debutta-con-una-struttura-e-materiali-innovativi\\\/\"},\"wordCount\":1135,\"publisher\":{\"@id\":\"https:\\\/\\\/www.anicecommunication.com\\\/it\\\/#organization\"},\"image\":{\"@id\":\"https:\\\/\\\/www.anicecommunication.com\\\/it\\\/il-nuovo-pneumatico-all-season-di-vredestein-debutta-con-una-struttura-e-materiali-innovativi\\\/#primaryimage\"},\"thumbnailUrl\":\"https:\\\/\\\/www.anicecommunication.com\\\/it\\\/wp-content\\\/uploads\\\/sites\\\/3\\\/2026\\\/03\\\/260310_Vredestein_Quatrac_Pro2_02_1280.jpg\",\"keywords\":[\"Apollo Tyres\",\"Apollo Tyres pneumatici\",\"Apollo Vredestein\",\"Innovazione pneumatici\",\"Nuovo Quatrac Pro 2\",\"Vredestein Quatrac Pro 2\"],\"articleSection\":[\"Apollo Tyres | Vredestein\",\"L'Ufficio Stampa\",\"Press Room\",\"What A Nice Blog!\"],\"inLanguage\":\"it-IT\"},{\"@type\":\"WebPage\",\"@id\":\"https:\\\/\\\/www.anicecommunication.com\\\/it\\\/il-nuovo-pneumatico-all-season-di-vredestein-debutta-con-una-struttura-e-materiali-innovativi\\\/\",\"url\":\"https:\\\/\\\/www.anicecommunication.com\\\/it\\\/il-nuovo-pneumatico-all-season-di-vredestein-debutta-con-una-struttura-e-materiali-innovativi\\\/\",\"name\":\"Nuovo Vredestein Quatrac Pro 2 con struttura e materiali innovativi\",\"isPartOf\":{\"@id\":\"https:\\\/\\\/www.anicecommunication.com\\\/it\\\/#website\"},\"primaryImageOfPage\":{\"@id\":\"https:\\\/\\\/www.anicecommunication.com\\\/it\\\/il-nuovo-pneumatico-all-season-di-vredestein-debutta-con-una-struttura-e-materiali-innovativi\\\/#primaryimage\"},\"image\":{\"@id\":\"https:\\\/\\\/www.anicecommunication.com\\\/it\\\/il-nuovo-pneumatico-all-season-di-vredestein-debutta-con-una-struttura-e-materiali-innovativi\\\/#primaryimage\"},\"thumbnailUrl\":\"https:\\\/\\\/www.anicecommunication.com\\\/it\\\/wp-content\\\/uploads\\\/sites\\\/3\\\/2026\\\/03\\\/260310_Vredestein_Quatrac_Pro2_02_1280.jpg\",\"datePublished\":\"2026-03-10T11:54:08+00:00\",\"description\":\"Progettato come un prodotto rivoluzionario e ad alte prestazioni, capace di affrontare ogni condizione.\",\"breadcrumb\":{\"@id\":\"https:\\\/\\\/www.anicecommunication.com\\\/it\\\/il-nuovo-pneumatico-all-season-di-vredestein-debutta-con-una-struttura-e-materiali-innovativi\\\/#breadcrumb\"},\"inLanguage\":\"it-IT\",\"potentialAction\":[{\"@type\":\"ReadAction\",\"target\":[\"https:\\\/\\\/www.anicecommunication.com\\\/it\\\/il-nuovo-pneumatico-all-season-di-vredestein-debutta-con-una-struttura-e-materiali-innovativi\\\/\"]}]},{\"@type\":\"ImageObject\",\"inLanguage\":\"it-IT\",\"@id\":\"https:\\\/\\\/www.anicecommunication.com\\\/it\\\/il-nuovo-pneumatico-all-season-di-vredestein-debutta-con-una-struttura-e-materiali-innovativi\\\/#primaryimage\",\"url\":\"https:\\\/\\\/www.anicecommunication.com\\\/it\\\/wp-content\\\/uploads\\\/sites\\\/3\\\/2026\\\/03\\\/260310_Vredestein_Quatrac_Pro2_02_1280.jpg\",\"contentUrl\":\"https:\\\/\\\/www.anicecommunication.com\\\/it\\\/wp-content\\\/uploads\\\/sites\\\/3\\\/2026\\\/03\\\/260310_Vredestein_Quatrac_Pro2_02_1280.jpg\",\"width\":1280,\"height\":960},{\"@type\":\"BreadcrumbList\",\"@id\":\"https:\\\/\\\/www.anicecommunication.com\\\/it\\\/il-nuovo-pneumatico-all-season-di-vredestein-debutta-con-una-struttura-e-materiali-innovativi\\\/#breadcrumb\",\"itemListElement\":[{\"@type\":\"ListItem\",\"position\":1,\"name\":\"Home\",\"item\":\"https:\\\/\\\/www.anicecommunication.com\\\/it\\\/\"},{\"@type\":\"ListItem\",\"position\":2,\"name\":\"Il nuovo pneumatico all-season di Vredestein debutta con una struttura e materiali innovativi\"}]},{\"@type\":\"WebSite\",\"@id\":\"https:\\\/\\\/www.anicecommunication.com\\\/it\\\/#website\",\"url\":\"https:\\\/\\\/www.anicecommunication.com\\\/it\\\/\",\"name\":\"IT Anice Communication\",\"description\":\"Anicecommunication agenzia di pubbliche relazioni,  ufficio stampa, media relations, automotive e mobility a livello internazionale - Torino\",\"publisher\":{\"@id\":\"https:\\\/\\\/www.anicecommunication.com\\\/it\\\/#organization\"},\"potentialAction\":[{\"@type\":\"SearchAction\",\"target\":{\"@type\":\"EntryPoint\",\"urlTemplate\":\"https:\\\/\\\/www.anicecommunication.com\\\/it\\\/?s={search_term_string}\"},\"query-input\":{\"@type\":\"PropertyValueSpecification\",\"valueRequired\":true,\"valueName\":\"search_term_string\"}}],\"inLanguage\":\"it-IT\"},{\"@type\":\"Organization\",\"@id\":\"https:\\\/\\\/www.anicecommunication.com\\\/it\\\/#organization\",\"name\":\"Anice SRL - Agenzia di comunicazione, mobility and automotive media relations & PR in Italia, Europa\",\"alternateName\":\"Anicecommunication\",\"url\":\"https:\\\/\\\/www.anicecommunication.com\\\/it\\\/\",\"logo\":{\"@type\":\"ImageObject\",\"inLanguage\":\"it-IT\",\"@id\":\"https:\\\/\\\/www.anicecommunication.com\\\/it\\\/#\\\/schema\\\/logo\\\/image\\\/\",\"url\":\"https:\\\/\\\/www.anicecommunication.com\\\/it\\\/wp-content\\\/uploads\\\/sites\\\/3\\\/2023\\\/06\\\/Anice_696x696.jpg\",\"contentUrl\":\"https:\\\/\\\/www.anicecommunication.com\\\/it\\\/wp-content\\\/uploads\\\/sites\\\/3\\\/2023\\\/06\\\/Anice_696x696.jpg\",\"width\":696,\"height\":696,\"caption\":\"Anice SRL - Agenzia di comunicazione, mobility and automotive media relations & PR in Italia, Europa\"},\"image\":{\"@id\":\"https:\\\/\\\/www.anicecommunication.com\\\/it\\\/#\\\/schema\\\/logo\\\/image\\\/\"},\"sameAs\":[\"https:\\\/\\\/www.facebook.com\\\/anicecommunication\",\"https:\\\/\\\/x.com\\\/Anicecom\",\"https:\\\/\\\/instagram.com\\\/anicecom\\\/\",\"https:\\\/\\\/www.linkedin.com\\\/company\\\/anice-s-r-l-\"]},{\"@type\":\"Person\",\"@id\":\"https:\\\/\\\/www.anicecommunication.com\\\/it\\\/#\\\/schema\\\/person\\\/d8f9046f11c2ab1ff15f1d0d580184d8\",\"name\":\"Editorial Staff\",\"image\":{\"@type\":\"ImageObject\",\"inLanguage\":\"it-IT\",\"@id\":\"https:\\\/\\\/secure.gravatar.com\\\/avatar\\\/62128a8e64953c282b330a12e5b592d8bc5d299b46ab0e6928129ae0d79e528a?s=96&d=mm&r=g\",\"url\":\"https:\\\/\\\/secure.gravatar.com\\\/avatar\\\/62128a8e64953c282b330a12e5b592d8bc5d299b46ab0e6928129ae0d79e528a?s=96&d=mm&r=g\",\"contentUrl\":\"https:\\\/\\\/secure.gravatar.com\\\/avatar\\\/62128a8e64953c282b330a12e5b592d8bc5d299b46ab0e6928129ae0d79e528a?s=96&d=mm&r=g\",\"caption\":\"Editorial Staff\"},\"description\":\"La redazione di Anicecommunication \u00e8 composta da giornalisti, esperti di comunicazione e marketing, content manager e storyteller.\",\"sameAs\":[\"http:\\\/\\\/www.anicecommunication.com\",\"https:\\\/\\\/www.facebook.com\\\/anicecommunication\",\"https:\\\/\\\/x.com\\\/anicecom\"]}]}<\/script>\n<!-- \/ Yoast SEO plugin. -->","yoast_head_json":{"title":"Nuovo Vredestein Quatrac Pro 2 con struttura e materiali innovativi","description":"Progettato come un prodotto rivoluzionario e ad alte prestazioni, capace di affrontare ogni condizione.","robots":{"index":"index","follow":"follow","max-snippet":"max-snippet:-1","max-image-preview":"max-image-preview:large","max-video-preview":"max-video-preview:-1"},"canonical":"https:\/\/www.anicecommunication.com\/it\/il-nuovo-pneumatico-all-season-di-vredestein-debutta-con-una-struttura-e-materiali-innovativi\/","og_locale":"it_IT","og_type":"article","og_title":"Nuovo Vredestein Quatrac Pro 2 con struttura e materiali innovativi","og_description":"Progettato come un prodotto rivoluzionario e ad alte prestazioni, capace di affrontare ogni condizione.","og_url":"https:\/\/www.anicecommunication.com\/it\/il-nuovo-pneumatico-all-season-di-vredestein-debutta-con-una-struttura-e-materiali-innovativi\/","og_site_name":"IT Anice Communication","article_publisher":"https:\/\/www.facebook.com\/anicecommunication","article_author":"https:\/\/www.facebook.com\/anicecommunication","article_published_time":"2026-03-10T11:54:08+00:00","og_image":[{"width":1280,"height":960,"url":"https:\/\/www.anicecommunication.com\/it\/wp-content\/uploads\/sites\/3\/2026\/03\/260310_Vredestein_Quatrac_Pro2_02_1280.jpg","type":"image\/jpeg"}],"author":"Editorial Staff","twitter_misc":{"Scritto da":"Editorial Staff","Tempo di lettura stimato":"7 minuti"},"schema":{"@context":"https:\/\/schema.org","@graph":[{"@type":"Article","@id":"https:\/\/www.anicecommunication.com\/it\/il-nuovo-pneumatico-all-season-di-vredestein-debutta-con-una-struttura-e-materiali-innovativi\/#article","isPartOf":{"@id":"https:\/\/www.anicecommunication.com\/it\/il-nuovo-pneumatico-all-season-di-vredestein-debutta-con-una-struttura-e-materiali-innovativi\/"},"author":{"name":"Editorial Staff","@id":"https:\/\/www.anicecommunication.com\/it\/#\/schema\/person\/d8f9046f11c2ab1ff15f1d0d580184d8"},"headline":"Il nuovo pneumatico all-season di Vredestein debutta con una struttura e materiali innovativi","datePublished":"2026-03-10T11:54:08+00:00","mainEntityOfPage":{"@id":"https:\/\/www.anicecommunication.com\/it\/il-nuovo-pneumatico-all-season-di-vredestein-debutta-con-una-struttura-e-materiali-innovativi\/"},"wordCount":1135,"publisher":{"@id":"https:\/\/www.anicecommunication.com\/it\/#organization"},"image":{"@id":"https:\/\/www.anicecommunication.com\/it\/il-nuovo-pneumatico-all-season-di-vredestein-debutta-con-una-struttura-e-materiali-innovativi\/#primaryimage"},"thumbnailUrl":"https:\/\/www.anicecommunication.com\/it\/wp-content\/uploads\/sites\/3\/2026\/03\/260310_Vredestein_Quatrac_Pro2_02_1280.jpg","keywords":["Apollo Tyres","Apollo Tyres pneumatici","Apollo Vredestein","Innovazione pneumatici","Nuovo Quatrac Pro 2","Vredestein Quatrac Pro 2"],"articleSection":["Apollo Tyres | Vredestein","L'Ufficio Stampa","Press Room","What A Nice Blog!"],"inLanguage":"it-IT"},{"@type":"WebPage","@id":"https:\/\/www.anicecommunication.com\/it\/il-nuovo-pneumatico-all-season-di-vredestein-debutta-con-una-struttura-e-materiali-innovativi\/","url":"https:\/\/www.anicecommunication.com\/it\/il-nuovo-pneumatico-all-season-di-vredestein-debutta-con-una-struttura-e-materiali-innovativi\/","name":"Nuovo Vredestein Quatrac Pro 2 con struttura e materiali innovativi","isPartOf":{"@id":"https:\/\/www.anicecommunication.com\/it\/#website"},"primaryImageOfPage":{"@id":"https:\/\/www.anicecommunication.com\/it\/il-nuovo-pneumatico-all-season-di-vredestein-debutta-con-una-struttura-e-materiali-innovativi\/#primaryimage"},"image":{"@id":"https:\/\/www.anicecommunication.com\/it\/il-nuovo-pneumatico-all-season-di-vredestein-debutta-con-una-struttura-e-materiali-innovativi\/#primaryimage"},"thumbnailUrl":"https:\/\/www.anicecommunication.com\/it\/wp-content\/uploads\/sites\/3\/2026\/03\/260310_Vredestein_Quatrac_Pro2_02_1280.jpg","datePublished":"2026-03-10T11:54:08+00:00","description":"Progettato come un prodotto rivoluzionario e ad alte prestazioni, capace di affrontare ogni condizione.","breadcrumb":{"@id":"https:\/\/www.anicecommunication.com\/it\/il-nuovo-pneumatico-all-season-di-vredestein-debutta-con-una-struttura-e-materiali-innovativi\/#breadcrumb"},"inLanguage":"it-IT","potentialAction":[{"@type":"ReadAction","target":["https:\/\/www.anicecommunication.com\/it\/il-nuovo-pneumatico-all-season-di-vredestein-debutta-con-una-struttura-e-materiali-innovativi\/"]}]},{"@type":"ImageObject","inLanguage":"it-IT","@id":"https:\/\/www.anicecommunication.com\/it\/il-nuovo-pneumatico-all-season-di-vredestein-debutta-con-una-struttura-e-materiali-innovativi\/#primaryimage","url":"https:\/\/www.anicecommunication.com\/it\/wp-content\/uploads\/sites\/3\/2026\/03\/260310_Vredestein_Quatrac_Pro2_02_1280.jpg","contentUrl":"https:\/\/www.anicecommunication.com\/it\/wp-content\/uploads\/sites\/3\/2026\/03\/260310_Vredestein_Quatrac_Pro2_02_1280.jpg","width":1280,"height":960},{"@type":"BreadcrumbList","@id":"https:\/\/www.anicecommunication.com\/it\/il-nuovo-pneumatico-all-season-di-vredestein-debutta-con-una-struttura-e-materiali-innovativi\/#breadcrumb","itemListElement":[{"@type":"ListItem","position":1,"name":"Home","item":"https:\/\/www.anicecommunication.com\/it\/"},{"@type":"ListItem","position":2,"name":"Il nuovo pneumatico all-season di Vredestein debutta con una struttura e materiali innovativi"}]},{"@type":"WebSite","@id":"https:\/\/www.anicecommunication.com\/it\/#website","url":"https:\/\/www.anicecommunication.com\/it\/","name":"IT Anice Communication","description":"Anicecommunication agenzia di pubbliche relazioni,  ufficio stampa, media relations, automotive e mobility a livello internazionale - Torino","publisher":{"@id":"https:\/\/www.anicecommunication.com\/it\/#organization"},"potentialAction":[{"@type":"SearchAction","target":{"@type":"EntryPoint","urlTemplate":"https:\/\/www.anicecommunication.com\/it\/?s={search_term_string}"},"query-input":{"@type":"PropertyValueSpecification","valueRequired":true,"valueName":"search_term_string"}}],"inLanguage":"it-IT"},{"@type":"Organization","@id":"https:\/\/www.anicecommunication.com\/it\/#organization","name":"Anice SRL - Agenzia di comunicazione, mobility and automotive media relations & PR in Italia, Europa","alternateName":"Anicecommunication","url":"https:\/\/www.anicecommunication.com\/it\/","logo":{"@type":"ImageObject","inLanguage":"it-IT","@id":"https:\/\/www.anicecommunication.com\/it\/#\/schema\/logo\/image\/","url":"https:\/\/www.anicecommunication.com\/it\/wp-content\/uploads\/sites\/3\/2023\/06\/Anice_696x696.jpg","contentUrl":"https:\/\/www.anicecommunication.com\/it\/wp-content\/uploads\/sites\/3\/2023\/06\/Anice_696x696.jpg","width":696,"height":696,"caption":"Anice SRL - Agenzia di comunicazione, mobility and automotive media relations & PR in Italia, Europa"},"image":{"@id":"https:\/\/www.anicecommunication.com\/it\/#\/schema\/logo\/image\/"},"sameAs":["https:\/\/www.facebook.com\/anicecommunication","https:\/\/x.com\/Anicecom","https:\/\/instagram.com\/anicecom\/","https:\/\/www.linkedin.com\/company\/anice-s-r-l-"]},{"@type":"Person","@id":"https:\/\/www.anicecommunication.com\/it\/#\/schema\/person\/d8f9046f11c2ab1ff15f1d0d580184d8","name":"Editorial Staff","image":{"@type":"ImageObject","inLanguage":"it-IT","@id":"https:\/\/secure.gravatar.com\/avatar\/62128a8e64953c282b330a12e5b592d8bc5d299b46ab0e6928129ae0d79e528a?s=96&d=mm&r=g","url":"https:\/\/secure.gravatar.com\/avatar\/62128a8e64953c282b330a12e5b592d8bc5d299b46ab0e6928129ae0d79e528a?s=96&d=mm&r=g","contentUrl":"https:\/\/secure.gravatar.com\/avatar\/62128a8e64953c282b330a12e5b592d8bc5d299b46ab0e6928129ae0d79e528a?s=96&d=mm&r=g","caption":"Editorial Staff"},"description":"La redazione di Anicecommunication \u00e8 composta da giornalisti, esperti di comunicazione e marketing, content manager e storyteller.","sameAs":["http:\/\/www.anicecommunication.com","https:\/\/www.facebook.com\/anicecommunication","https:\/\/x.com\/anicecom"]}]}},"_links":{"self":[{"href":"https:\/\/www.anicecommunication.com\/it\/wp-json\/wp\/v2\/posts\/23334","targetHints":{"allow":["GET"]}}],"collection":[{"href":"https:\/\/www.anicecommunication.com\/it\/wp-json\/wp\/v2\/posts"}],"about":[{"href":"https:\/\/www.anicecommunication.com\/it\/wp-json\/wp\/v2\/types\/post"}],"author":[{"embeddable":true,"href":"https:\/\/www.anicecommunication.com\/it\/wp-json\/wp\/v2\/users\/1"}],"replies":[{"embeddable":true,"href":"https:\/\/www.anicecommunication.com\/it\/wp-json\/wp\/v2\/comments?post=23334"}],"version-history":[{"count":1,"href":"https:\/\/www.anicecommunication.com\/it\/wp-json\/wp\/v2\/posts\/23334\/revisions"}],"predecessor-version":[{"id":23337,"href":"https:\/\/www.anicecommunication.com\/it\/wp-json\/wp\/v2\/posts\/23334\/revisions\/23337"}],"wp:featuredmedia":[{"embeddable":true,"href":"https:\/\/www.anicecommunication.com\/it\/wp-json\/wp\/v2\/media\/23336"}],"wp:attachment":[{"href":"https:\/\/www.anicecommunication.com\/it\/wp-json\/wp\/v2\/media?parent=23334"}],"wp:term":[{"taxonomy":"category","embeddable":true,"href":"https:\/\/www.anicecommunication.com\/it\/wp-json\/wp\/v2\/categories?post=23334"},{"taxonomy":"post_tag","embeddable":true,"href":"https:\/\/www.anicecommunication.com\/it\/wp-json\/wp\/v2\/tags?post=23334"}],"curies":[{"name":"wp","href":"https:\/\/api.w.org\/{rel}","templated":true}]}}