{"id":23338,"date":"2026-03-10T14:57:17","date_gmt":"2026-03-10T13:57:17","guid":{"rendered":"https:\/\/www.anicecommunication.com\/it\/?p=23338"},"modified":"2026-03-10T14:57:17","modified_gmt":"2026-03-10T13:57:17","slug":"emn2026-nuove-terapie-e-sfide-cliniche-al-centro-del-congresso-internazionale-sul-mieloma-multiplo","status":"publish","type":"post","link":"https:\/\/www.anicecommunication.com\/it\/emn2026-nuove-terapie-e-sfide-cliniche-al-centro-del-congresso-internazionale-sul-mieloma-multiplo\/","title":{"rendered":"EMN2026: Nuove terapie e sfide cliniche al centro del Congresso Internazionale sul Mieloma Multiplo"},"content":{"rendered":"<p>Un congresso fortemente interattivo, incentrato sulle pi\u00f9 attuali sfide diagnostiche e terapeutiche nel mieloma multiplo e sulle prospettive future della ricerca.<\/p>\n<p><!--more--><\/p>\n<ul>\n<li><strong>L\u2019annuale Congresso Internazionale dello European Myeloma Network (EMN) riunir\u00e0 ematologi ed esperti internazionali di mieloma multiplo dal 16 al 18 aprile 2026 a Praga, presso il Clarion Conference Center<\/strong><\/li>\n<li><strong>Tre giorni di confronto scientifico di alto livello con relatori provenienti da tutta Europa e non solo: un\u2019opportunit\u00e0 unica, soprattutto per i giovani ricercatori, di confrontarsi direttamente con colleghi ed esperti a livello internazionale<\/strong><\/li>\n<li><strong>Focus su nuovi trattamenti, sequenziamento terapeutico, MRD, pazienti ad alto rischio e ruolo dell\u2019Intelligenza Artificiale nella ricerca clinica<\/strong><strong> nel panel dedicato alle <em>future innovations<\/em><\/strong><\/li>\n<li><strong>Confermata l\u2019attenzione ai giovani: 8 travel grant per i migliori abstract presentati da ricercatori under 40<\/strong><\/li>\n<li><strong>Iscrizioni aperte sul sito <a href=\"https:\/\/www.emn2026.com\/\">emn2026.com<\/a><\/strong><strong>, con tariffe agevolate per giovani medici under 35, infermieri e data manager, ed early bird attivo fino al 6 aprile<\/strong><\/li>\n<li><strong><strong>Per gli iscritti, possibilit\u00e0 di registrarsi gratuitamente alle sessioni Meet the Experts \u2013 posti limitati<\/strong><\/strong><\/li>\n<\/ul>\n<p>Si terr\u00e0 <strong>a Praga dal 16 al 18 aprile 2026<\/strong> la settima edizione del Congresso Internazionale EMN2026, organizzato <strong>dallo European Myeloma Network (EMN)<\/strong>, la rete europea di eccellenza impegnata nella ricerca e nello sviluppo di terapie innovative per il mieloma multiplo e le neoplasie ematologiche, <strong>con il supporto di <\/strong><a href=\"https:\/\/www.emntrialoffice.org\/it-IT\/home\"><strong>EMN Trial Office<\/strong><\/a>, braccio operativo italiano con sede a Torino, e in collaborazione con <strong>ER Congressi.<\/strong><\/p>\n<p>Dopo il successo delle precedenti edizioni, la comunit\u00e0 scientifica internazionale torner\u00e0 a riunirsi in una delle citt\u00e0 pi\u00f9 suggestive d\u2019Europa per tre giorni di aggiornamento e confronto sui progressi pi\u00f9 rilevanti nel trattamento della malattia.<\/p>\n<p><a href=\"https:\/\/www.anicecommunication.com\/it\/wp-content\/uploads\/sites\/3\/2026\/03\/260310-EMN-CONGRESS_1280.jpg\"><img decoding=\"async\" class=\"aligncenter size-full wp-image-23339\" src=\"https:\/\/www.anicecommunication.com\/it\/wp-content\/uploads\/sites\/3\/2026\/03\/260310-EMN-CONGRESS_1280.jpg\" alt=\"\" width=\"871\" height=\"1200\" srcset=\"https:\/\/www.anicecommunication.com\/it\/wp-content\/uploads\/sites\/3\/2026\/03\/260310-EMN-CONGRESS_1280-200x276.jpg 200w, https:\/\/www.anicecommunication.com\/it\/wp-content\/uploads\/sites\/3\/2026\/03\/260310-EMN-CONGRESS_1280-218x300.jpg 218w, https:\/\/www.anicecommunication.com\/it\/wp-content\/uploads\/sites\/3\/2026\/03\/260310-EMN-CONGRESS_1280-400x551.jpg 400w, https:\/\/www.anicecommunication.com\/it\/wp-content\/uploads\/sites\/3\/2026\/03\/260310-EMN-CONGRESS_1280-600x827.jpg 600w, https:\/\/www.anicecommunication.com\/it\/wp-content\/uploads\/sites\/3\/2026\/03\/260310-EMN-CONGRESS_1280-743x1024.jpg 743w, https:\/\/www.anicecommunication.com\/it\/wp-content\/uploads\/sites\/3\/2026\/03\/260310-EMN-CONGRESS_1280-768x1058.jpg 768w, https:\/\/www.anicecommunication.com\/it\/wp-content\/uploads\/sites\/3\/2026\/03\/260310-EMN-CONGRESS_1280-800x1103.jpg 800w, https:\/\/www.anicecommunication.com\/it\/wp-content\/uploads\/sites\/3\/2026\/03\/260310-EMN-CONGRESS_1280.jpg 871w, https:\/\/www.anicecommunication.com\/it\/wp-content\/uploads\/sites\/3\/2026\/03\/260310-EMN-CONGRESS_1280-1115x1536.jpg 1115w, https:\/\/www.anicecommunication.com\/it\/wp-content\/uploads\/sites\/3\/2026\/03\/260310-EMN-CONGRESS_1280-1200x1654.jpg 1200w\" sizes=\"(max-width: 871px) 100vw, 871px\" \/><\/a><\/p>\n<p style=\"text-align: center;\"><em>EMN2026, la settima edizione del Convegno Internazionale sul Mieloma Multiplo, si svolger\u00e0 in Cecoslovacchia, a Praga dal 16 al 18 Aprile<\/em><\/p>\n<p><strong>I temi scientifici al centro di EMN2026<\/strong><\/p>\n<p>Il programma scientifico \u00e8 stato pensato per affrontare le questioni pi\u00f9 critiche nella gestione del mieloma multiplo, con un\u2019attenzione particolare a:<\/p>\n<ul>\n<li><strong>Nuovi trattamenti e loro sequenziamento<\/strong> nei pazienti di nuova diagnosi (NDMM) e nei pazienti recidivati\/refrattari (RRMM)<\/li>\n<li><strong>Malattia Minima Residua (MRD)<\/strong> e suo ruolo nella valutazione dell\u2019efficacia terapeutica<\/li>\n<li><strong>Approccio ai pazienti ad alto rischio<\/strong> e nuove definizioni prognostiche<\/li>\n<li><strong>Biologia d\u2019avanguardia e innovazioni future<\/strong><\/li>\n<li>Il futuro della ricerca sul mieloma, incluso il ruolo dell\u2019<strong>Intelligenza Artificiale nella progettazione degli studi clinici<\/strong> e le <strong>implicazioni cliniche ed economiche<\/strong> delle nuove terapie<\/li>\n<\/ul>\n<p>Ampio spazio sar\u00e0 dedicato a dibattiti tra esperti provenienti da tutta Europa e oltre, con sessioni interattive volte a favorire il confronto diretto tra clinici, ricercatori e operatori sanitari.<\/p>\n<p><strong>Giovani protagonisti e collaborazione internazionale<\/strong><\/p>\n<p>EMN2026 conferma la propria vocazione formativa e collaborativa. Anche quest\u2019anno saranno messi a disposizione <strong>8 travel grant<\/strong> destinati ai migliori abstract presentati da giovani ricercatori under 40, valutati da revisori internazionale.<\/p>\n<p>Il congresso rappresenta un momento chiave di dialogo tra ematologi, ricercatori, associazioni di pazienti e societ\u00e0 scientifiche, tra cui la <strong>European Hematology Association (EHA)<\/strong>, con cui EMN continua a collaborare attivamente. Fondamentale anche il contributo dei partner industriali che sostengono gli studi clinici innovativi promossi dalla rete.<\/p>\n<p><a href=\"https:\/\/www.anicecommunication.com\/it\/wp-content\/uploads\/sites\/3\/2026\/03\/2025_EMN2025_Athens_1280.jpg\"><img decoding=\"async\" class=\"aligncenter size-full wp-image-23340\" src=\"https:\/\/www.anicecommunication.com\/it\/wp-content\/uploads\/sites\/3\/2026\/03\/2025_EMN2025_Athens_1280.jpg\" alt=\"\" width=\"1280\" height=\"960\" srcset=\"https:\/\/www.anicecommunication.com\/it\/wp-content\/uploads\/sites\/3\/2026\/03\/2025_EMN2025_Athens_1280-200x150.jpg 200w, https:\/\/www.anicecommunication.com\/it\/wp-content\/uploads\/sites\/3\/2026\/03\/2025_EMN2025_Athens_1280-300x225.jpg 300w, https:\/\/www.anicecommunication.com\/it\/wp-content\/uploads\/sites\/3\/2026\/03\/2025_EMN2025_Athens_1280-400x300.jpg 400w, https:\/\/www.anicecommunication.com\/it\/wp-content\/uploads\/sites\/3\/2026\/03\/2025_EMN2025_Athens_1280-600x450.jpg 600w, https:\/\/www.anicecommunication.com\/it\/wp-content\/uploads\/sites\/3\/2026\/03\/2025_EMN2025_Athens_1280-768x576.jpg 768w, https:\/\/www.anicecommunication.com\/it\/wp-content\/uploads\/sites\/3\/2026\/03\/2025_EMN2025_Athens_1280-800x600.jpg 800w, https:\/\/www.anicecommunication.com\/it\/wp-content\/uploads\/sites\/3\/2026\/03\/2025_EMN2025_Athens_1280-1024x768.jpg 1024w, https:\/\/www.anicecommunication.com\/it\/wp-content\/uploads\/sites\/3\/2026\/03\/2025_EMN2025_Athens_1280-1200x900.jpg 1200w, https:\/\/www.anicecommunication.com\/it\/wp-content\/uploads\/sites\/3\/2026\/03\/2025_EMN2025_Athens_1280.jpg 1280w\" sizes=\"(max-width: 1280px) 100vw, 1280px\" \/><\/a><\/p>\n<p style=\"text-align: center;\"><em>Un momento del Congresso EMN2025 che si \u00e8 svolto nell&#8217;aprile del 2025 in Grecia, ad Atene<\/em><\/p>\n<p><strong>Organizzazione e coordinamento scientifico<\/strong><\/p>\n<p>I referenti locali di EMN2026 sono i professori <strong>Roman Hajek<\/strong> e <strong>Jakub Radocha<\/strong> (Repubblica Ceca), che hanno organizzato il programma insieme ai coordinatori scientifici:<\/p>\n<ul>\n<li><strong>Niels van de Donk (Paesi Bassi)<\/strong><\/li>\n<li><strong>Francesca Gay (Italia)<\/strong><\/li>\n<li><strong>Elias Mai (Germania)<\/strong><\/li>\n<li><strong>Paula Rodriguez-Otero (Spagna)<\/strong><\/li>\n<\/ul>\n<p>Il comitato esecutivo EMN \u00e8 composto da:<\/p>\n<ul>\n<li><strong>Pieter Sonneveld (Paesi Bassi)<\/strong> \u2013 Presidente EMN<\/li>\n<li><strong>Mario Boccadoro (Italia)<\/strong> \u2013 Vice Presidente EMN<\/li>\n<\/ul>\n<p><strong>Informazioni e iscrizioni<\/strong><\/p>\n<p>Le iscrizioni sono aperte sul sito ufficiale <a href=\"https:\/\/www.emn2026.com\/\"><strong>emn2026.com<\/strong><\/a>.<br \/>\nSono previste tariffe agevolate per giovani medici under 35, infermieri e data manager, oltre a una quota <strong>early bird disponibile fino al 6 aprile<\/strong>.<\/p>\n<p>Viene inoltre offerta la possibilit\u00e0 di <strong>registrarsi gratuitamente alle sessioni Meet the Experts<\/strong>, brevi incontri focalizzati su tematiche fondamentali per il trattamento dei pazienti e condotte da esperti europei. Questi panel si svolgeranno a met\u00e0 giornata del 16 e 17 aprile, senza sovrapporsi con il programma del congresso. I posti sono limitati per permettere maggiore interazione e confronto tra i partecipanti, ed \u00e8 possibile registrarsi tramite il sito ufficiale.<\/p>\n<p>Sul <a href=\"https:\/\/www.emn2026.com\/\">sito<\/a> sono inoltre disponibili le informazioni per l\u2019invio degli abstract, il programma scientifico aggiornato e le modalit\u00e0 di accreditamento stampa.<\/p>\n<p style=\"text-align: center;\">&#8211; FINE \u2013<\/p>\n<p class=\"text-justify\"><a href=\"https:\/\/www.anicecommunication.it\/EMN\/260310\/260310_EMN2026_European_Myeloma_Network_Meeting_IT.zip\"><strong>Scarica testo e immagini&gt;&gt;<\/strong><\/a><\/p>\n<hr \/>\n<p>10 marzo 2026<\/p>\n<p><a href=\"https:\/\/www.anicecommunication.com\/it\/anice-experience\/emn-sceglie-anice-per-le-relazioni-con-la-stampa\/\" target=\"_blank\" rel=\"noopener\">A<\/a><a href=\"https:\/\/www.anicecommunication.com\/it\/anice-experience\/emn-sceglie-anice-per-le-relazioni-con-la-stampa\/\" target=\"_blank\" rel=\"noopener\">nicecommunication, Ufficio Stampa EMN Trial Office &gt;<\/a><\/p>\n","protected":false},"excerpt":{"rendered":"<p>Un congresso fortemente interattivo, incentrato sulle pi\u00f9 attuali sfide diagnostiche e terapeutiche nel mieloma multiplo e sulle prospettive future della ricerca.<\/p>\n","protected":false},"author":1,"featured_media":23339,"comment_status":"closed","ping_status":"closed","sticky":false,"template":"","format":"standard","meta":{"footnotes":""},"categories":[602,66,467,80],"tags":[487,2141,446,561],"class_list":["post-23338","post","type-post","status-publish","format-standard","has-post-thumbnail","hentry","category-emn","category-ufficio_stampa","category-press_room","category-blog-anicecommunication","tag-congresso-european-myeloma-network","tag-emn2026","tag-mieloma-multiplo","tag-ricerca-mieloma-multiplo"],"yoast_head":"<!-- This site is optimized with the Yoast SEO plugin v27.4 - https:\/\/yoast.com\/product\/yoast-seo-wordpress\/ -->\n<title>EMN2026: Congresso Internazionale sul Mieloma Multiplo 2026<\/title>\n<meta name=\"description\" content=\"Un congresso incentrato sulle pi\u00f9 attuali sfide diagnostiche e terapeutiche nel mieloma multiplo e sulle prospettive future della ricerca.\" \/>\n<meta name=\"robots\" content=\"index, follow, max-snippet:-1, max-image-preview:large, max-video-preview:-1\" \/>\n<link rel=\"canonical\" href=\"https:\/\/www.anicecommunication.com\/it\/emn2026-nuove-terapie-e-sfide-cliniche-al-centro-del-congresso-internazionale-sul-mieloma-multiplo\/\" \/>\n<meta property=\"og:locale\" content=\"it_IT\" \/>\n<meta property=\"og:type\" content=\"article\" \/>\n<meta property=\"og:title\" content=\"EMN2026: Congresso Internazionale sul Mieloma Multiplo 2026\" \/>\n<meta property=\"og:description\" content=\"Un congresso incentrato sulle pi\u00f9 attuali sfide diagnostiche e terapeutiche nel mieloma multiplo e sulle prospettive future della ricerca.\" \/>\n<meta property=\"og:url\" content=\"https:\/\/www.anicecommunication.com\/it\/emn2026-nuove-terapie-e-sfide-cliniche-al-centro-del-congresso-internazionale-sul-mieloma-multiplo\/\" \/>\n<meta property=\"og:site_name\" content=\"IT Anice Communication\" \/>\n<meta property=\"article:publisher\" content=\"https:\/\/www.facebook.com\/anicecommunication\" \/>\n<meta property=\"article:author\" content=\"https:\/\/www.facebook.com\/anicecommunication\" \/>\n<meta property=\"article:published_time\" content=\"2026-03-10T13:57:17+00:00\" \/>\n<meta property=\"og:image\" content=\"https:\/\/www.anicecommunication.com\/it\/wp-content\/uploads\/sites\/3\/2026\/03\/260310-EMN-CONGRESS_1280.jpg\" \/>\n\t<meta property=\"og:image:width\" content=\"871\" \/>\n\t<meta property=\"og:image:height\" content=\"1200\" \/>\n\t<meta property=\"og:image:type\" content=\"image\/jpeg\" \/>\n<meta name=\"author\" content=\"Editorial Staff\" \/>\n<meta name=\"twitter:label1\" content=\"Scritto da\" \/>\n\t<meta name=\"twitter:data1\" content=\"Editorial Staff\" \/>\n\t<meta name=\"twitter:label2\" content=\"Tempo di lettura stimato\" \/>\n\t<meta name=\"twitter:data2\" content=\"5 minuti\" \/>\n<script type=\"application\/ld+json\" class=\"yoast-schema-graph\">{\"@context\":\"https:\\\/\\\/schema.org\",\"@graph\":[{\"@type\":\"Article\",\"@id\":\"https:\\\/\\\/www.anicecommunication.com\\\/it\\\/emn2026-nuove-terapie-e-sfide-cliniche-al-centro-del-congresso-internazionale-sul-mieloma-multiplo\\\/#article\",\"isPartOf\":{\"@id\":\"https:\\\/\\\/www.anicecommunication.com\\\/it\\\/emn2026-nuove-terapie-e-sfide-cliniche-al-centro-del-congresso-internazionale-sul-mieloma-multiplo\\\/\"},\"author\":{\"name\":\"Editorial Staff\",\"@id\":\"https:\\\/\\\/www.anicecommunication.com\\\/it\\\/#\\\/schema\\\/person\\\/d8f9046f11c2ab1ff15f1d0d580184d8\"},\"headline\":\"EMN2026: Nuove terapie e sfide cliniche al centro del Congresso Internazionale sul Mieloma Multiplo\",\"datePublished\":\"2026-03-10T13:57:17+00:00\",\"mainEntityOfPage\":{\"@id\":\"https:\\\/\\\/www.anicecommunication.com\\\/it\\\/emn2026-nuove-terapie-e-sfide-cliniche-al-centro-del-congresso-internazionale-sul-mieloma-multiplo\\\/\"},\"wordCount\":717,\"publisher\":{\"@id\":\"https:\\\/\\\/www.anicecommunication.com\\\/it\\\/#organization\"},\"image\":{\"@id\":\"https:\\\/\\\/www.anicecommunication.com\\\/it\\\/emn2026-nuove-terapie-e-sfide-cliniche-al-centro-del-congresso-internazionale-sul-mieloma-multiplo\\\/#primaryimage\"},\"thumbnailUrl\":\"https:\\\/\\\/www.anicecommunication.com\\\/it\\\/wp-content\\\/uploads\\\/sites\\\/3\\\/2026\\\/03\\\/260310-EMN-CONGRESS_1280.jpg\",\"keywords\":[\"Congresso European Myeloma Network\",\"EMN2026\",\"mieloma multiplo\",\"Ricerca Mieloma Multiplo\"],\"articleSection\":[\"EMN\",\"L'Ufficio Stampa\",\"Press Room\",\"What A Nice Blog!\"],\"inLanguage\":\"it-IT\"},{\"@type\":\"WebPage\",\"@id\":\"https:\\\/\\\/www.anicecommunication.com\\\/it\\\/emn2026-nuove-terapie-e-sfide-cliniche-al-centro-del-congresso-internazionale-sul-mieloma-multiplo\\\/\",\"url\":\"https:\\\/\\\/www.anicecommunication.com\\\/it\\\/emn2026-nuove-terapie-e-sfide-cliniche-al-centro-del-congresso-internazionale-sul-mieloma-multiplo\\\/\",\"name\":\"EMN2026: Congresso Internazionale sul Mieloma Multiplo 2026\",\"isPartOf\":{\"@id\":\"https:\\\/\\\/www.anicecommunication.com\\\/it\\\/#website\"},\"primaryImageOfPage\":{\"@id\":\"https:\\\/\\\/www.anicecommunication.com\\\/it\\\/emn2026-nuove-terapie-e-sfide-cliniche-al-centro-del-congresso-internazionale-sul-mieloma-multiplo\\\/#primaryimage\"},\"image\":{\"@id\":\"https:\\\/\\\/www.anicecommunication.com\\\/it\\\/emn2026-nuove-terapie-e-sfide-cliniche-al-centro-del-congresso-internazionale-sul-mieloma-multiplo\\\/#primaryimage\"},\"thumbnailUrl\":\"https:\\\/\\\/www.anicecommunication.com\\\/it\\\/wp-content\\\/uploads\\\/sites\\\/3\\\/2026\\\/03\\\/260310-EMN-CONGRESS_1280.jpg\",\"datePublished\":\"2026-03-10T13:57:17+00:00\",\"description\":\"Un congresso incentrato sulle pi\u00f9 attuali sfide diagnostiche e terapeutiche nel mieloma multiplo e sulle prospettive future della ricerca.\",\"breadcrumb\":{\"@id\":\"https:\\\/\\\/www.anicecommunication.com\\\/it\\\/emn2026-nuove-terapie-e-sfide-cliniche-al-centro-del-congresso-internazionale-sul-mieloma-multiplo\\\/#breadcrumb\"},\"inLanguage\":\"it-IT\",\"potentialAction\":[{\"@type\":\"ReadAction\",\"target\":[\"https:\\\/\\\/www.anicecommunication.com\\\/it\\\/emn2026-nuove-terapie-e-sfide-cliniche-al-centro-del-congresso-internazionale-sul-mieloma-multiplo\\\/\"]}]},{\"@type\":\"ImageObject\",\"inLanguage\":\"it-IT\",\"@id\":\"https:\\\/\\\/www.anicecommunication.com\\\/it\\\/emn2026-nuove-terapie-e-sfide-cliniche-al-centro-del-congresso-internazionale-sul-mieloma-multiplo\\\/#primaryimage\",\"url\":\"https:\\\/\\\/www.anicecommunication.com\\\/it\\\/wp-content\\\/uploads\\\/sites\\\/3\\\/2026\\\/03\\\/260310-EMN-CONGRESS_1280.jpg\",\"contentUrl\":\"https:\\\/\\\/www.anicecommunication.com\\\/it\\\/wp-content\\\/uploads\\\/sites\\\/3\\\/2026\\\/03\\\/260310-EMN-CONGRESS_1280.jpg\",\"width\":871,\"height\":1200},{\"@type\":\"BreadcrumbList\",\"@id\":\"https:\\\/\\\/www.anicecommunication.com\\\/it\\\/emn2026-nuove-terapie-e-sfide-cliniche-al-centro-del-congresso-internazionale-sul-mieloma-multiplo\\\/#breadcrumb\",\"itemListElement\":[{\"@type\":\"ListItem\",\"position\":1,\"name\":\"Home\",\"item\":\"https:\\\/\\\/www.anicecommunication.com\\\/it\\\/\"},{\"@type\":\"ListItem\",\"position\":2,\"name\":\"EMN2026: Nuove terapie e sfide cliniche al centro del Congresso Internazionale sul Mieloma Multiplo\"}]},{\"@type\":\"WebSite\",\"@id\":\"https:\\\/\\\/www.anicecommunication.com\\\/it\\\/#website\",\"url\":\"https:\\\/\\\/www.anicecommunication.com\\\/it\\\/\",\"name\":\"IT Anice Communication\",\"description\":\"Anicecommunication agenzia di pubbliche relazioni,  ufficio stampa, media relations, automotive e mobility a livello internazionale - Torino\",\"publisher\":{\"@id\":\"https:\\\/\\\/www.anicecommunication.com\\\/it\\\/#organization\"},\"potentialAction\":[{\"@type\":\"SearchAction\",\"target\":{\"@type\":\"EntryPoint\",\"urlTemplate\":\"https:\\\/\\\/www.anicecommunication.com\\\/it\\\/?s={search_term_string}\"},\"query-input\":{\"@type\":\"PropertyValueSpecification\",\"valueRequired\":true,\"valueName\":\"search_term_string\"}}],\"inLanguage\":\"it-IT\"},{\"@type\":\"Organization\",\"@id\":\"https:\\\/\\\/www.anicecommunication.com\\\/it\\\/#organization\",\"name\":\"Anice SRL - Agenzia di comunicazione, mobility and automotive media relations & PR in Italia, Europa\",\"alternateName\":\"Anicecommunication\",\"url\":\"https:\\\/\\\/www.anicecommunication.com\\\/it\\\/\",\"logo\":{\"@type\":\"ImageObject\",\"inLanguage\":\"it-IT\",\"@id\":\"https:\\\/\\\/www.anicecommunication.com\\\/it\\\/#\\\/schema\\\/logo\\\/image\\\/\",\"url\":\"https:\\\/\\\/www.anicecommunication.com\\\/it\\\/wp-content\\\/uploads\\\/sites\\\/3\\\/2023\\\/06\\\/Anice_696x696.jpg\",\"contentUrl\":\"https:\\\/\\\/www.anicecommunication.com\\\/it\\\/wp-content\\\/uploads\\\/sites\\\/3\\\/2023\\\/06\\\/Anice_696x696.jpg\",\"width\":696,\"height\":696,\"caption\":\"Anice SRL - Agenzia di comunicazione, mobility and automotive media relations & PR in Italia, Europa\"},\"image\":{\"@id\":\"https:\\\/\\\/www.anicecommunication.com\\\/it\\\/#\\\/schema\\\/logo\\\/image\\\/\"},\"sameAs\":[\"https:\\\/\\\/www.facebook.com\\\/anicecommunication\",\"https:\\\/\\\/x.com\\\/Anicecom\",\"https:\\\/\\\/instagram.com\\\/anicecom\\\/\",\"https:\\\/\\\/www.linkedin.com\\\/company\\\/anice-s-r-l-\"]},{\"@type\":\"Person\",\"@id\":\"https:\\\/\\\/www.anicecommunication.com\\\/it\\\/#\\\/schema\\\/person\\\/d8f9046f11c2ab1ff15f1d0d580184d8\",\"name\":\"Editorial Staff\",\"image\":{\"@type\":\"ImageObject\",\"inLanguage\":\"it-IT\",\"@id\":\"https:\\\/\\\/secure.gravatar.com\\\/avatar\\\/62128a8e64953c282b330a12e5b592d8bc5d299b46ab0e6928129ae0d79e528a?s=96&d=mm&r=g\",\"url\":\"https:\\\/\\\/secure.gravatar.com\\\/avatar\\\/62128a8e64953c282b330a12e5b592d8bc5d299b46ab0e6928129ae0d79e528a?s=96&d=mm&r=g\",\"contentUrl\":\"https:\\\/\\\/secure.gravatar.com\\\/avatar\\\/62128a8e64953c282b330a12e5b592d8bc5d299b46ab0e6928129ae0d79e528a?s=96&d=mm&r=g\",\"caption\":\"Editorial Staff\"},\"description\":\"La redazione di Anicecommunication \u00e8 composta da giornalisti, esperti di comunicazione e marketing, content manager e storyteller.\",\"sameAs\":[\"http:\\\/\\\/www.anicecommunication.com\",\"https:\\\/\\\/www.facebook.com\\\/anicecommunication\",\"https:\\\/\\\/x.com\\\/anicecom\"]}]}<\/script>\n<!-- \/ Yoast SEO plugin. -->","yoast_head_json":{"title":"EMN2026: Congresso Internazionale sul Mieloma Multiplo 2026","description":"Un congresso incentrato sulle pi\u00f9 attuali sfide diagnostiche e terapeutiche nel mieloma multiplo e sulle prospettive future della ricerca.","robots":{"index":"index","follow":"follow","max-snippet":"max-snippet:-1","max-image-preview":"max-image-preview:large","max-video-preview":"max-video-preview:-1"},"canonical":"https:\/\/www.anicecommunication.com\/it\/emn2026-nuove-terapie-e-sfide-cliniche-al-centro-del-congresso-internazionale-sul-mieloma-multiplo\/","og_locale":"it_IT","og_type":"article","og_title":"EMN2026: Congresso Internazionale sul Mieloma Multiplo 2026","og_description":"Un congresso incentrato sulle pi\u00f9 attuali sfide diagnostiche e terapeutiche nel mieloma multiplo e sulle prospettive future della ricerca.","og_url":"https:\/\/www.anicecommunication.com\/it\/emn2026-nuove-terapie-e-sfide-cliniche-al-centro-del-congresso-internazionale-sul-mieloma-multiplo\/","og_site_name":"IT Anice Communication","article_publisher":"https:\/\/www.facebook.com\/anicecommunication","article_author":"https:\/\/www.facebook.com\/anicecommunication","article_published_time":"2026-03-10T13:57:17+00:00","og_image":[{"width":871,"height":1200,"url":"https:\/\/www.anicecommunication.com\/it\/wp-content\/uploads\/sites\/3\/2026\/03\/260310-EMN-CONGRESS_1280.jpg","type":"image\/jpeg"}],"author":"Editorial Staff","twitter_misc":{"Scritto da":"Editorial Staff","Tempo di lettura stimato":"5 minuti"},"schema":{"@context":"https:\/\/schema.org","@graph":[{"@type":"Article","@id":"https:\/\/www.anicecommunication.com\/it\/emn2026-nuove-terapie-e-sfide-cliniche-al-centro-del-congresso-internazionale-sul-mieloma-multiplo\/#article","isPartOf":{"@id":"https:\/\/www.anicecommunication.com\/it\/emn2026-nuove-terapie-e-sfide-cliniche-al-centro-del-congresso-internazionale-sul-mieloma-multiplo\/"},"author":{"name":"Editorial Staff","@id":"https:\/\/www.anicecommunication.com\/it\/#\/schema\/person\/d8f9046f11c2ab1ff15f1d0d580184d8"},"headline":"EMN2026: Nuove terapie e sfide cliniche al centro del Congresso Internazionale sul Mieloma Multiplo","datePublished":"2026-03-10T13:57:17+00:00","mainEntityOfPage":{"@id":"https:\/\/www.anicecommunication.com\/it\/emn2026-nuove-terapie-e-sfide-cliniche-al-centro-del-congresso-internazionale-sul-mieloma-multiplo\/"},"wordCount":717,"publisher":{"@id":"https:\/\/www.anicecommunication.com\/it\/#organization"},"image":{"@id":"https:\/\/www.anicecommunication.com\/it\/emn2026-nuove-terapie-e-sfide-cliniche-al-centro-del-congresso-internazionale-sul-mieloma-multiplo\/#primaryimage"},"thumbnailUrl":"https:\/\/www.anicecommunication.com\/it\/wp-content\/uploads\/sites\/3\/2026\/03\/260310-EMN-CONGRESS_1280.jpg","keywords":["Congresso European Myeloma Network","EMN2026","mieloma multiplo","Ricerca Mieloma Multiplo"],"articleSection":["EMN","L'Ufficio Stampa","Press Room","What A Nice Blog!"],"inLanguage":"it-IT"},{"@type":"WebPage","@id":"https:\/\/www.anicecommunication.com\/it\/emn2026-nuove-terapie-e-sfide-cliniche-al-centro-del-congresso-internazionale-sul-mieloma-multiplo\/","url":"https:\/\/www.anicecommunication.com\/it\/emn2026-nuove-terapie-e-sfide-cliniche-al-centro-del-congresso-internazionale-sul-mieloma-multiplo\/","name":"EMN2026: Congresso Internazionale sul Mieloma Multiplo 2026","isPartOf":{"@id":"https:\/\/www.anicecommunication.com\/it\/#website"},"primaryImageOfPage":{"@id":"https:\/\/www.anicecommunication.com\/it\/emn2026-nuove-terapie-e-sfide-cliniche-al-centro-del-congresso-internazionale-sul-mieloma-multiplo\/#primaryimage"},"image":{"@id":"https:\/\/www.anicecommunication.com\/it\/emn2026-nuove-terapie-e-sfide-cliniche-al-centro-del-congresso-internazionale-sul-mieloma-multiplo\/#primaryimage"},"thumbnailUrl":"https:\/\/www.anicecommunication.com\/it\/wp-content\/uploads\/sites\/3\/2026\/03\/260310-EMN-CONGRESS_1280.jpg","datePublished":"2026-03-10T13:57:17+00:00","description":"Un congresso incentrato sulle pi\u00f9 attuali sfide diagnostiche e terapeutiche nel mieloma multiplo e sulle prospettive future della ricerca.","breadcrumb":{"@id":"https:\/\/www.anicecommunication.com\/it\/emn2026-nuove-terapie-e-sfide-cliniche-al-centro-del-congresso-internazionale-sul-mieloma-multiplo\/#breadcrumb"},"inLanguage":"it-IT","potentialAction":[{"@type":"ReadAction","target":["https:\/\/www.anicecommunication.com\/it\/emn2026-nuove-terapie-e-sfide-cliniche-al-centro-del-congresso-internazionale-sul-mieloma-multiplo\/"]}]},{"@type":"ImageObject","inLanguage":"it-IT","@id":"https:\/\/www.anicecommunication.com\/it\/emn2026-nuove-terapie-e-sfide-cliniche-al-centro-del-congresso-internazionale-sul-mieloma-multiplo\/#primaryimage","url":"https:\/\/www.anicecommunication.com\/it\/wp-content\/uploads\/sites\/3\/2026\/03\/260310-EMN-CONGRESS_1280.jpg","contentUrl":"https:\/\/www.anicecommunication.com\/it\/wp-content\/uploads\/sites\/3\/2026\/03\/260310-EMN-CONGRESS_1280.jpg","width":871,"height":1200},{"@type":"BreadcrumbList","@id":"https:\/\/www.anicecommunication.com\/it\/emn2026-nuove-terapie-e-sfide-cliniche-al-centro-del-congresso-internazionale-sul-mieloma-multiplo\/#breadcrumb","itemListElement":[{"@type":"ListItem","position":1,"name":"Home","item":"https:\/\/www.anicecommunication.com\/it\/"},{"@type":"ListItem","position":2,"name":"EMN2026: Nuove terapie e sfide cliniche al centro del Congresso Internazionale sul Mieloma Multiplo"}]},{"@type":"WebSite","@id":"https:\/\/www.anicecommunication.com\/it\/#website","url":"https:\/\/www.anicecommunication.com\/it\/","name":"IT Anice Communication","description":"Anicecommunication agenzia di pubbliche relazioni,  ufficio stampa, media relations, automotive e mobility a livello internazionale - Torino","publisher":{"@id":"https:\/\/www.anicecommunication.com\/it\/#organization"},"potentialAction":[{"@type":"SearchAction","target":{"@type":"EntryPoint","urlTemplate":"https:\/\/www.anicecommunication.com\/it\/?s={search_term_string}"},"query-input":{"@type":"PropertyValueSpecification","valueRequired":true,"valueName":"search_term_string"}}],"inLanguage":"it-IT"},{"@type":"Organization","@id":"https:\/\/www.anicecommunication.com\/it\/#organization","name":"Anice SRL - Agenzia di comunicazione, mobility and automotive media relations & PR in Italia, Europa","alternateName":"Anicecommunication","url":"https:\/\/www.anicecommunication.com\/it\/","logo":{"@type":"ImageObject","inLanguage":"it-IT","@id":"https:\/\/www.anicecommunication.com\/it\/#\/schema\/logo\/image\/","url":"https:\/\/www.anicecommunication.com\/it\/wp-content\/uploads\/sites\/3\/2023\/06\/Anice_696x696.jpg","contentUrl":"https:\/\/www.anicecommunication.com\/it\/wp-content\/uploads\/sites\/3\/2023\/06\/Anice_696x696.jpg","width":696,"height":696,"caption":"Anice SRL - Agenzia di comunicazione, mobility and automotive media relations & PR in Italia, Europa"},"image":{"@id":"https:\/\/www.anicecommunication.com\/it\/#\/schema\/logo\/image\/"},"sameAs":["https:\/\/www.facebook.com\/anicecommunication","https:\/\/x.com\/Anicecom","https:\/\/instagram.com\/anicecom\/","https:\/\/www.linkedin.com\/company\/anice-s-r-l-"]},{"@type":"Person","@id":"https:\/\/www.anicecommunication.com\/it\/#\/schema\/person\/d8f9046f11c2ab1ff15f1d0d580184d8","name":"Editorial Staff","image":{"@type":"ImageObject","inLanguage":"it-IT","@id":"https:\/\/secure.gravatar.com\/avatar\/62128a8e64953c282b330a12e5b592d8bc5d299b46ab0e6928129ae0d79e528a?s=96&d=mm&r=g","url":"https:\/\/secure.gravatar.com\/avatar\/62128a8e64953c282b330a12e5b592d8bc5d299b46ab0e6928129ae0d79e528a?s=96&d=mm&r=g","contentUrl":"https:\/\/secure.gravatar.com\/avatar\/62128a8e64953c282b330a12e5b592d8bc5d299b46ab0e6928129ae0d79e528a?s=96&d=mm&r=g","caption":"Editorial Staff"},"description":"La redazione di Anicecommunication \u00e8 composta da giornalisti, esperti di comunicazione e marketing, content manager e storyteller.","sameAs":["http:\/\/www.anicecommunication.com","https:\/\/www.facebook.com\/anicecommunication","https:\/\/x.com\/anicecom"]}]}},"_links":{"self":[{"href":"https:\/\/www.anicecommunication.com\/it\/wp-json\/wp\/v2\/posts\/23338","targetHints":{"allow":["GET"]}}],"collection":[{"href":"https:\/\/www.anicecommunication.com\/it\/wp-json\/wp\/v2\/posts"}],"about":[{"href":"https:\/\/www.anicecommunication.com\/it\/wp-json\/wp\/v2\/types\/post"}],"author":[{"embeddable":true,"href":"https:\/\/www.anicecommunication.com\/it\/wp-json\/wp\/v2\/users\/1"}],"replies":[{"embeddable":true,"href":"https:\/\/www.anicecommunication.com\/it\/wp-json\/wp\/v2\/comments?post=23338"}],"version-history":[{"count":3,"href":"https:\/\/www.anicecommunication.com\/it\/wp-json\/wp\/v2\/posts\/23338\/revisions"}],"predecessor-version":[{"id":23343,"href":"https:\/\/www.anicecommunication.com\/it\/wp-json\/wp\/v2\/posts\/23338\/revisions\/23343"}],"wp:featuredmedia":[{"embeddable":true,"href":"https:\/\/www.anicecommunication.com\/it\/wp-json\/wp\/v2\/media\/23339"}],"wp:attachment":[{"href":"https:\/\/www.anicecommunication.com\/it\/wp-json\/wp\/v2\/media?parent=23338"}],"wp:term":[{"taxonomy":"category","embeddable":true,"href":"https:\/\/www.anicecommunication.com\/it\/wp-json\/wp\/v2\/categories?post=23338"},{"taxonomy":"post_tag","embeddable":true,"href":"https:\/\/www.anicecommunication.com\/it\/wp-json\/wp\/v2\/tags?post=23338"}],"curies":[{"name":"wp","href":"https:\/\/api.w.org\/{rel}","templated":true}]}}